{"id":3284,"date":"2020-01-15T19:50:17","date_gmt":"2020-01-15T18:50:17","guid":{"rendered":"http:\/\/www.wolpertingersfc.de\/?p=3284"},"modified":"2020-01-15T19:56:07","modified_gmt":"2020-01-15T18:56:07","slug":"tauchkurs-dtsa-dtsa-1stern-2020","status":"publish","type":"post","link":"https:\/\/www.wolpertingersfc.de\/?p=3284","title":{"rendered":"Tauchkurs DTSA* \/ DTSA 1Stern 2020"},"content":{"rendered":"<p>&nbsp;<\/p>\n<p><img data-recalc-dims=\"1\" loading=\"lazy\" decoding=\"async\" data-attachment-id=\"776\" data-permalink=\"https:\/\/www.wolpertingersfc.de\/?attachment_id=776\" data-orig-file=\"https:\/\/i0.wp.com\/www.wolpertingersfc.de\/wp-content\/uploads\/2017\/04\/Tauchender_Wolpertinger-150x118.jpg?fit=150%2C118&amp;ssl=1\" data-orig-size=\"150,118\" data-comments-opened=\"1\" data-image-meta=\"{&quot;aperture&quot;:&quot;0&quot;,&quot;credit&quot;:&quot;&quot;,&quot;camera&quot;:&quot;&quot;,&quot;caption&quot;:&quot;&quot;,&quot;created_timestamp&quot;:&quot;1495272649&quot;,&quot;copyright&quot;:&quot;&quot;,&quot;focal_length&quot;:&quot;0&quot;,&quot;iso&quot;:&quot;0&quot;,&quot;shutter_speed&quot;:&quot;0&quot;,&quot;title&quot;:&quot;&quot;,&quot;orientation&quot;:&quot;1&quot;}\" data-image-title=\"Tauchender_Wolpertinger (150&amp;#215;118)\" data-image-description=\"\" data-image-caption=\"\" data-medium-file=\"https:\/\/i0.wp.com\/www.wolpertingersfc.de\/wp-content\/uploads\/2017\/04\/Tauchender_Wolpertinger-150x118.jpg?fit=150%2C118&amp;ssl=1\" data-large-file=\"https:\/\/i0.wp.com\/www.wolpertingersfc.de\/wp-content\/uploads\/2017\/04\/Tauchender_Wolpertinger-150x118.jpg?fit=150%2C118&amp;ssl=1\" class=\"alignnone wp-image-776\" src=\"https:\/\/i0.wp.com\/www.wolpertingersfc.de\/wp-content\/uploads\/2017\/04\/Tauchender_Wolpertinger.jpg?resize=178%2C140\" alt=\"\" width=\"178\" height=\"140\" srcset=\"https:\/\/i0.wp.com\/www.wolpertingersfc.de\/wp-content\/uploads\/2017\/04\/Tauchender_Wolpertinger-150x118.jpg?resize=150%2C118&amp;ssl=1 150w, https:\/\/i0.wp.com\/www.wolpertingersfc.de\/wp-content\/uploads\/2017\/04\/Tauchender_Wolpertinger-150x118.jpg?resize=137%2C108&amp;ssl=1 137w\" sizes=\"auto, (max-width: 178px) 100vw, 178px\" \/><img data-recalc-dims=\"1\" loading=\"lazy\" decoding=\"async\" data-attachment-id=\"1663\" data-permalink=\"https:\/\/www.wolpertingersfc.de\/?attachment_id=1663\" data-orig-file=\"https:\/\/i0.wp.com\/www.wolpertingersfc.de\/wp-content\/uploads\/2017\/10\/Wolpertinger_Allgemein-250x249.jpg?fit=212%2C232&amp;ssl=1\" data-orig-size=\"212,232\" data-comments-opened=\"1\" data-image-meta=\"{&quot;aperture&quot;:&quot;0&quot;,&quot;credit&quot;:&quot;&quot;,&quot;camera&quot;:&quot;&quot;,&quot;caption&quot;:&quot;&quot;,&quot;created_timestamp&quot;:&quot;1508934570&quot;,&quot;copyright&quot;:&quot;&quot;,&quot;focal_length&quot;:&quot;0&quot;,&quot;iso&quot;:&quot;0&quot;,&quot;shutter_speed&quot;:&quot;0&quot;,&quot;title&quot;:&quot;&quot;,&quot;orientation&quot;:&quot;1&quot;}\" data-image-title=\"Wolpertinger_Allgemein (250&amp;#215;249)\" data-image-description=\"\" data-image-caption=\"\" data-medium-file=\"https:\/\/i0.wp.com\/www.wolpertingersfc.de\/wp-content\/uploads\/2017\/10\/Wolpertinger_Allgemein-250x249.jpg?fit=212%2C232&amp;ssl=1\" data-large-file=\"https:\/\/i0.wp.com\/www.wolpertingersfc.de\/wp-content\/uploads\/2017\/10\/Wolpertinger_Allgemein-250x249.jpg?fit=212%2C232&amp;ssl=1\" class=\"wp-image-1663 alignright\" src=\"https:\/\/i0.wp.com\/www.wolpertingersfc.de\/wp-content\/uploads\/2017\/10\/Wolpertinger_Allgemein-250x249.jpg?resize=151%2C165\" alt=\"\" width=\"151\" height=\"165\" srcset=\"https:\/\/i0.wp.com\/www.wolpertingersfc.de\/wp-content\/uploads\/2017\/10\/Wolpertinger_Allgemein-250x249.jpg?w=212&amp;ssl=1 212w, https:\/\/i0.wp.com\/www.wolpertingersfc.de\/wp-content\/uploads\/2017\/10\/Wolpertinger_Allgemein-250x249.jpg?resize=99%2C108&amp;ssl=1 99w\" sizes=\"auto, (max-width: 151px) 100vw, 151px\" \/><\/p>\n<p>&nbsp;<\/p>\n<p>Das Ausbilderteam des Wolpertinger SFC bietet auch im Jahr 2020 mit qualifizierten \u00dcbungsleitern und Tauchlehrern einen Tauchkurs nach international g\u00fcltigen VDST-\/CMAS-Standards an.<br \/>\nZiel ist es, die Grundkenntnisse des Tauchens in Theorie und Praxis zu erlernen, um nach Abschluss des Tauchkurses an von erfahrenen Tauchern gef\u00fchrten Tauchg\u00e4ngen teilnehmen zu k\u00f6nnen. Die Brevetierung erfolgt gem\u00e4\u00df VDST-\/CMAS-Richtlinien als DTSA* \/ VDST-CMAS-Taucher*.<\/p>\n<p><strong>\u00a0<\/strong><strong><u>Voraussetzungen<br \/>\n<\/u><\/strong>Mindestalter von 14 Jahren. Bei Minderj\u00e4hrigen ist eine Einverst\u00e4ndniserkl\u00e4rung aller Erziehungsberechtigter (in der Regel beide Elternteile) erforderlich. Eine g\u00fcltige Tauchtauglichkeitsbescheinigung muss sp\u00e4testens zur Praxisausbildung vorliegen.<\/p>\n<p><strong><u>\u00a0<\/u><\/strong><strong><u>Inhalt<\/u><\/strong><\/p>\n<ul>\n<li>Theorieunterricht inkl. Unterlagen<\/li>\n<li>Lehrbuch<\/li>\n<li>Taucherpass, Logbuch, Dekotabellen<\/li>\n<li>Praxisgrundausbildung mit ABC und DTG (Drucklufttauchger\u00e4t) im Freibad<\/li>\n<li>5 Freigew\u00e4ssertauchg\u00e4nge mit dem DTG inkl. Ausr\u00fcstung<\/li>\n<li>Pr\u00fcfungsgeb\u00fchren Theorie und Praxis<\/li>\n<\/ul>\n<p><strong><u>Kosten<br \/>\n<\/u><\/strong>Vereinsmitglieder Wolpertinger SFC: \u00a0\u00a0\u00a0 \u00a0\u00a0\u00a0 <strong>260 \u20ac<br \/>\n<\/strong>Nichtmitglieder:\u00a0\u00a0\u00a0\u00a0\u00a0\u00a0\u00a0\u00a0\u00a0\u00a0\u00a0\u00a0\u00a0\u00a0\u00a0\u00a0\u00a0\u00a0\u00a0\u00a0\u00a0 \u00a0\u00a0\u00a0\u00a0\u00a0\u00a0\u00a0\u00a0\u00a0\u00a0\u00a0\u00a0\u00a0\u00a0\u00a0 \u00a0\u00a0\u00a0\u00a0\u00a0\u00a0\u00a0 <strong>300 \u20ac<\/strong><\/p>\n<p><strong><u>Termine<br \/>\n<\/u><\/strong><strong>Theorieunterricht <\/strong>findet am <strong>25. und 26.04<\/strong>.<strong>2020 <\/strong>statt<br \/>\n<strong>Praxisausbildung<\/strong> <strong>ab Mai<\/strong> im Freibad Reutlingen, immer <strong>Samstags 8.50 \u2013 10.30 Uhr<br \/>\n<\/strong><strong>Freigew\u00e4ssertauchg\u00e4nge<\/strong> im <strong>Plansee, \u00d6sterreich, 02. \u2013 05.07.2020<\/strong><\/p>\n<p><strong>\u00a0<\/strong><strong><u>Anmeldung<br \/>\n<\/u><\/strong>Anmeldung bis zum <strong>01.04.2020<\/strong> per Mail an den Kursleiter und durch \u00dcberweisung der Kursgeb\u00fchr <strong>vor Kursbeginn<\/strong> auf das Konto des Wolpertinger SFC.<\/p>\n","protected":false},"excerpt":{"rendered":"<p>&nbsp; &nbsp; Das Ausbilderteam des Wolpertinger SFC bietet auch im Jahr 2020 mit qualifizierten \u00dcbungsleitern und Tauchlehrern einen Tauchkurs nach international g\u00fcltigen VDST-\/CMAS-Standards an. Ziel ist es, die Grundkenntnisse des Tauchens in Theorie und Praxis zu erlernen, um nach Abschluss des Tauchkurses an von erfahrenen Tauchern gef\u00fchrten Tauchg\u00e4ngen teilnehmen zu k\u00f6nnen. Die Brevetierung erfolgt gem\u00e4\u00df &hellip; <a href=\"https:\/\/www.wolpertingersfc.de\/?p=3284\" class=\"more-link\"><span class=\"screen-reader-text\">Tauchkurs DTSA* \/ DTSA 1Stern 2020<\/span> weiterlesen<\/a><\/p>\n","protected":false},"author":1,"featured_media":0,"comment_status":"open","ping_status":"open","sticky":false,"template":"","format":"standard","meta":{"jetpack_post_was_ever_published":false,"_jetpack_newsletter_access":"","_jetpack_dont_email_post_to_subs":false,"_jetpack_newsletter_tier_id":0,"_jetpack_memberships_contains_paywalled_content":false,"_jetpack_memberships_contains_paid_content":false,"footnotes":"","jetpack_publicize_message":"","jetpack_publicize_feature_enabled":true,"jetpack_social_post_already_shared":true,"jetpack_social_options":{"image_generator_settings":{"template":"highway","default_image_id":0,"font":"","enabled":false},"version":2}},"categories":[8],"tags":[],"class_list":["post-3284","post","type-post","status-publish","format-standard","hentry","category-tauchen"],"jetpack_publicize_connections":[],"jetpack_featured_media_url":"","jetpack_sharing_enabled":true,"jetpack_shortlink":"https:\/\/wp.me\/p8FTYK-QY","jetpack-related-posts":[{"id":3580,"url":"https:\/\/www.wolpertingersfc.de\/?p=3580","url_meta":{"origin":3284,"position":0},"title":"Tauchkurs 2023 DTSA* \/ GDL* Sports Diver","author":"Wolpertingersfc","date":"26. M\u00e4rz 2023","format":false,"excerpt":"Das Ausbilderteam des Wolpertinger SFC bietet auch im Jahr 2023 mit qualifizierten \u00dcbungsleitern und Tauchlehrern einen Tauchkurs nach international g\u00fcltigen VDST-\/CMAS-Standards an. Ziel ist es, die Grundkenntnisse des Tauchens in Theorie und Praxis zu erlernen, um nach Abschluss des Tauchkurses an von erfahrenen Tauchern gef\u00fchrten Tauchg\u00e4ngen teilnehmen zu k\u00f6nnen. Die\u2026","rel":"","context":"\u00c4hnlicher Beitrag","block_context":{"text":"\u00c4hnlicher Beitrag","link":""},"img":{"alt_text":"","src":"","width":0,"height":0},"classes":[]},{"id":2793,"url":"https:\/\/www.wolpertingersfc.de\/?p=2793","url_meta":{"origin":3284,"position":1},"title":"Tauchkurs Grundtauchschein \/ CMAS* 2019","author":"Wolpertingersfc","date":"1. M\u00e4rz 2019","format":false,"excerpt":"Das Ausbilderteam des Wolpertinger SFC bietet auch im Jahr 2019 mit qualifizierten \u00dcbungsleitern und Tauchlehrern einen Tauch-Grundkurs an. Ziel: Die Grundkenntnisse des Tauchens in Theorie und Praxis zu erlernen. Nach Abschluss des Tauchkurses soll er\/sie sicher an von erfahrenen Tauchern gef\u00fchrten Tauchg\u00e4ngen teilnehmen k\u00f6nnen. Voraussetzungen: Mindestalter von 14 Jahren. Bei\u2026","rel":"","context":"In &quot;Tauchen&quot;","block_context":{"text":"Tauchen","link":"https:\/\/www.wolpertingersfc.de\/?cat=8"},"img":{"alt_text":"","src":"","width":0,"height":0},"classes":[]},{"id":3601,"url":"https:\/\/www.wolpertingersfc.de\/?p=3601","url_meta":{"origin":3284,"position":2},"title":"Wolpertinger-Radtour 2023 17.-20.06.2023","author":"Wolpertingersfc","date":"28. Juli 2023","format":false,"excerpt":"Unsere diesj\u00e4hrige Wolpertinger-Radtour ging dieses Mal in das sch\u00f6ne Oberbayern. Unser Startpunkt der Tour war Gauting im S\u00fcden von M\u00fcnchen. Von dort aus radelten wir \u00fcber Schlehdorf am Kochelsee nach Fall am Sylvensteinsee, zum Walchensee zum Baden und wieder zur\u00fcck nach Gauting zu unserem Startpunkt. In 4 Tagen bew\u00e4ltigten wir\u2026","rel":"","context":"\u00c4hnlicher Beitrag","block_context":{"text":"\u00c4hnlicher Beitrag","link":""},"img":{"alt_text":"","src":"https:\/\/i0.wp.com\/www.wolpertingersfc.de\/wp-content\/uploads\/2023\/07\/Bild1.png?resize=350%2C200","width":350,"height":200,"srcset":"https:\/\/i0.wp.com\/www.wolpertingersfc.de\/wp-content\/uploads\/2023\/07\/Bild1.png?resize=350%2C200 1x, https:\/\/i0.wp.com\/www.wolpertingersfc.de\/wp-content\/uploads\/2023\/07\/Bild1.png?resize=525%2C300 1.5x"},"classes":[]},{"id":3720,"url":"https:\/\/www.wolpertingersfc.de\/?p=3720","url_meta":{"origin":3284,"position":3},"title":"Notfalltasche zur Laienreanimation","author":"Wolpertingersfc","date":"2. Dezember 2024","format":false,"excerpt":"Im Rahmen des Projektes \"Herzsicher\" hat die Bj\u00f6rn Steiger Stiftung die Vision, m\u00f6glichst viele Personen in der Laienreanimation auszubilden und alle Vereine kostenlos mit einer Notfalltasche zur Laienreanimation auszustatten. Diese Initiative zielt darauf ab, die Sicherheit in Sportvereinen zu erh\u00f6hen und im Ernstfall schnelle, lebensrettende Ma\u00dfnahmen zu erm\u00f6glichen. Das Projekt\u2026","rel":"","context":"\u00c4hnlicher Beitrag","block_context":{"text":"\u00c4hnlicher Beitrag","link":""},"img":{"alt_text":"","src":"https:\/\/i0.wp.com\/www.wolpertingersfc.de\/wp-content\/uploads\/2024\/12\/Bild4.png?resize=350%2C200","width":350,"height":200},"classes":[]},{"id":2429,"url":"https:\/\/www.wolpertingersfc.de\/?p=2429","url_meta":{"origin":3284,"position":4},"title":"Wolpertinger-Radtour 2018","author":"Wolpertingersfc","date":"15. Juni 2018","format":false,"excerpt":"Unsere 4-t\u00e4gige Wolpertinger-Radtour f\u00fchrte uns in diesem Jahr \u00fcber das Iller-, Wertach- und Lechtal von Ulm nach Augsburg. Nachdem alle 19 Teilnehmer, der j\u00fcngste Radler 17 Jahre und der \u00e4lteste Radler 76 Jahre alt, das Gep\u00e4ck und die Fahrr\u00e4der im Begleitfahrzeug verladen hatten, fuhren wir mit Bus und Bahn nach\u2026","rel":"","context":"In &quot;Radsport&quot;","block_context":{"text":"Radsport","link":"https:\/\/www.wolpertingersfc.de\/?cat=14"},"img":{"alt_text":"","src":"https:\/\/i0.wp.com\/www.wolpertingersfc.de\/wp-content\/uploads\/2018\/06\/2018-06-03-Radtour-Titelbild-444x333.jpg?resize=350%2C200","width":350,"height":200},"classes":[]},{"id":3640,"url":"https:\/\/www.wolpertingersfc.de\/?p=3640","url_meta":{"origin":3284,"position":5},"title":"Hinter die Kulissen des Gl\u00fchweinverkaufs","author":"Wolpertingersfc","date":"18. Dezember 2023","format":false,"excerpt":"Mir ist bewusst, wenn Ihr diesen Bericht lest, ist der Winter bereits vorbei und niemand denkt an den Gl\u00fchweinverkauf. Aber es mit hoher Wahrscheinlichkeit noch weitere Gl\u00fchweinverk\u00e4ufe geben, daher hier mal ein Blick auf die Organisation. Einige Wochen vor dem Gl\u00fchweinverkauf befasst sich der Ausschuss mit dem Thema, dabei geht\u2026","rel":"","context":"\u00c4hnlicher Beitrag","block_context":{"text":"\u00c4hnlicher Beitrag","link":""},"img":{"alt_text":"","src":"https:\/\/i0.wp.com\/www.wolpertingersfc.de\/wp-content\/uploads\/2023\/12\/Bild4-300x225.png?resize=350%2C200","width":350,"height":200},"classes":[]}],"_links":{"self":[{"href":"https:\/\/www.wolpertingersfc.de\/index.php?rest_route=\/wp\/v2\/posts\/3284","targetHints":{"allow":["GET"]}}],"collection":[{"href":"https:\/\/www.wolpertingersfc.de\/index.php?rest_route=\/wp\/v2\/posts"}],"about":[{"href":"https:\/\/www.wolpertingersfc.de\/index.php?rest_route=\/wp\/v2\/types\/post"}],"author":[{"embeddable":true,"href":"https:\/\/www.wolpertingersfc.de\/index.php?rest_route=\/wp\/v2\/users\/1"}],"replies":[{"embeddable":true,"href":"https:\/\/www.wolpertingersfc.de\/index.php?rest_route=%2Fwp%2Fv2%2Fcomments&post=3284"}],"version-history":[{"count":6,"href":"https:\/\/www.wolpertingersfc.de\/index.php?rest_route=\/wp\/v2\/posts\/3284\/revisions"}],"predecessor-version":[{"id":3290,"href":"https:\/\/www.wolpertingersfc.de\/index.php?rest_route=\/wp\/v2\/posts\/3284\/revisions\/3290"}],"wp:attachment":[{"href":"https:\/\/www.wolpertingersfc.de\/index.php?rest_route=%2Fwp%2Fv2%2Fmedia&parent=3284"}],"wp:term":[{"taxonomy":"category","embeddable":true,"href":"https:\/\/www.wolpertingersfc.de\/index.php?rest_route=%2Fwp%2Fv2%2Fcategories&post=3284"},{"taxonomy":"post_tag","embeddable":true,"href":"https:\/\/www.wolpertingersfc.de\/index.php?rest_route=%2Fwp%2Fv2%2Ftags&post=3284"}],"curies":[{"name":"wp","href":"https:\/\/api.w.org\/{rel}","templated":true}]}}