{"id":3741,"date":"2025-03-15T21:38:57","date_gmt":"2025-03-15T20:38:57","guid":{"rendered":"https:\/\/www.wolpertingersfc.de\/?p=3741"},"modified":"2025-03-15T21:40:04","modified_gmt":"2025-03-15T20:40:04","slug":"hospitation-im-hallenbadtraining","status":"publish","type":"post","link":"http:\/\/www.wolpertingersfc.de\/?p=3741","title":{"rendered":"Hospitation im Hallenbadtraining"},"content":{"rendered":"<p>Zur \u00dcbungsleiter C Ausbildung geh\u00f6rt eine Hospitation in einem anderen Verein.<\/p>\n<p>Benjamin Hofmann vom Tauchclub Pfullingen hat bei uns am 23.02. und 02.03. das Training geleitet. Es war f\u00fcr ihn ein anderes Hallenbad und komplett unbekannte Gesichter und er kannte unser Leistungsniveau nicht und musste es entsprechend anpassen. Nach dem Training hat er von uns ein feedback erhalten.<\/p>\n<p>Allen Trainingsteilnehmern hat es viel Spass gemacht und sie waren hochmotiviert bei der Sache.<\/p>\n<p><img data-recalc-dims=\"1\" loading=\"lazy\" decoding=\"async\" data-attachment-id=\"3742\" data-permalink=\"http:\/\/www.wolpertingersfc.de\/?attachment_id=3742\" data-orig-file=\"https:\/\/i0.wp.com\/www.wolpertingersfc.de\/wp-content\/uploads\/2025\/03\/Bild1.png?fit=605%2C438\" data-orig-size=\"605,438\" data-comments-opened=\"1\" data-image-meta=\"{&quot;aperture&quot;:&quot;0&quot;,&quot;credit&quot;:&quot;&quot;,&quot;camera&quot;:&quot;&quot;,&quot;caption&quot;:&quot;&quot;,&quot;created_timestamp&quot;:&quot;0&quot;,&quot;copyright&quot;:&quot;&quot;,&quot;focal_length&quot;:&quot;0&quot;,&quot;iso&quot;:&quot;0&quot;,&quot;shutter_speed&quot;:&quot;0&quot;,&quot;title&quot;:&quot;&quot;,&quot;orientation&quot;:&quot;0&quot;}\" data-image-title=\"Bild1\" data-image-description=\"\" data-image-caption=\"\" data-medium-file=\"https:\/\/i0.wp.com\/www.wolpertingersfc.de\/wp-content\/uploads\/2025\/03\/Bild1.png?fit=300%2C217\" data-large-file=\"https:\/\/i0.wp.com\/www.wolpertingersfc.de\/wp-content\/uploads\/2025\/03\/Bild1.png?fit=605%2C438\" class=\"size-full wp-image-3742 alignnone\" src=\"https:\/\/i0.wp.com\/www.wolpertingersfc.de\/wp-content\/uploads\/2025\/03\/Bild1.png?resize=605%2C438\" alt=\"\" width=\"605\" height=\"438\" srcset=\"https:\/\/i0.wp.com\/www.wolpertingersfc.de\/wp-content\/uploads\/2025\/03\/Bild1.png?w=605 605w, https:\/\/i0.wp.com\/www.wolpertingersfc.de\/wp-content\/uploads\/2025\/03\/Bild1.png?resize=300%2C217 300w, https:\/\/i0.wp.com\/www.wolpertingersfc.de\/wp-content\/uploads\/2025\/03\/Bild1.png?resize=149%2C108 149w\" sizes=\"auto, (max-width: 605px) 100vw, 605px\" \/><\/p>\n<p>Ein Dankesch\u00f6n an Benjamin Hofmann und wir w\u00fcnschen ihm viel Erfolg bei seiner weiteren Trainer C Ausbildung und geplanten Tauchlehrer Ausbildung.<\/p>\n<p>Wie kennen uns nun und haben schon etwas philosophiert, was wir zuk\u00fcnftig gemeinsam machen k\u00f6nnten. Seid gespannt.<\/p>\n<p>Hartmut<\/p>\n","protected":false},"excerpt":{"rendered":"<p>Zur \u00dcbungsleiter C Ausbildung geh\u00f6rt eine Hospitation in einem anderen Verein. Benjamin Hofmann vom Tauchclub Pfullingen hat bei uns am 23.02. und 02.03. das Training geleitet. Es war f\u00fcr ihn ein anderes Hallenbad und komplett unbekannte Gesichter und er kannte unser Leistungsniveau nicht und musste es entsprechend anpassen. Nach dem Training hat er von uns &hellip; <a href=\"http:\/\/www.wolpertingersfc.de\/?p=3741\" class=\"more-link\"><span class=\"screen-reader-text\">Hospitation im Hallenbadtraining<\/span> weiterlesen<\/a><\/p>\n","protected":false},"author":1,"featured_media":0,"comment_status":"open","ping_status":"open","sticky":false,"template":"","format":"standard","meta":{"jetpack_post_was_ever_published":false,"_jetpack_newsletter_access":"","_jetpack_dont_email_post_to_subs":false,"_jetpack_newsletter_tier_id":0,"_jetpack_memberships_contains_paywalled_content":false,"_jetpack_memberships_contains_paid_content":false,"footnotes":"","jetpack_publicize_message":"","jetpack_publicize_feature_enabled":true,"jetpack_social_post_already_shared":true,"jetpack_social_options":{"image_generator_settings":{"template":"highway","default_image_id":0,"font":"","enabled":false},"version":2}},"categories":[1],"tags":[],"class_list":["post-3741","post","type-post","status-publish","format-standard","hentry","category-uncategorized"],"jetpack_publicize_connections":[],"jetpack_featured_media_url":"","jetpack_sharing_enabled":true,"jetpack_shortlink":"https:\/\/wp.me\/p8FTYK-Yl","jetpack-related-posts":[{"id":2327,"url":"http:\/\/www.wolpertingersfc.de\/?p=2327","url_meta":{"origin":3741,"position":0},"title":"Orientalisches Tanzen","author":"Wolpertingersfc","date":"8. April 2018","format":false,"excerpt":"Seit dem 9.1.2018 hat sich nun eine sehr nette kleine Gruppe von Frauen auf den gemeinsamen Weg des orientalischen Tanzes im Lockschuppen gemacht. Im Aufw\u00e4rmtraining hat Johanna, unsere Tanzlehrerin, daf\u00fcr gesorgt, dass es uns warm wird, wir unseren K\u00f6rper wahrnehmen und uns aufrichten. Zudem konnten wir den Alltagstress f\u00fcr eine\u2026","rel":"","context":"\u00c4hnlicher Beitrag","block_context":{"text":"\u00c4hnlicher Beitrag","link":""},"img":{"alt_text":"","src":"https:\/\/i0.wp.com\/www.wolpertingersfc.de\/wp-content\/uploads\/2018\/04\/Orientalisch-Tanzen.jpg?resize=350%2C200","width":350,"height":200},"classes":[]},{"id":3291,"url":"http:\/\/www.wolpertingersfc.de\/?p=3291","url_meta":{"origin":3741,"position":1},"title":"Wanderung der Wolpertinger am 6. Januar 2020","author":"Wolpertingersfc","date":"23. Januar 2020","format":false,"excerpt":"Bei sonnigem Wetter trafen sich \u00fcber 20 Wolpertinger zur traditionellen Wanderung am 6. Januar. Unser Startpunkt war am \u00d6schinger Wasserh\u00e4usle. Der steile Aufstieg am S\u00fcdhang f\u00fchrte uns zum Sch\u00f6nberger Kapf. \u00dcber das Ro\u00dffeld gelangten wir zu unserem Rastplatz. Dort wurde das restliche Weihnachtsgeb\u00e4ck angeboten und an alle Leckerm\u00e4uler verteilt. Nat\u00fcrlich\u2026","rel":"","context":"\u00c4hnlicher Beitrag","block_context":{"text":"\u00c4hnlicher Beitrag","link":""},"img":{"alt_text":"","src":"https:\/\/i0.wp.com\/www.wolpertingersfc.de\/wp-content\/uploads\/2020\/01\/P1070482-1024x576-300x169.jpg?resize=350%2C200","width":350,"height":200},"classes":[]},{"id":2429,"url":"http:\/\/www.wolpertingersfc.de\/?p=2429","url_meta":{"origin":3741,"position":2},"title":"Wolpertinger-Radtour 2018","author":"Wolpertingersfc","date":"15. Juni 2018","format":false,"excerpt":"Unsere 4-t\u00e4gige Wolpertinger-Radtour f\u00fchrte uns in diesem Jahr \u00fcber das Iller-, Wertach- und Lechtal von Ulm nach Augsburg. Nachdem alle 19 Teilnehmer, der j\u00fcngste Radler 17 Jahre und der \u00e4lteste Radler 76 Jahre alt, das Gep\u00e4ck und die Fahrr\u00e4der im Begleitfahrzeug verladen hatten, fuhren wir mit Bus und Bahn nach\u2026","rel":"","context":"In &quot;Radsport&quot;","block_context":{"text":"Radsport","link":"http:\/\/www.wolpertingersfc.de\/?cat=14"},"img":{"alt_text":"","src":"https:\/\/i0.wp.com\/www.wolpertingersfc.de\/wp-content\/uploads\/2018\/06\/2018-06-03-Radtour-Titelbild-444x333.jpg?resize=350%2C200","width":350,"height":200},"classes":[]},{"id":2927,"url":"http:\/\/www.wolpertingersfc.de\/?p=2927","url_meta":{"origin":3741,"position":3},"title":"Wolpertinger-Radtour 2019 &#8211; 8.-11.06.2019","author":"Wolpertingersfc","date":"18. Juni 2019","format":false,"excerpt":"Unsere allj\u00e4hrliche beliebte Wolpertinger-Radtour ging dieses Mal von Ingolstadt durch das sch\u00f6ne Altm\u00fchltal nach N\u00fcrnberg. Am fr\u00fchen Samstagmorgen trafen sich 20 Radler, um mit Bus und Bahn nach Ingolstadt zu fahren. Dort gesellte sich der 21. Radler der Gruppe hinzu. Ute und Gerold fuhren mit dem Begleitfahrzeug und dem Fahrradanh\u00e4nger\u2026","rel":"","context":"In &quot;Radsport&quot;","block_context":{"text":"Radsport","link":"http:\/\/www.wolpertingersfc.de\/?cat=14"},"img":{"alt_text":"","src":"https:\/\/i0.wp.com\/www.wolpertingersfc.de\/wp-content\/uploads\/2019\/06\/Bild_3.jpg?resize=350%2C200","width":350,"height":200,"srcset":"https:\/\/i0.wp.com\/www.wolpertingersfc.de\/wp-content\/uploads\/2019\/06\/Bild_3.jpg?resize=350%2C200 1x, https:\/\/i0.wp.com\/www.wolpertingersfc.de\/wp-content\/uploads\/2019\/06\/Bild_3.jpg?resize=525%2C300 1.5x, https:\/\/i0.wp.com\/www.wolpertingersfc.de\/wp-content\/uploads\/2019\/06\/Bild_3.jpg?resize=700%2C400 2x, https:\/\/i0.wp.com\/www.wolpertingersfc.de\/wp-content\/uploads\/2019\/06\/Bild_3.jpg?resize=1050%2C600 3x, https:\/\/i0.wp.com\/www.wolpertingersfc.de\/wp-content\/uploads\/2019\/06\/Bild_3.jpg?resize=1400%2C800 4x"},"classes":[]},{"id":3694,"url":"http:\/\/www.wolpertingersfc.de\/?p=3694","url_meta":{"origin":3741,"position":4},"title":"Wolpertinger Radtour vom 29.6.- 2.7.2024","author":"Wolpertingersfc","date":"4. Juli 2024","format":false,"excerpt":"Am fr\u00fchen Samstag starteten 20 Wolpertinger von U 30 bis \u00dc 80 in G\u00f6nningen ihre Tour. Bei gut 30 Grad radelten wir \u00fcber T\u00fcbingen, Herrenberg zur Mittagsrast nach Affst\u00e4tt, dann weiter nach Calw, wo eine Abk\u00fchlung mit Eisbecher und kalten Getr\u00e4nken dringend n\u00f6tig war. Nach 70 km erreichten wir unser\u2026","rel":"","context":"\u00c4hnlicher Beitrag","block_context":{"text":"\u00c4hnlicher Beitrag","link":""},"img":{"alt_text":"","src":"https:\/\/i0.wp.com\/www.wolpertingersfc.de\/wp-content\/uploads\/2024\/07\/2024-07-03-Gruppenbild-Radtour.jpg?resize=350%2C200","width":350,"height":200,"srcset":"https:\/\/i0.wp.com\/www.wolpertingersfc.de\/wp-content\/uploads\/2024\/07\/2024-07-03-Gruppenbild-Radtour.jpg?resize=350%2C200 1x, https:\/\/i0.wp.com\/www.wolpertingersfc.de\/wp-content\/uploads\/2024\/07\/2024-07-03-Gruppenbild-Radtour.jpg?resize=525%2C300 1.5x, https:\/\/i0.wp.com\/www.wolpertingersfc.de\/wp-content\/uploads\/2024\/07\/2024-07-03-Gruppenbild-Radtour.jpg?resize=700%2C400 2x, https:\/\/i0.wp.com\/www.wolpertingersfc.de\/wp-content\/uploads\/2024\/07\/2024-07-03-Gruppenbild-Radtour.jpg?resize=1050%2C600 3x, https:\/\/i0.wp.com\/www.wolpertingersfc.de\/wp-content\/uploads\/2024\/07\/2024-07-03-Gruppenbild-Radtour.jpg?resize=1400%2C800 4x"},"classes":[]},{"id":3203,"url":"http:\/\/www.wolpertingersfc.de\/?p=3203","url_meta":{"origin":3741,"position":5},"title":"B\u00e4nkleswanderung der Wolpertinger am 15. September 2019","author":"Wolpertingersfc","date":"16. September 2019","format":false,"excerpt":"P\u00fcnktlich um 11 Uhr trafen sich vorletzten Sonntag 30 Wolpertinger und G\u00e4ste am Parkplatz Lenzensteigle zu einer Wanderung rund um G\u00f6nningen. Bei sommerlichem Wetter ging es erst \u00fcber die Plattach, dann bergauf Richtung Sch\u00fctzenhaus. Zuvor legten wir eine Pause beim Tennis- Familientag ein, um uns zu st\u00e4rken. Immer wieder konnten\u2026","rel":"","context":"\u00c4hnlicher Beitrag","block_context":{"text":"\u00c4hnlicher Beitrag","link":""},"img":{"alt_text":"","src":"https:\/\/i0.wp.com\/www.wolpertingersfc.de\/wp-content\/uploads\/2019\/09\/P1070282-1024x577.jpg?resize=350%2C200","width":350,"height":200,"srcset":"https:\/\/i0.wp.com\/www.wolpertingersfc.de\/wp-content\/uploads\/2019\/09\/P1070282-1024x577.jpg?resize=350%2C200 1x, https:\/\/i0.wp.com\/www.wolpertingersfc.de\/wp-content\/uploads\/2019\/09\/P1070282-1024x577.jpg?resize=525%2C300 1.5x, https:\/\/i0.wp.com\/www.wolpertingersfc.de\/wp-content\/uploads\/2019\/09\/P1070282-1024x577.jpg?resize=700%2C400 2x"},"classes":[]}],"_links":{"self":[{"href":"http:\/\/www.wolpertingersfc.de\/index.php?rest_route=\/wp\/v2\/posts\/3741","targetHints":{"allow":["GET"]}}],"collection":[{"href":"http:\/\/www.wolpertingersfc.de\/index.php?rest_route=\/wp\/v2\/posts"}],"about":[{"href":"http:\/\/www.wolpertingersfc.de\/index.php?rest_route=\/wp\/v2\/types\/post"}],"author":[{"embeddable":true,"href":"http:\/\/www.wolpertingersfc.de\/index.php?rest_route=\/wp\/v2\/users\/1"}],"replies":[{"embeddable":true,"href":"http:\/\/www.wolpertingersfc.de\/index.php?rest_route=%2Fwp%2Fv2%2Fcomments&post=3741"}],"version-history":[{"count":2,"href":"http:\/\/www.wolpertingersfc.de\/index.php?rest_route=\/wp\/v2\/posts\/3741\/revisions"}],"predecessor-version":[{"id":3744,"href":"http:\/\/www.wolpertingersfc.de\/index.php?rest_route=\/wp\/v2\/posts\/3741\/revisions\/3744"}],"wp:attachment":[{"href":"http:\/\/www.wolpertingersfc.de\/index.php?rest_route=%2Fwp%2Fv2%2Fmedia&parent=3741"}],"wp:term":[{"taxonomy":"category","embeddable":true,"href":"http:\/\/www.wolpertingersfc.de\/index.php?rest_route=%2Fwp%2Fv2%2Fcategories&post=3741"},{"taxonomy":"post_tag","embeddable":true,"href":"http:\/\/www.wolpertingersfc.de\/index.php?rest_route=%2Fwp%2Fv2%2Ftags&post=3741"}],"curies":[{"name":"wp","href":"https:\/\/api.w.org\/{rel}","templated":true}]}}