{"id":3704,"date":"2024-09-23T18:09:33","date_gmt":"2024-09-23T16:09:33","guid":{"rendered":"https:\/\/www.wolpertingersfc.de\/?p=3704"},"modified":"2024-09-23T18:16:47","modified_gmt":"2024-09-23T16:16:47","slug":"bouleplatzeinweihung-und-bouleturnier","status":"publish","type":"post","link":"http:\/\/www.wolpertingersfc.de\/?p=3704","title":{"rendered":"Bouleplatzeinweihung und Bouleturnier"},"content":{"rendered":"<p>Endlich war es soweit, der Bouleplatz G\u00f6nningen konnte am 08.September 2024 mit einem \u00fcberaus spannenden und kurzweiligen Bouleturnier mit sage und schreibe 18 Mann(Frau)schaften sowie den Reden der Bezirksb\u00fcrgermeisterin Christel Pahl und den Vereinsvorsitzenden Klaus-Dieter Modrow vom Wolpertinger Sport- und Freizeitclub e.V. und Markus Scheurer von der TG G\u00f6nningen eingeweiht werden.<\/p>\n<p><a href=\"https:\/\/i0.wp.com\/www.wolpertingersfc.de\/wp-content\/uploads\/2024\/09\/20240723_152711-scaled.jpg\"><img data-recalc-dims=\"1\" loading=\"lazy\" decoding=\"async\" data-attachment-id=\"3705\" data-permalink=\"http:\/\/www.wolpertingersfc.de\/?attachment_id=3705\" data-orig-file=\"https:\/\/i0.wp.com\/www.wolpertingersfc.de\/wp-content\/uploads\/2024\/09\/20240723_152711-scaled.jpg?fit=2560%2C1920\" data-orig-size=\"2560,1920\" data-comments-opened=\"1\" data-image-meta=\"{&quot;aperture&quot;:&quot;1.8&quot;,&quot;credit&quot;:&quot;&quot;,&quot;camera&quot;:&quot;SM-A336B&quot;,&quot;caption&quot;:&quot;&quot;,&quot;created_timestamp&quot;:&quot;1721748431&quot;,&quot;copyright&quot;:&quot;&quot;,&quot;focal_length&quot;:&quot;4.65&quot;,&quot;iso&quot;:&quot;32&quot;,&quot;shutter_speed&quot;:&quot;0.00058997050147493&quot;,&quot;title&quot;:&quot;&quot;,&quot;orientation&quot;:&quot;1&quot;}\" data-image-title=\"20240723_152711\" data-image-description=\"\" data-image-caption=\"\" data-medium-file=\"https:\/\/i0.wp.com\/www.wolpertingersfc.de\/wp-content\/uploads\/2024\/09\/20240723_152711-scaled.jpg?fit=300%2C225\" data-large-file=\"https:\/\/i0.wp.com\/www.wolpertingersfc.de\/wp-content\/uploads\/2024\/09\/20240723_152711-scaled.jpg?fit=863%2C647\" class=\"wp-image-3705 size-medium alignleft\" src=\"https:\/\/i0.wp.com\/www.wolpertingersfc.de\/wp-content\/uploads\/2024\/09\/20240723_152711.jpg?resize=300%2C225\" alt=\"\" width=\"300\" height=\"225\" srcset=\"https:\/\/i0.wp.com\/www.wolpertingersfc.de\/wp-content\/uploads\/2024\/09\/20240723_152711-scaled.jpg?resize=300%2C225 300w, https:\/\/i0.wp.com\/www.wolpertingersfc.de\/wp-content\/uploads\/2024\/09\/20240723_152711-scaled.jpg?resize=1024%2C768 1024w, https:\/\/i0.wp.com\/www.wolpertingersfc.de\/wp-content\/uploads\/2024\/09\/20240723_152711-scaled.jpg?resize=768%2C576 768w, https:\/\/i0.wp.com\/www.wolpertingersfc.de\/wp-content\/uploads\/2024\/09\/20240723_152711-scaled.jpg?resize=1536%2C1152 1536w, https:\/\/i0.wp.com\/www.wolpertingersfc.de\/wp-content\/uploads\/2024\/09\/20240723_152711-scaled.jpg?resize=2048%2C1536 2048w, https:\/\/i0.wp.com\/www.wolpertingersfc.de\/wp-content\/uploads\/2024\/09\/20240723_152711-scaled.jpg?resize=863%2C647 863w, https:\/\/i0.wp.com\/www.wolpertingersfc.de\/wp-content\/uploads\/2024\/09\/20240723_152711-scaled.jpg?resize=144%2C108 144w, https:\/\/i0.wp.com\/www.wolpertingersfc.de\/wp-content\/uploads\/2024\/09\/20240723_152711-scaled.jpg?w=1726 1726w\" sizes=\"auto, (max-width: 300px) 100vw, 300px\" \/><\/a>In Rekordzeit von knapp 3 Wochen wurde der Platz mit insgesamt 233 Arbeitsstunden von Ehrenamtlichen Helfern beider Vereine sowie 66 Facharbeiterstunden der Fa. Reiner Sch\u00e4dler Bauunternehmung GmbH fertiggestellt. Die Planungen verschlangen zus\u00e4tzlich noch etliche Stunden, welche \u00fcberwiegend von Gerold Bross geleistet wurden.<br \/>\nAlles in allem haben wir 125 Tonnen Schotter, Split und Sand, 13 Tonnen Natursteine und 24m\u00b2 Betonsteine verbaut und ca. 110 Tonnen Erdaushub bewegt.<\/p>\n<p>Beim Bouleturnier traten dann die unterschiedlichsten Vereinsmannschaften und Gruppierungen mit durchaus urigen Namen wie z.B. \u201eKugelroller\u201c, \u201edie Lustbouler\u201c oder \u201edie 3 Bouletten\u201c gegeneinander an. Im Spiel um Platz 3 und 4 trafen die Frauschaften \u201eFrauenpower\u201c auf die \u201eNebenbouler\u201c,<br \/>\nwelches nach einem spannenden Spiel auf Augenh\u00f6he die Nebenboulerinnen mit 4:6 f\u00fcr sich entschieden. Zeitgleich fand das Spiel um Platz 1 mit den Mannschaften der \u201eKugelroller\u201c gegen die \u201eLustbouler\u201c statt.<\/p>\n<p><a href=\"https:\/\/i0.wp.com\/www.wolpertingersfc.de\/wp-content\/uploads\/2024\/09\/Bild-3.jpg\"><img data-recalc-dims=\"1\" loading=\"lazy\" decoding=\"async\" data-attachment-id=\"3706\" data-permalink=\"http:\/\/www.wolpertingersfc.de\/?attachment_id=3706\" data-orig-file=\"https:\/\/i0.wp.com\/www.wolpertingersfc.de\/wp-content\/uploads\/2024\/09\/Bild-3.jpg?fit=656%2C463\" data-orig-size=\"656,463\" data-comments-opened=\"1\" data-image-meta=\"{&quot;aperture&quot;:&quot;0&quot;,&quot;credit&quot;:&quot;Sigi&quot;,&quot;camera&quot;:&quot;&quot;,&quot;caption&quot;:&quot;&quot;,&quot;created_timestamp&quot;:&quot;1726520791&quot;,&quot;copyright&quot;:&quot;&quot;,&quot;focal_length&quot;:&quot;0&quot;,&quot;iso&quot;:&quot;0&quot;,&quot;shutter_speed&quot;:&quot;0&quot;,&quot;title&quot;:&quot;&quot;,&quot;orientation&quot;:&quot;0&quot;}\" data-image-title=\"Bild-3\" data-image-description=\"\" data-image-caption=\"\" data-medium-file=\"https:\/\/i0.wp.com\/www.wolpertingersfc.de\/wp-content\/uploads\/2024\/09\/Bild-3.jpg?fit=300%2C212\" data-large-file=\"https:\/\/i0.wp.com\/www.wolpertingersfc.de\/wp-content\/uploads\/2024\/09\/Bild-3.jpg?fit=656%2C463\" class=\"wp-image-3706 size-medium alignleft\" src=\"https:\/\/i0.wp.com\/www.wolpertingersfc.de\/wp-content\/uploads\/2024\/09\/Bild-3.jpg?resize=300%2C212\" alt=\"\" width=\"300\" height=\"212\" srcset=\"https:\/\/i0.wp.com\/www.wolpertingersfc.de\/wp-content\/uploads\/2024\/09\/Bild-3.jpg?resize=300%2C212 300w, https:\/\/i0.wp.com\/www.wolpertingersfc.de\/wp-content\/uploads\/2024\/09\/Bild-3.jpg?resize=153%2C108 153w, https:\/\/i0.wp.com\/www.wolpertingersfc.de\/wp-content\/uploads\/2024\/09\/Bild-3.jpg?w=656 656w\" sizes=\"auto, (max-width: 300px) 100vw, 300px\" \/><\/a>Dieses Spiel wurde souver\u00e4n von den Lustboulern mit 0:9 gewonnen.<br \/>\nGro\u00dfen Respekt muss an die 4 Gruppierungen ausgesprochen werden, welche die letzten Spiele des Tages bei absolutem Starkregen ausgespielten.<\/p>\n<p>Ein herzliches Dankesch\u00f6n an alle Helfer\/innen vor und hinter den Theken, an und auf den Spielfeldern, den Kuchenspenderinnen sowie allen teilnehmenden Mannschaften und Gruppierungen und nat\u00fcrlich an alle G\u00e4ste, die unsere Veranstaltung besuchten. Wir freuen uns schon jetzt auf das 2.Bouleturnier in der G\u00f6nninger Ortsmitte.<br \/>\nUnser Buchungssystem ist aktiv, die Pl\u00e4tze k\u00f6nnen nach kurzer Registrierung \u00fcber <a href=\"https:\/\/www.goenningen.info\/vereine\/bouleplatz\/\" target=\"_blank\" rel=\"noopener\">https:\/\/www.goenningen.info\/vereine\/bouleplatz\/<\/a> reserviert werden.<br \/>\nEin herzliches Danksch\u00f6n f\u00fcr die Bereitstellung und Programmierung des Buchungssystems auf www.Goenningen.info geht an Marcus Wagner.<\/p>\n<p>Sigi Randecker<\/p>\n<p>&nbsp;<\/p>\n","protected":false},"excerpt":{"rendered":"<p>Endlich war es soweit, der Bouleplatz G\u00f6nningen konnte am 08.September 2024 mit einem \u00fcberaus spannenden und kurzweiligen Bouleturnier mit sage und schreibe 18 Mann(Frau)schaften sowie den Reden der Bezirksb\u00fcrgermeisterin Christel Pahl und den Vereinsvorsitzenden Klaus-Dieter Modrow vom Wolpertinger Sport- und Freizeitclub e.V. und Markus Scheurer von der TG G\u00f6nningen eingeweiht werden. In Rekordzeit von knapp &hellip; <a href=\"http:\/\/www.wolpertingersfc.de\/?p=3704\" class=\"more-link\"><span class=\"screen-reader-text\">Bouleplatzeinweihung und Bouleturnier<\/span> weiterlesen<\/a><\/p>\n","protected":false},"author":1,"featured_media":0,"comment_status":"open","ping_status":"open","sticky":false,"template":"","format":"standard","meta":{"jetpack_post_was_ever_published":false,"_jetpack_newsletter_access":"","_jetpack_dont_email_post_to_subs":false,"_jetpack_newsletter_tier_id":0,"_jetpack_memberships_contains_paywalled_content":false,"_jetpack_memberships_contains_paid_content":false,"footnotes":"","jetpack_publicize_message":"","jetpack_publicize_feature_enabled":true,"jetpack_social_post_already_shared":true,"jetpack_social_options":{"image_generator_settings":{"template":"highway","default_image_id":0,"font":"","enabled":false},"version":2}},"categories":[1],"tags":[],"class_list":["post-3704","post","type-post","status-publish","format-standard","hentry","category-uncategorized"],"jetpack_publicize_connections":[],"jetpack_featured_media_url":"","jetpack_sharing_enabled":true,"jetpack_shortlink":"https:\/\/wp.me\/p8FTYK-XK","jetpack-related-posts":[{"id":3680,"url":"http:\/\/www.wolpertingersfc.de\/?p=3680","url_meta":{"origin":3704,"position":0},"title":"Bouleplatz G\u00f6nningen &#8211; Spatenstich und Baubeginn","author":"Wolpertingersfc","date":"11. Juni 2024","format":false,"excerpt":"Wie ihr sicherlich schon aus der Presse vernommen habt, baut der Wolpertinger Sport- und Freizeitclub e.V. gemeinsam mit der TG G\u00f6nningen e.V. einen Bouleplatz auf dem Spielplatz B\u00e4ckergasse, direkt hinter unserem Nahversorger Hummel in der Ortsmitte von G\u00f6nningen. Der Spatenstich erfolgte am 07.06.24 unter Mitwirkung von Bezirksb\u00fcrgermeisterin Christel Pahl, Vertretern\u2026","rel":"","context":"\u00c4hnlicher Beitrag","block_context":{"text":"\u00c4hnlicher Beitrag","link":""},"img":{"alt_text":"","src":"https:\/\/i0.wp.com\/www.wolpertingersfc.de\/wp-content\/uploads\/2024\/06\/Baubeginn-scaled.jpg?resize=350%2C200","width":350,"height":200,"srcset":"https:\/\/i0.wp.com\/www.wolpertingersfc.de\/wp-content\/uploads\/2024\/06\/Baubeginn-scaled.jpg?resize=350%2C200 1x, https:\/\/i0.wp.com\/www.wolpertingersfc.de\/wp-content\/uploads\/2024\/06\/Baubeginn-scaled.jpg?resize=525%2C300 1.5x, https:\/\/i0.wp.com\/www.wolpertingersfc.de\/wp-content\/uploads\/2024\/06\/Baubeginn-scaled.jpg?resize=700%2C400 2x, https:\/\/i0.wp.com\/www.wolpertingersfc.de\/wp-content\/uploads\/2024\/06\/Baubeginn-scaled.jpg?resize=1050%2C600 3x, https:\/\/i0.wp.com\/www.wolpertingersfc.de\/wp-content\/uploads\/2024\/06\/Baubeginn-scaled.jpg?resize=1400%2C800 4x"},"classes":[]},{"id":3277,"url":"http:\/\/www.wolpertingersfc.de\/?p=3277","url_meta":{"origin":3704,"position":1},"title":"Tauchpraxis Plansee vom 02.07. bis 05.07.2020","author":"Wolpertingersfc","date":"15. Januar 2020","format":false,"excerpt":"\u00a0\u00a0\u00a0\u00a0\u00a0\u00a0\u00a0\u00a0\u00a0\u00a0\u00a0\u00a0\u00a0\u00a0\u00a0\u00a0\u00a0\u00a0\u00a0\u00a0\u00a0\u00a0\u00a0\u00a0\u00a0\u00a0\u00a0\u00a0\u00a0\u00a0\u00a0\u00a0\u00a0\u00a0\u00a0\u00a0\u00a0\u00a0\u00a0\u00a0\u00a0\u00a0\u00a0\u00a0\u00a0\u00a0\u00a0\u00a0\u00a0\u00a0 Ort: Plansee \u201eCampingplatz Sennalpe\u201c bei Reutte in \u00d6sterreich Info zum Platz und Preise unter: www.camping-plansee.at Telefon: 0043 5672 \/ 78115 Tauchen: Donnerstag, Freitag und Samstag werden wir dann im Plansee tauchen. F\u00fcr den Plansee ist eine Tauchgenehmigung erforderlich, die erhalten wir wie \u00fcblich im B\u00fcro des Campingplatzes. Achtung! Die\u2026","rel":"","context":"In &quot;Tauchen&quot;","block_context":{"text":"Tauchen","link":"http:\/\/www.wolpertingersfc.de\/?cat=8"},"img":{"alt_text":"","src":"https:\/\/i0.wp.com\/www.wolpertingersfc.de\/wp-content\/uploads\/2017\/07\/Tauchender_Wolpertinger.jpg?resize=350%2C200","width":350,"height":200},"classes":[]},{"id":3232,"url":"http:\/\/www.wolpertingersfc.de\/?p=3232","url_meta":{"origin":3704,"position":2},"title":"Neuauflage des Wanderwettbewerbs, wandern spielerisch erleben","author":"Wolpertingersfc","date":"29. September 2019","format":false,"excerpt":"Am 1. November 2019 l\u00e4dt die Ortsgruppe G\u00f6nningen des Schw\u00e4bischen Albvereins andere Ortsgruppen und sonstige Interessierte zur Neuauflage des traditionellen Wanderwettbewerbs im Lichtensteingau ein. Alle auf die der Begriff Wettbewerb abschreckend wirkt, k\u00f6nnen wir schon einmal beruhigen: Bei dem nicht ganz ernst gemeintem Wettbewerb geht es nicht darum, wer am\u2026","rel":"","context":"\u00c4hnlicher Beitrag","block_context":{"text":"\u00c4hnlicher Beitrag","link":""},"img":{"alt_text":"","src":"https:\/\/i0.wp.com\/www.wolpertingersfc.de\/wp-content\/uploads\/2019\/09\/Bild-1024x684.jpg?resize=350%2C200","width":350,"height":200,"srcset":"https:\/\/i0.wp.com\/www.wolpertingersfc.de\/wp-content\/uploads\/2019\/09\/Bild-1024x684.jpg?resize=350%2C200 1x, https:\/\/i0.wp.com\/www.wolpertingersfc.de\/wp-content\/uploads\/2019\/09\/Bild-1024x684.jpg?resize=525%2C300 1.5x, https:\/\/i0.wp.com\/www.wolpertingersfc.de\/wp-content\/uploads\/2019\/09\/Bild-1024x684.jpg?resize=700%2C400 2x"},"classes":[]},{"id":3720,"url":"http:\/\/www.wolpertingersfc.de\/?p=3720","url_meta":{"origin":3704,"position":3},"title":"Notfalltasche zur Laienreanimation","author":"Wolpertingersfc","date":"2. Dezember 2024","format":false,"excerpt":"Im Rahmen des Projektes \"Herzsicher\" hat die Bj\u00f6rn Steiger Stiftung die Vision, m\u00f6glichst viele Personen in der Laienreanimation auszubilden und alle Vereine kostenlos mit einer Notfalltasche zur Laienreanimation auszustatten. Diese Initiative zielt darauf ab, die Sicherheit in Sportvereinen zu erh\u00f6hen und im Ernstfall schnelle, lebensrettende Ma\u00dfnahmen zu erm\u00f6glichen. Das Projekt\u2026","rel":"","context":"\u00c4hnlicher Beitrag","block_context":{"text":"\u00c4hnlicher Beitrag","link":""},"img":{"alt_text":"","src":"https:\/\/i0.wp.com\/www.wolpertingersfc.de\/wp-content\/uploads\/2024\/12\/Bild1.png?resize=350%2C200","width":350,"height":200,"srcset":"https:\/\/i0.wp.com\/www.wolpertingersfc.de\/wp-content\/uploads\/2024\/12\/Bild1.png?resize=350%2C200 1x, https:\/\/i0.wp.com\/www.wolpertingersfc.de\/wp-content\/uploads\/2024\/12\/Bild1.png?resize=525%2C300 1.5x"},"classes":[]},{"id":2820,"url":"http:\/\/www.wolpertingersfc.de\/?p=2820","url_meta":{"origin":3704,"position":4},"title":"Orientalisches Tanzen &#8211; Neue Zeit neues Thema","author":"Wolpertingersfc","date":"9. April 2019","format":false,"excerpt":"Inspiriert durch den Fr\u00fchling wollen wir nun unseren Tanz durch den Tanz mit dem Schleier erweitern und bereichern. Gemeinsam wollen wir die Technik des Schleiertanzes erlernen, Schritt f\u00fcr Schritt den Umgang und einzelne Figuren mit dem Schleier erlernen oder\/ und wieder auffrischen. Gemeinsam mit unserer Tanzlehrerin Johanna die Elemente in\u2026","rel":"","context":"\u00c4hnlicher Beitrag","block_context":{"text":"\u00c4hnlicher Beitrag","link":""},"img":{"alt_text":"","src":"","width":0,"height":0},"classes":[]},{"id":2351,"url":"http:\/\/www.wolpertingersfc.de\/?p=2351","url_meta":{"origin":3704,"position":5},"title":"Einweihung Kletterwanderweiterung &#038; Tag der offenen T\u00fcr des Evangelischen Kindergartens","author":"Wolpertingersfc","date":"5. Mai 2018","format":false,"excerpt":"Gleich zwei Anl\u00e4sse gab es am Samstag, 5. Mai im Garten des Evangelischen Kindergartens bei sch\u00f6nstem Fr\u00fchsommerwetter zu feiern: Die Einweihung der Wolpertinger-Kletterwanderweiterung und den Tag der offenen T\u00fcr des Evangelischen Kindergartens. Eine tolle Atmosph\u00e4re nutzten viele zum Kennenlernen der Kletterwand und des Kindergartens: Eltern und Kinder, auch viele ehemalige,\u2026","rel":"","context":"In &quot;Klettern&quot;","block_context":{"text":"Klettern","link":"http:\/\/www.wolpertingersfc.de\/?cat=13"},"img":{"alt_text":"","src":"https:\/\/i0.wp.com\/www.wolpertingersfc.de\/wp-content\/uploads\/2018\/05\/P1060145-1280x721-768x433.jpg?resize=350%2C200","width":350,"height":200,"srcset":"https:\/\/i0.wp.com\/www.wolpertingersfc.de\/wp-content\/uploads\/2018\/05\/P1060145-1280x721-768x433.jpg?resize=350%2C200 1x, https:\/\/i0.wp.com\/www.wolpertingersfc.de\/wp-content\/uploads\/2018\/05\/P1060145-1280x721-768x433.jpg?resize=525%2C300 1.5x, https:\/\/i0.wp.com\/www.wolpertingersfc.de\/wp-content\/uploads\/2018\/05\/P1060145-1280x721-768x433.jpg?resize=700%2C400 2x"},"classes":[]}],"_links":{"self":[{"href":"http:\/\/www.wolpertingersfc.de\/index.php?rest_route=\/wp\/v2\/posts\/3704","targetHints":{"allow":["GET"]}}],"collection":[{"href":"http:\/\/www.wolpertingersfc.de\/index.php?rest_route=\/wp\/v2\/posts"}],"about":[{"href":"http:\/\/www.wolpertingersfc.de\/index.php?rest_route=\/wp\/v2\/types\/post"}],"author":[{"embeddable":true,"href":"http:\/\/www.wolpertingersfc.de\/index.php?rest_route=\/wp\/v2\/users\/1"}],"replies":[{"embeddable":true,"href":"http:\/\/www.wolpertingersfc.de\/index.php?rest_route=%2Fwp%2Fv2%2Fcomments&post=3704"}],"version-history":[{"count":6,"href":"http:\/\/www.wolpertingersfc.de\/index.php?rest_route=\/wp\/v2\/posts\/3704\/revisions"}],"predecessor-version":[{"id":3712,"href":"http:\/\/www.wolpertingersfc.de\/index.php?rest_route=\/wp\/v2\/posts\/3704\/revisions\/3712"}],"wp:attachment":[{"href":"http:\/\/www.wolpertingersfc.de\/index.php?rest_route=%2Fwp%2Fv2%2Fmedia&parent=3704"}],"wp:term":[{"taxonomy":"category","embeddable":true,"href":"http:\/\/www.wolpertingersfc.de\/index.php?rest_route=%2Fwp%2Fv2%2Fcategories&post=3704"},{"taxonomy":"post_tag","embeddable":true,"href":"http:\/\/www.wolpertingersfc.de\/index.php?rest_route=%2Fwp%2Fv2%2Ftags&post=3704"}],"curies":[{"name":"wp","href":"https:\/\/api.w.org\/{rel}","templated":true}]}}