{"id":3699,"date":"2024-09-05T10:49:31","date_gmt":"2024-09-05T08:49:31","guid":{"rendered":"https:\/\/www.wolpertingersfc.de\/?p=3699"},"modified":"2024-09-05T10:51:49","modified_gmt":"2024-09-05T08:51:49","slug":"3699","status":"publish","type":"post","link":"http:\/\/www.wolpertingersfc.de\/?p=3699","title":{"rendered":""},"content":{"rendered":"<p><img data-recalc-dims=\"1\" loading=\"lazy\" decoding=\"async\" data-attachment-id=\"3700\" data-permalink=\"http:\/\/www.wolpertingersfc.de\/?attachment_id=3700\" data-orig-file=\"https:\/\/i0.wp.com\/www.wolpertingersfc.de\/wp-content\/uploads\/2024\/09\/IMG-20240904-WA0000-e1725526259245.jpg?fit=1010%2C1460\" data-orig-size=\"1010,1460\" data-comments-opened=\"1\" data-image-meta=\"{&quot;aperture&quot;:&quot;0&quot;,&quot;credit&quot;:&quot;&quot;,&quot;camera&quot;:&quot;&quot;,&quot;caption&quot;:&quot;&quot;,&quot;created_timestamp&quot;:&quot;0&quot;,&quot;copyright&quot;:&quot;&quot;,&quot;focal_length&quot;:&quot;0&quot;,&quot;iso&quot;:&quot;0&quot;,&quot;shutter_speed&quot;:&quot;0&quot;,&quot;title&quot;:&quot;&quot;,&quot;orientation&quot;:&quot;0&quot;}\" data-image-title=\"IMG-20240904-WA0000\" data-image-description=\"\" data-image-caption=\"\" data-medium-file=\"https:\/\/i0.wp.com\/www.wolpertingersfc.de\/wp-content\/uploads\/2024\/09\/IMG-20240904-WA0000-e1725526259245.jpg?fit=208%2C300\" data-large-file=\"https:\/\/i0.wp.com\/www.wolpertingersfc.de\/wp-content\/uploads\/2024\/09\/IMG-20240904-WA0000-e1725526259245.jpg?fit=708%2C1024\" class=\"alignnone size-full wp-image-3700\" src=\"https:\/\/i0.wp.com\/www.wolpertingersfc.de\/wp-content\/uploads\/2024\/09\/IMG-20240904-WA0000-e1725526259245.jpg?resize=863%2C1248\" alt=\"\" width=\"863\" height=\"1248\" srcset=\"https:\/\/i0.wp.com\/www.wolpertingersfc.de\/wp-content\/uploads\/2024\/09\/IMG-20240904-WA0000-e1725526259245.jpg?w=1010 1010w, https:\/\/i0.wp.com\/www.wolpertingersfc.de\/wp-content\/uploads\/2024\/09\/IMG-20240904-WA0000-e1725526259245.jpg?resize=208%2C300 208w, https:\/\/i0.wp.com\/www.wolpertingersfc.de\/wp-content\/uploads\/2024\/09\/IMG-20240904-WA0000-e1725526259245.jpg?resize=708%2C1024 708w, https:\/\/i0.wp.com\/www.wolpertingersfc.de\/wp-content\/uploads\/2024\/09\/IMG-20240904-WA0000-e1725526259245.jpg?resize=768%2C1110 768w, https:\/\/i0.wp.com\/www.wolpertingersfc.de\/wp-content\/uploads\/2024\/09\/IMG-20240904-WA0000-e1725526259245.jpg?resize=863%2C1248 863w, https:\/\/i0.wp.com\/www.wolpertingersfc.de\/wp-content\/uploads\/2024\/09\/IMG-20240904-WA0000-e1725526259245.jpg?resize=75%2C108 75w\" sizes=\"auto, (max-width: 863px) 100vw, 863px\" \/><\/p>\n","protected":false},"excerpt":{"rendered":"","protected":false},"author":1,"featured_media":0,"comment_status":"open","ping_status":"open","sticky":false,"template":"","format":"standard","meta":{"jetpack_post_was_ever_published":false,"_jetpack_newsletter_access":"","_jetpack_dont_email_post_to_subs":false,"_jetpack_newsletter_tier_id":0,"_jetpack_memberships_contains_paywalled_content":false,"_jetpack_memberships_contains_paid_content":false,"footnotes":"","jetpack_publicize_message":"","jetpack_publicize_feature_enabled":true,"jetpack_social_post_already_shared":true,"jetpack_social_options":{"image_generator_settings":{"template":"highway","default_image_id":0,"font":"","enabled":false},"version":2}},"categories":[1],"tags":[],"class_list":["post-3699","post","type-post","status-publish","format-standard","hentry","category-uncategorized"],"jetpack_publicize_connections":[],"jetpack_featured_media_url":"","jetpack_sharing_enabled":true,"jetpack_shortlink":"https:\/\/wp.me\/s8FTYK-3699","jetpack-related-posts":[{"id":3465,"url":"http:\/\/www.wolpertingersfc.de\/?p=3465","url_meta":{"origin":3699,"position":0},"title":"Bilder der 6. Januar-Wanderung 2022","author":"Wolpertingersfc","date":"12. Januar 2022","format":false,"excerpt":"Hier findet Ihr Bilder der diesj\u00e4hrigen 6. Januar-Wanderung.","rel":"","context":"\u00c4hnlicher Beitrag","block_context":{"text":"\u00c4hnlicher Beitrag","link":""},"img":{"alt_text":"","src":"","width":0,"height":0},"classes":[]},{"id":3435,"url":"http:\/\/www.wolpertingersfc.de\/?p=3435","url_meta":{"origin":3699,"position":1},"title":"Allgemeinsport wieder Online","author":"Wolpertingersfc","date":"8. Dezember 2021","format":false,"excerpt":"Der Allgemeinsport Dienstag Abend findet wegen der versch\u00e4rften Corona-Regeln ab sofort wieder Online statt. N\u00e4here Informationen erfolgen \u00fcber die Social-Media-Gruppe.","rel":"","context":"\u00c4hnlicher Beitrag","block_context":{"text":"\u00c4hnlicher Beitrag","link":""},"img":{"alt_text":"","src":"","width":0,"height":0},"classes":[]},{"id":3402,"url":"http:\/\/www.wolpertingersfc.de\/?p=3402","url_meta":{"origin":3699,"position":2},"title":"Erneuter Lockdown","author":"Wolpertingersfc","date":"16. November 2020","format":false,"excerpt":"Liebe Vereinsmitglieder und Interessierte an unserem \u00dcbungsbetrieb, der \u00dcbungsbetrieb in den Abteilungen musste leider wieder unterbrochen werden. \u00dcber die weiteren Entwicklungen und den Stand bez\u00fcglich der jeweiligen Veranstaltung informieren Euch die Abteilungsleitenden.","rel":"","context":"\u00c4hnlicher Beitrag","block_context":{"text":"\u00c4hnlicher Beitrag","link":""},"img":{"alt_text":"","src":"","width":0,"height":0},"classes":[]},{"id":3374,"url":"http:\/\/www.wolpertingersfc.de\/?p=3374","url_meta":{"origin":3699,"position":3},"title":"Die Wolpertinger Nachrichten Juni 2020 sind online","author":"Wolpertingersfc","date":"14. Juni 2020","format":false,"excerpt":"Diesmal sind die Nachrichten der Wolpertinger aufgrund der Situation kurz gehalten. Die Aktivit\u00e4ten starten jedoch langsam wieder und bald gibt es dann hoffentlich wieder mehr zu berichten.","rel":"","context":"\u00c4hnlicher Beitrag","block_context":{"text":"\u00c4hnlicher Beitrag","link":""},"img":{"alt_text":"","src":"","width":0,"height":0},"classes":[]},{"id":3416,"url":"http:\/\/www.wolpertingersfc.de\/?p=3416","url_meta":{"origin":3699,"position":4},"title":"Wiederaufnahme des \u00dcbungsbetriebs","author":"Wolpertingersfc","date":"19. September 2021","format":false,"excerpt":"Liebe Vereinsmitglieder und Interessierte an unserem \u00dcbungsbetrieb, der \u00dcbungsbetrieb in den Abteilungen hat teilweise wieder begonnen. \u00dcber den Start der jeweiligen Veranstaltung, die Bedingungen und die Hygienevorschriften informieren Euch die Abteilungsleitenden \u00fcber Social Media.","rel":"","context":"\u00c4hnlicher Beitrag","block_context":{"text":"\u00c4hnlicher Beitrag","link":""},"img":{"alt_text":"","src":"","width":0,"height":0},"classes":[]},{"id":3151,"url":"http:\/\/www.wolpertingersfc.de\/?p=3151","url_meta":{"origin":3699,"position":5},"title":"Orientalisches Tanzen: Termin- und Orts\u00e4nderung","author":"Wolpertingersfc","date":"29. August 2019","format":false,"excerpt":"Unser Orientalisches Tanzen wurde auf Donnerstags verschoben und beginnt ab 19. September 2019 von 19:30 Uhr bis 21:00 Uhr im B\u00fcrgersaal des Rathauses in G\u00f6nningen. Bei Interesse bitte melden bei: Claudia Randecker-Hornberger Tel.07072-2089864 E-Mail: claudia.randecker-hornberger@wolpertingersfc.de","rel":"","context":"\u00c4hnlicher Beitrag","block_context":{"text":"\u00c4hnlicher Beitrag","link":""},"img":{"alt_text":"","src":"","width":0,"height":0},"classes":[]}],"_links":{"self":[{"href":"http:\/\/www.wolpertingersfc.de\/index.php?rest_route=\/wp\/v2\/posts\/3699","targetHints":{"allow":["GET"]}}],"collection":[{"href":"http:\/\/www.wolpertingersfc.de\/index.php?rest_route=\/wp\/v2\/posts"}],"about":[{"href":"http:\/\/www.wolpertingersfc.de\/index.php?rest_route=\/wp\/v2\/types\/post"}],"author":[{"embeddable":true,"href":"http:\/\/www.wolpertingersfc.de\/index.php?rest_route=\/wp\/v2\/users\/1"}],"replies":[{"embeddable":true,"href":"http:\/\/www.wolpertingersfc.de\/index.php?rest_route=%2Fwp%2Fv2%2Fcomments&post=3699"}],"version-history":[{"count":2,"href":"http:\/\/www.wolpertingersfc.de\/index.php?rest_route=\/wp\/v2\/posts\/3699\/revisions"}],"predecessor-version":[{"id":3702,"href":"http:\/\/www.wolpertingersfc.de\/index.php?rest_route=\/wp\/v2\/posts\/3699\/revisions\/3702"}],"wp:attachment":[{"href":"http:\/\/www.wolpertingersfc.de\/index.php?rest_route=%2Fwp%2Fv2%2Fmedia&parent=3699"}],"wp:term":[{"taxonomy":"category","embeddable":true,"href":"http:\/\/www.wolpertingersfc.de\/index.php?rest_route=%2Fwp%2Fv2%2Fcategories&post=3699"},{"taxonomy":"post_tag","embeddable":true,"href":"http:\/\/www.wolpertingersfc.de\/index.php?rest_route=%2Fwp%2Fv2%2Ftags&post=3699"}],"curies":[{"name":"wp","href":"https:\/\/api.w.org\/{rel}","templated":true}]}}