{"id":3694,"date":"2024-07-04T15:58:00","date_gmt":"2024-07-04T13:58:00","guid":{"rendered":"http:\/\/www.wolpertingersfc.de\/?p=3694"},"modified":"2024-07-04T15:59:07","modified_gmt":"2024-07-04T13:59:07","slug":"wolpertinger-radtour-vom-29-6-2-7-2024","status":"publish","type":"post","link":"http:\/\/www.wolpertingersfc.de\/?p=3694","title":{"rendered":"Wolpertinger Radtour vom 29.6.- 2.7.2024"},"content":{"rendered":"<p>Am fr\u00fchen Samstag starteten 20 Wolpertinger von U 30 bis \u00dc 80 in G\u00f6nningen ihre Tour. Bei gut 30 Grad radelten wir \u00fcber T\u00fcbingen, Herrenberg zur Mittagsrast nach Affst\u00e4tt, dann weiter nach Calw, wo eine Abk\u00fchlung mit Eisbecher und kalten Getr\u00e4nken dringend n\u00f6tig war. Nach 70 km erreichten wir unser nettes Hotel in Bad Liebenzell. Ein gutes Essen und dann schnell wieder auf das Bike zum Public Viewing im Monbachtal.<br \/>\nDer Sonntag begann mit einer sehr interessanten F\u00fchrung des Klosters Hirsau. Entlang der Nagold fuhren wir dann bis Pforzheim und machten Mittagspause in der Grenzs\u00e4gm\u00fchle Keltern. Inzwischen hatten wir eine maximale Luftfeuchtigkeit, um nicht zu sagen Regen, der sich zu Starkregen steigerte und uns noch 30 km bis Karlsruhe begleitete. Nach 77 km freuten wir uns alle auf eine warme Dusche und darauf, dass wir im Hotel essen konnten.<br \/>\nAm Montag begann es p\u00fcnktlich zum Radlstart zu regnen und wieder fuhren wir patschnass in Richtung Rastatt. In einem sch\u00f6nen Restaurant auf dem Wasser konnten wir uns st\u00e4rken und dank des Begleitbusses trockene Sachen anziehen. Nun kam auch tats\u00e4chlich die Sonne und es machte richtig Spa\u00df entlang des Rheins zu radeln. Nach gut 70 km erreichten wir Kehl, wo uns ein sehr uriges Hotel am Hafen erwartete. Ein gutes Abendessen, ein Stadtbummel und der Ausklang im Biergarten, entsch\u00e4digten die nasse Fahrt.<br \/>\nUnseren letzten Tag verbrachten wir in Stra\u00dfburg. Morgens holte uns der Radguide am Hotel ab und es ging gut 3 Stunden \u00fcber Br\u00fccken, vorbei am Europaparlament bis zum M\u00fcnsterplatz. Wir wissen jetzt ganz viel \u00fcber die Stadt und das Elsass. Am Nachmittag luden wir die R\u00e4der in den Begleitbus- H\u00e4nger und wir Wolpertinger fuhren mit dem Flixbus in die Heimat.<br \/>\nEs war trotz Wetterkapriolen immer gute Stimmung und ein klasse Zusammenhalt.<br \/>\nWir danken Ute und Gerold f\u00fcr die hervorragende Organisation und freuen uns auf die n\u00e4chste Tour!<br \/>\nKarin Spohn<\/p>\n<p><a href=\"https:\/\/i0.wp.com\/www.wolpertingersfc.de\/wp-content\/uploads\/2024\/07\/2024-07-03-Gruppenbild-Radtour.jpg\"><img data-recalc-dims=\"1\" loading=\"lazy\" decoding=\"async\" data-attachment-id=\"3695\" data-permalink=\"http:\/\/www.wolpertingersfc.de\/?attachment_id=3695\" data-orig-file=\"https:\/\/i0.wp.com\/www.wolpertingersfc.de\/wp-content\/uploads\/2024\/07\/2024-07-03-Gruppenbild-Radtour.jpg?fit=1695%2C1271\" data-orig-size=\"1695,1271\" data-comments-opened=\"1\" data-image-meta=\"{&quot;aperture&quot;:&quot;0&quot;,&quot;credit&quot;:&quot;&quot;,&quot;camera&quot;:&quot;&quot;,&quot;caption&quot;:&quot;&quot;,&quot;created_timestamp&quot;:&quot;0&quot;,&quot;copyright&quot;:&quot;&quot;,&quot;focal_length&quot;:&quot;0&quot;,&quot;iso&quot;:&quot;0&quot;,&quot;shutter_speed&quot;:&quot;0&quot;,&quot;title&quot;:&quot;&quot;,&quot;orientation&quot;:&quot;0&quot;}\" data-image-title=\"2024-07-03-Gruppenbild-Radtour\" data-image-description=\"\" data-image-caption=\"\" data-medium-file=\"https:\/\/i0.wp.com\/www.wolpertingersfc.de\/wp-content\/uploads\/2024\/07\/2024-07-03-Gruppenbild-Radtour.jpg?fit=300%2C225\" data-large-file=\"https:\/\/i0.wp.com\/www.wolpertingersfc.de\/wp-content\/uploads\/2024\/07\/2024-07-03-Gruppenbild-Radtour.jpg?fit=863%2C647\" class=\"alignnone wp-image-3695 size-full\" src=\"https:\/\/i0.wp.com\/www.wolpertingersfc.de\/wp-content\/uploads\/2024\/07\/2024-07-03-Gruppenbild-Radtour.jpg?resize=863%2C647\" alt=\"\" width=\"863\" height=\"647\" srcset=\"https:\/\/i0.wp.com\/www.wolpertingersfc.de\/wp-content\/uploads\/2024\/07\/2024-07-03-Gruppenbild-Radtour.jpg?w=1695 1695w, https:\/\/i0.wp.com\/www.wolpertingersfc.de\/wp-content\/uploads\/2024\/07\/2024-07-03-Gruppenbild-Radtour.jpg?resize=300%2C225 300w, https:\/\/i0.wp.com\/www.wolpertingersfc.de\/wp-content\/uploads\/2024\/07\/2024-07-03-Gruppenbild-Radtour.jpg?resize=1024%2C768 1024w, https:\/\/i0.wp.com\/www.wolpertingersfc.de\/wp-content\/uploads\/2024\/07\/2024-07-03-Gruppenbild-Radtour.jpg?resize=768%2C576 768w, https:\/\/i0.wp.com\/www.wolpertingersfc.de\/wp-content\/uploads\/2024\/07\/2024-07-03-Gruppenbild-Radtour.jpg?resize=1536%2C1152 1536w, https:\/\/i0.wp.com\/www.wolpertingersfc.de\/wp-content\/uploads\/2024\/07\/2024-07-03-Gruppenbild-Radtour.jpg?resize=863%2C647 863w, https:\/\/i0.wp.com\/www.wolpertingersfc.de\/wp-content\/uploads\/2024\/07\/2024-07-03-Gruppenbild-Radtour.jpg?resize=144%2C108 144w\" sizes=\"auto, (max-width: 863px) 100vw, 863px\" \/><\/a><\/p>\n","protected":false},"excerpt":{"rendered":"<p>Am fr\u00fchen Samstag starteten 20 Wolpertinger von U 30 bis \u00dc 80 in G\u00f6nningen ihre Tour. Bei gut 30 Grad radelten wir \u00fcber T\u00fcbingen, Herrenberg zur Mittagsrast nach Affst\u00e4tt, dann weiter nach Calw, wo eine Abk\u00fchlung mit Eisbecher und kalten Getr\u00e4nken dringend n\u00f6tig war. Nach 70 km erreichten wir unser nettes Hotel in Bad Liebenzell. &hellip; <a href=\"http:\/\/www.wolpertingersfc.de\/?p=3694\" class=\"more-link\"><span class=\"screen-reader-text\">Wolpertinger Radtour vom 29.6.- 2.7.2024<\/span> weiterlesen<\/a><\/p>\n","protected":false},"author":1,"featured_media":0,"comment_status":"open","ping_status":"open","sticky":false,"template":"","format":"standard","meta":{"jetpack_post_was_ever_published":false,"_jetpack_newsletter_access":"","_jetpack_dont_email_post_to_subs":false,"_jetpack_newsletter_tier_id":0,"_jetpack_memberships_contains_paywalled_content":false,"_jetpack_memberships_contains_paid_content":false,"footnotes":"","jetpack_publicize_message":"","jetpack_publicize_feature_enabled":true,"jetpack_social_post_already_shared":true,"jetpack_social_options":{"image_generator_settings":{"template":"highway","default_image_id":0,"font":"","enabled":false},"version":2}},"categories":[1],"tags":[],"class_list":["post-3694","post","type-post","status-publish","format-standard","hentry","category-uncategorized"],"jetpack_publicize_connections":[],"jetpack_featured_media_url":"","jetpack_sharing_enabled":true,"jetpack_shortlink":"https:\/\/wp.me\/p8FTYK-XA","jetpack-related-posts":[{"id":3757,"url":"http:\/\/www.wolpertingersfc.de\/?p=3757","url_meta":{"origin":3694,"position":0},"title":"Wolpertinger Pedelec- und Fahrradtour nach Oberschwaben 10.-13. Mai 2025","author":"Wolpertingersfc","date":"16. Mai 2025","format":false,"excerpt":"Bei perfektem Radlwetter starteten 19 Wolpertinger am Samstag ihre Tour nach Oberschwaben. Nach dem Albaufstieg, ging es ab Gomadingen das wundersch\u00f6ne Lautertal entlang, dann weiter zum Kloster Obermarchtal. Nach knapp 70 km war es toll, dass das Abendessen- Buffet schon auf uns wartete- zum Ausklang des sch\u00f6nen Tages waren wir\u2026","rel":"","context":"\u00c4hnlicher Beitrag","block_context":{"text":"\u00c4hnlicher Beitrag","link":""},"img":{"alt_text":"","src":"https:\/\/i0.wp.com\/www.wolpertingersfc.de\/wp-content\/uploads\/2025\/05\/Radtour25.jpg?resize=350%2C200","width":350,"height":200,"srcset":"https:\/\/i0.wp.com\/www.wolpertingersfc.de\/wp-content\/uploads\/2025\/05\/Radtour25.jpg?resize=350%2C200 1x, https:\/\/i0.wp.com\/www.wolpertingersfc.de\/wp-content\/uploads\/2025\/05\/Radtour25.jpg?resize=525%2C300 1.5x, https:\/\/i0.wp.com\/www.wolpertingersfc.de\/wp-content\/uploads\/2025\/05\/Radtour25.jpg?resize=700%2C400 2x, https:\/\/i0.wp.com\/www.wolpertingersfc.de\/wp-content\/uploads\/2025\/05\/Radtour25.jpg?resize=1050%2C600 3x, https:\/\/i0.wp.com\/www.wolpertingersfc.de\/wp-content\/uploads\/2025\/05\/Radtour25.jpg?resize=1400%2C800 4x"},"classes":[]},{"id":3518,"url":"http:\/\/www.wolpertingersfc.de\/?p=3518","url_meta":{"origin":3694,"position":1},"title":"Wolpertinger Radtour vom 4. bis 7. Juni 2022","author":"Wolpertingersfc","date":"14. Juni 2022","format":false,"excerpt":"Am fr\u00fchen Samstagmorgen starteten 14 Wolpertinger mit privaten Autos nach W\u00fcrzburg, wo unsere diesj\u00e4hrige Radtour begann und auch endete. Auf der Fahrt hatten wir jede Menge Regen, aber Petrus meinte es gut mit uns, wir hatten ideales Radwetter und wurden in den 4 Tagen nie nass. Los ging es von\u2026","rel":"","context":"\u00c4hnlicher Beitrag","block_context":{"text":"\u00c4hnlicher Beitrag","link":""},"img":{"alt_text":"","src":"https:\/\/i0.wp.com\/www.wolpertingersfc.de\/wp-content\/uploads\/2022\/06\/IMG-20220604-WA0025.jpg?resize=350%2C200","width":350,"height":200,"srcset":"https:\/\/i0.wp.com\/www.wolpertingersfc.de\/wp-content\/uploads\/2022\/06\/IMG-20220604-WA0025.jpg?resize=350%2C200 1x, https:\/\/i0.wp.com\/www.wolpertingersfc.de\/wp-content\/uploads\/2022\/06\/IMG-20220604-WA0025.jpg?resize=525%2C300 1.5x, https:\/\/i0.wp.com\/www.wolpertingersfc.de\/wp-content\/uploads\/2022\/06\/IMG-20220604-WA0025.jpg?resize=700%2C400 2x, https:\/\/i0.wp.com\/www.wolpertingersfc.de\/wp-content\/uploads\/2022\/06\/IMG-20220604-WA0025.jpg?resize=1050%2C600 3x, https:\/\/i0.wp.com\/www.wolpertingersfc.de\/wp-content\/uploads\/2022\/06\/IMG-20220604-WA0025.jpg?resize=1400%2C800 4x"},"classes":[]},{"id":3601,"url":"http:\/\/www.wolpertingersfc.de\/?p=3601","url_meta":{"origin":3694,"position":2},"title":"Wolpertinger-Radtour 2023 17.-20.06.2023","author":"Wolpertingersfc","date":"28. Juli 2023","format":false,"excerpt":"Unsere diesj\u00e4hrige Wolpertinger-Radtour ging dieses Mal in das sch\u00f6ne Oberbayern. Unser Startpunkt der Tour war Gauting im S\u00fcden von M\u00fcnchen. Von dort aus radelten wir \u00fcber Schlehdorf am Kochelsee nach Fall am Sylvensteinsee, zum Walchensee zum Baden und wieder zur\u00fcck nach Gauting zu unserem Startpunkt. In 4 Tagen bew\u00e4ltigten wir\u2026","rel":"","context":"\u00c4hnlicher Beitrag","block_context":{"text":"\u00c4hnlicher Beitrag","link":""},"img":{"alt_text":"","src":"https:\/\/i0.wp.com\/www.wolpertingersfc.de\/wp-content\/uploads\/2023\/07\/Bild3.png?resize=350%2C200","width":350,"height":200,"srcset":"https:\/\/i0.wp.com\/www.wolpertingersfc.de\/wp-content\/uploads\/2023\/07\/Bild3.png?resize=350%2C200 1x, https:\/\/i0.wp.com\/www.wolpertingersfc.de\/wp-content\/uploads\/2023\/07\/Bild3.png?resize=525%2C300 1.5x"},"classes":[]},{"id":2429,"url":"http:\/\/www.wolpertingersfc.de\/?p=2429","url_meta":{"origin":3694,"position":3},"title":"Wolpertinger-Radtour 2018","author":"Wolpertingersfc","date":"15. Juni 2018","format":false,"excerpt":"Unsere 4-t\u00e4gige Wolpertinger-Radtour f\u00fchrte uns in diesem Jahr \u00fcber das Iller-, Wertach- und Lechtal von Ulm nach Augsburg. Nachdem alle 19 Teilnehmer, der j\u00fcngste Radler 17 Jahre und der \u00e4lteste Radler 76 Jahre alt, das Gep\u00e4ck und die Fahrr\u00e4der im Begleitfahrzeug verladen hatten, fuhren wir mit Bus und Bahn nach\u2026","rel":"","context":"In &quot;Radsport&quot;","block_context":{"text":"Radsport","link":"http:\/\/www.wolpertingersfc.de\/?cat=14"},"img":{"alt_text":"","src":"https:\/\/i0.wp.com\/www.wolpertingersfc.de\/wp-content\/uploads\/2018\/06\/2018-06-03-Radtour-Titelbild-444x333.jpg?resize=350%2C200","width":350,"height":200},"classes":[]},{"id":2927,"url":"http:\/\/www.wolpertingersfc.de\/?p=2927","url_meta":{"origin":3694,"position":4},"title":"Wolpertinger-Radtour 2019 &#8211; 8.-11.06.2019","author":"Wolpertingersfc","date":"18. Juni 2019","format":false,"excerpt":"Unsere allj\u00e4hrliche beliebte Wolpertinger-Radtour ging dieses Mal von Ingolstadt durch das sch\u00f6ne Altm\u00fchltal nach N\u00fcrnberg. Am fr\u00fchen Samstagmorgen trafen sich 20 Radler, um mit Bus und Bahn nach Ingolstadt zu fahren. Dort gesellte sich der 21. Radler der Gruppe hinzu. Ute und Gerold fuhren mit dem Begleitfahrzeug und dem Fahrradanh\u00e4nger\u2026","rel":"","context":"In &quot;Radsport&quot;","block_context":{"text":"Radsport","link":"http:\/\/www.wolpertingersfc.de\/?cat=14"},"img":{"alt_text":"","src":"https:\/\/i0.wp.com\/www.wolpertingersfc.de\/wp-content\/uploads\/2019\/06\/Bild_3.jpg?resize=350%2C200","width":350,"height":200,"srcset":"https:\/\/i0.wp.com\/www.wolpertingersfc.de\/wp-content\/uploads\/2019\/06\/Bild_3.jpg?resize=350%2C200 1x, https:\/\/i0.wp.com\/www.wolpertingersfc.de\/wp-content\/uploads\/2019\/06\/Bild_3.jpg?resize=525%2C300 1.5x, https:\/\/i0.wp.com\/www.wolpertingersfc.de\/wp-content\/uploads\/2019\/06\/Bild_3.jpg?resize=700%2C400 2x, https:\/\/i0.wp.com\/www.wolpertingersfc.de\/wp-content\/uploads\/2019\/06\/Bild_3.jpg?resize=1050%2C600 3x, https:\/\/i0.wp.com\/www.wolpertingersfc.de\/wp-content\/uploads\/2019\/06\/Bild_3.jpg?resize=1400%2C800 4x"},"classes":[]},{"id":3438,"url":"http:\/\/www.wolpertingersfc.de\/?p=3438","url_meta":{"origin":3694,"position":5},"title":"6. Januar-Wanderung","author":"Wolpertingersfc","date":"2. Januar 2022","format":false,"excerpt":"Die Wolpertinger 6. Januar Wanderung 2022 f\u00fchrt uns wieder mal Auf die Albhochfl\u00e4che. Wir treffen uns um 13.00 Uhr auf dem Parkplatz bei der Nebelh\u00f6hle. Von hier aus haben wir zwei Wanderstrecken zur Auswahl. Strecke 1 f\u00fchrt uns nach Norden \u00fcber die Hochfl\u00e4che Won zum Wackerstein. Von da geht es\u2026","rel":"","context":"\u00c4hnlicher Beitrag","block_context":{"text":"\u00c4hnlicher Beitrag","link":""},"img":{"alt_text":"","src":"","width":0,"height":0},"classes":[]}],"_links":{"self":[{"href":"http:\/\/www.wolpertingersfc.de\/index.php?rest_route=\/wp\/v2\/posts\/3694","targetHints":{"allow":["GET"]}}],"collection":[{"href":"http:\/\/www.wolpertingersfc.de\/index.php?rest_route=\/wp\/v2\/posts"}],"about":[{"href":"http:\/\/www.wolpertingersfc.de\/index.php?rest_route=\/wp\/v2\/types\/post"}],"author":[{"embeddable":true,"href":"http:\/\/www.wolpertingersfc.de\/index.php?rest_route=\/wp\/v2\/users\/1"}],"replies":[{"embeddable":true,"href":"http:\/\/www.wolpertingersfc.de\/index.php?rest_route=%2Fwp%2Fv2%2Fcomments&post=3694"}],"version-history":[{"count":2,"href":"http:\/\/www.wolpertingersfc.de\/index.php?rest_route=\/wp\/v2\/posts\/3694\/revisions"}],"predecessor-version":[{"id":3697,"href":"http:\/\/www.wolpertingersfc.de\/index.php?rest_route=\/wp\/v2\/posts\/3694\/revisions\/3697"}],"wp:attachment":[{"href":"http:\/\/www.wolpertingersfc.de\/index.php?rest_route=%2Fwp%2Fv2%2Fmedia&parent=3694"}],"wp:term":[{"taxonomy":"category","embeddable":true,"href":"http:\/\/www.wolpertingersfc.de\/index.php?rest_route=%2Fwp%2Fv2%2Fcategories&post=3694"},{"taxonomy":"post_tag","embeddable":true,"href":"http:\/\/www.wolpertingersfc.de\/index.php?rest_route=%2Fwp%2Fv2%2Ftags&post=3694"}],"curies":[{"name":"wp","href":"https:\/\/api.w.org\/{rel}","templated":true}]}}