{"id":3690,"date":"2024-06-18T18:09:21","date_gmt":"2024-06-18T16:09:21","guid":{"rendered":"http:\/\/www.wolpertingersfc.de\/?p=3690"},"modified":"2024-06-18T18:09:21","modified_gmt":"2024-06-18T16:09:21","slug":"paddelwochenende-in-ueberlingen-vom-14-16-6-24","status":"publish","type":"post","link":"http:\/\/www.wolpertingersfc.de\/?p=3690","title":{"rendered":"Paddelwochenende in \u00dcberlingen vom 14.-16.6.24"},"content":{"rendered":"<p>Der Wettergott meinte es doch noch gut mit den zw\u00f6lf Wolpertingern, die am Freitag Mittag ins Paddelwochenende starteten. Kaum waren die Zelte im Paddelclub \u00dcberlingen aufgebaut, suchten wir uns ein sch\u00f6nes Pl\u00e4tzchen im Strandbad Ost, wo wir bei Public viewing den Erfolg der deutschen Mannschaft mitfeiern konnten. Der Samstag begann zwar mir Regen aber nach einem ausgiebigen Fr\u00fchst\u00fcck wurden die Kajake gepackt und bei st\u00e4rkerem Wellengang in Richtung Nu\u00dfdorf gepaddelt. Vorbei an Kloster Birnau steuerten wir den Campingplatz Maurach an, das Hochwasser war vielerorts deutlich zu sehen. Nach einem leckeren Mittagessen sind die J\u00fcngeren der Gruppe noch nach Unteruhldingen gepaddelt. Wieder im Paddelclub angekommen, gab es eine Kaffeepause bevor die ganze Truppe nach \u00dcberlingen lief, um traditionell die Eisdiele zu besuchen. Schnell war klar, dass wir zum Essen wieder ins Strandbad Ost gehen wollen, wo wir noch einen tollen Sonnenuntergang gratis dazu bekamen.<br \/>\nDer Sonntag startete mit Sonne und einem ganz ruhigen Wasser, es machte sehr viel Spa\u00df in See zu stechen, dieses Mal nach \u00dcberlingen. Immer entlang dem Uferbereich, konnten wir noch viele \u00dcberbleibsel der Gartenschau bewundern. Ein Mu\u00df auf dem R\u00fcckweg war wieder die Eisdiele. Das Anlanden an den Treppen war gut zu bew\u00e4ltigen. Am Nachmittag konnte man baden, chillen, Kaffee trinken- bis es dann hie\u00df: alles zusammenpacken und die Heimfahrt antreten.<br \/>\nWir danken Ute, Gerold und Markus f\u00fcr dieses gelungene Wochenende.<img data-recalc-dims=\"1\" loading=\"lazy\" decoding=\"async\" data-attachment-id=\"3691\" data-permalink=\"http:\/\/www.wolpertingersfc.de\/?attachment_id=3691\" data-orig-file=\"https:\/\/i0.wp.com\/www.wolpertingersfc.de\/wp-content\/uploads\/2024\/06\/2024-Paddelausfahrt-Gruppenbild-scaled.jpg?fit=2560%2C1153\" data-orig-size=\"2560,1153\" data-comments-opened=\"1\" data-image-meta=\"{&quot;aperture&quot;:&quot;1.8&quot;,&quot;credit&quot;:&quot;&quot;,&quot;camera&quot;:&quot;SM-G780F&quot;,&quot;caption&quot;:&quot;&quot;,&quot;created_timestamp&quot;:&quot;1718543772&quot;,&quot;copyright&quot;:&quot;&quot;,&quot;focal_length&quot;:&quot;5.4&quot;,&quot;iso&quot;:&quot;50&quot;,&quot;shutter_speed&quot;:&quot;0.00039556962025316&quot;,&quot;title&quot;:&quot;&quot;,&quot;orientation&quot;:&quot;1&quot;}\" data-image-title=\"2024-Paddelausfahrt-Gruppenbild\" data-image-description=\"\" data-image-caption=\"\" data-medium-file=\"https:\/\/i0.wp.com\/www.wolpertingersfc.de\/wp-content\/uploads\/2024\/06\/2024-Paddelausfahrt-Gruppenbild-scaled.jpg?fit=300%2C135\" data-large-file=\"https:\/\/i0.wp.com\/www.wolpertingersfc.de\/wp-content\/uploads\/2024\/06\/2024-Paddelausfahrt-Gruppenbild-scaled.jpg?fit=863%2C389\" class=\"alignnone size-full wp-image-3691\" src=\"https:\/\/i0.wp.com\/www.wolpertingersfc.de\/wp-content\/uploads\/2024\/06\/2024-Paddelausfahrt-Gruppenbild-scaled.jpg?resize=863%2C389\" alt=\"\" width=\"863\" height=\"389\" srcset=\"https:\/\/i0.wp.com\/www.wolpertingersfc.de\/wp-content\/uploads\/2024\/06\/2024-Paddelausfahrt-Gruppenbild-scaled.jpg?w=2560 2560w, https:\/\/i0.wp.com\/www.wolpertingersfc.de\/wp-content\/uploads\/2024\/06\/2024-Paddelausfahrt-Gruppenbild-scaled.jpg?resize=300%2C135 300w, https:\/\/i0.wp.com\/www.wolpertingersfc.de\/wp-content\/uploads\/2024\/06\/2024-Paddelausfahrt-Gruppenbild-scaled.jpg?resize=1024%2C461 1024w, https:\/\/i0.wp.com\/www.wolpertingersfc.de\/wp-content\/uploads\/2024\/06\/2024-Paddelausfahrt-Gruppenbild-scaled.jpg?resize=768%2C346 768w, https:\/\/i0.wp.com\/www.wolpertingersfc.de\/wp-content\/uploads\/2024\/06\/2024-Paddelausfahrt-Gruppenbild-scaled.jpg?resize=1536%2C692 1536w, https:\/\/i0.wp.com\/www.wolpertingersfc.de\/wp-content\/uploads\/2024\/06\/2024-Paddelausfahrt-Gruppenbild-scaled.jpg?resize=2048%2C922 2048w, https:\/\/i0.wp.com\/www.wolpertingersfc.de\/wp-content\/uploads\/2024\/06\/2024-Paddelausfahrt-Gruppenbild-scaled.jpg?resize=863%2C389 863w, https:\/\/i0.wp.com\/www.wolpertingersfc.de\/wp-content\/uploads\/2024\/06\/2024-Paddelausfahrt-Gruppenbild-scaled.jpg?resize=240%2C108 240w, https:\/\/i0.wp.com\/www.wolpertingersfc.de\/wp-content\/uploads\/2024\/06\/2024-Paddelausfahrt-Gruppenbild-scaled.jpg?w=1726 1726w\" sizes=\"auto, (max-width: 863px) 100vw, 863px\" \/><\/p>\n<p>Karin Spohn<\/p>\n","protected":false},"excerpt":{"rendered":"<p>Der Wettergott meinte es doch noch gut mit den zw\u00f6lf Wolpertingern, die am Freitag Mittag ins Paddelwochenende starteten. Kaum waren die Zelte im Paddelclub \u00dcberlingen aufgebaut, suchten wir uns ein sch\u00f6nes Pl\u00e4tzchen im Strandbad Ost, wo wir bei Public viewing den Erfolg der deutschen Mannschaft mitfeiern konnten. Der Samstag begann zwar mir Regen aber nach &hellip; <a href=\"http:\/\/www.wolpertingersfc.de\/?p=3690\" class=\"more-link\"><span class=\"screen-reader-text\">Paddelwochenende in \u00dcberlingen vom 14.-16.6.24<\/span> weiterlesen<\/a><\/p>\n","protected":false},"author":1,"featured_media":0,"comment_status":"open","ping_status":"open","sticky":false,"template":"","format":"standard","meta":{"jetpack_post_was_ever_published":false,"_jetpack_newsletter_access":"","_jetpack_dont_email_post_to_subs":false,"_jetpack_newsletter_tier_id":0,"_jetpack_memberships_contains_paywalled_content":false,"_jetpack_memberships_contains_paid_content":false,"footnotes":"","jetpack_publicize_message":"","jetpack_publicize_feature_enabled":true,"jetpack_social_post_already_shared":true,"jetpack_social_options":{"image_generator_settings":{"template":"highway","default_image_id":0,"font":"","enabled":false},"version":2}},"categories":[1],"tags":[],"class_list":["post-3690","post","type-post","status-publish","format-standard","hentry","category-uncategorized"],"jetpack_publicize_connections":[],"jetpack_featured_media_url":"","jetpack_sharing_enabled":true,"jetpack_shortlink":"https:\/\/wp.me\/p8FTYK-Xw","jetpack-related-posts":[{"id":2971,"url":"http:\/\/www.wolpertingersfc.de\/?p=2971","url_meta":{"origin":3690,"position":0},"title":"Paddelwochenende in \u00dcberlingen vom 28.-30.06.2019","author":"Wolpertingersfc","date":"11. Juli 2019","format":false,"excerpt":"Am Freitagmittag machten sich 11 Wolpertinger, teils mit dem Fahrrad, bei hochsommerlichen Temperaturen auf an den Bodensee. Sobald die Zelte standen, zog es jeden magisch ins herrliche Wasser. Bis Sonnenuntergang konnte man die schneebedeckten Berge sehen und es war ein tolles Schwimmerlebnis. Um 7 Uhr morgens zog es die ersten\u2026","rel":"","context":"In &quot;Kajak&quot;","block_context":{"text":"Kajak","link":"http:\/\/www.wolpertingersfc.de\/?cat=12"},"img":{"alt_text":"","src":"https:\/\/i0.wp.com\/www.wolpertingersfc.de\/wp-content\/uploads\/2019\/07\/IMG-20190702-WA0000-169x300.jpg?resize=350%2C200","width":350,"height":200},"classes":[]},{"id":2535,"url":"http:\/\/www.wolpertingersfc.de\/?p=2535","url_meta":{"origin":3690,"position":1},"title":"Paddelwochenende in \u00dcberlingen vom 22. -24. Juni 2018","author":"Wolpertingersfc","date":"2. Juli 2018","format":false,"excerpt":"Unser ehemaliger Wolpertinger Markus lud auch dieses Jahr zum Paddeln auf das Gel\u00e4nde des Paddelclubs \u00dcberlingen ein. F\u00fcnfzehn Wolpertinger reisten am Freitag, teils sehr sportlich mit Fahrrad, oder gut bepackten Autos an. Manch einer testete sofort das sehr erfrischende Wasser\u2026 Nach Zeltaufbau und Vesper folgte ein gem\u00fctlicher Abend bei frischen\u2026","rel":"","context":"In &quot;Kajak&quot;","block_context":{"text":"Kajak","link":"http:\/\/www.wolpertingersfc.de\/?cat=12"},"img":{"alt_text":"","src":"https:\/\/i0.wp.com\/www.wolpertingersfc.de\/wp-content\/uploads\/2018\/07\/Rheinfahrt52-1200x900.jpg?resize=350%2C200","width":350,"height":200,"srcset":"https:\/\/i0.wp.com\/www.wolpertingersfc.de\/wp-content\/uploads\/2018\/07\/Rheinfahrt52-1200x900.jpg?resize=350%2C200 1x, https:\/\/i0.wp.com\/www.wolpertingersfc.de\/wp-content\/uploads\/2018\/07\/Rheinfahrt52-1200x900.jpg?resize=525%2C300 1.5x, https:\/\/i0.wp.com\/www.wolpertingersfc.de\/wp-content\/uploads\/2018\/07\/Rheinfahrt52-1200x900.jpg?resize=700%2C400 2x, https:\/\/i0.wp.com\/www.wolpertingersfc.de\/wp-content\/uploads\/2018\/07\/Rheinfahrt52-1200x900.jpg?resize=1050%2C600 3x"},"classes":[]},{"id":2955,"url":"http:\/\/www.wolpertingersfc.de\/?p=2955","url_meta":{"origin":3690,"position":2},"title":"Bodenseeausfahrt  28.-30.06.2019","author":"Wolpertingersfc","date":"21. Juni 2019","format":false,"excerpt":"Am Wochenende 28.-30.06.2019 wollen wir wieder ein Wochenende am Bodensee beim Paddelclub \u00dcberlingen verbringen. Wir \u00fcbernachten auf der Vereinswiese des Paddelclubs \u00dcberlingen in Zelten. Die K\u00fcche und die Sanit\u00e4ranlagen des PC\u00dc stehen uns zur Verf\u00fcgung Anreise Freitag oder Samstag Freitags sorgt jeder selbst\u00e4ndig f\u00fcr seine Verpflegung. Am Samstag schmieden wir\u2026","rel":"","context":"In &quot;Kajak&quot;","block_context":{"text":"Kajak","link":"http:\/\/www.wolpertingersfc.de\/?cat=12"},"img":{"alt_text":"","src":"https:\/\/i0.wp.com\/www.wolpertingersfc.de\/wp-content\/uploads\/2019\/06\/B1-300x225.jpg?resize=350%2C200","width":350,"height":200},"classes":[]},{"id":2407,"url":"http:\/\/www.wolpertingersfc.de\/?p=2407","url_meta":{"origin":3690,"position":3},"title":"Bodenseeausfahrt  22.-24.06.2018","author":"Wolpertingersfc","date":"10. Mai 2018","format":false,"excerpt":"Am Wochenende 22.-24.06.18 wollen wir wieder ein Wochenende am Bodensee beim Paddelclub \u00dcberlingen verbringen. Wir \u00fcbernachten auf der Vereinswiese des Paddelclubs \u00dcberlingen in Zelten. Die K\u00fcche und die Sanit\u00e4ranlagen des PC\u00dc stehen uns zur Verf\u00fcgung Anreise Freitag oder Samstag. Freitags sorgt jeder selbst\u00e4ndig f\u00fcr seine Verpflegung. Am Samstag schmieden wir\u2026","rel":"","context":"In &quot;Kajak&quot;","block_context":{"text":"Kajak","link":"http:\/\/www.wolpertingersfc.de\/?cat=12"},"img":{"alt_text":"","src":"https:\/\/i0.wp.com\/www.wolpertingersfc.de\/wp-content\/uploads\/2018\/05\/Ausschreibung_1-300x225.jpg?resize=350%2C200","width":350,"height":200},"classes":[]},{"id":3757,"url":"http:\/\/www.wolpertingersfc.de\/?p=3757","url_meta":{"origin":3690,"position":4},"title":"Wolpertinger Pedelec- und Fahrradtour nach Oberschwaben 10.-13. Mai 2025","author":"Wolpertingersfc","date":"16. Mai 2025","format":false,"excerpt":"Bei perfektem Radlwetter starteten 19 Wolpertinger am Samstag ihre Tour nach Oberschwaben. Nach dem Albaufstieg, ging es ab Gomadingen das wundersch\u00f6ne Lautertal entlang, dann weiter zum Kloster Obermarchtal. Nach knapp 70 km war es toll, dass das Abendessen- Buffet schon auf uns wartete- zum Ausklang des sch\u00f6nen Tages waren wir\u2026","rel":"","context":"\u00c4hnlicher Beitrag","block_context":{"text":"\u00c4hnlicher Beitrag","link":""},"img":{"alt_text":"","src":"https:\/\/i0.wp.com\/www.wolpertingersfc.de\/wp-content\/uploads\/2025\/05\/Radtour25.jpg?resize=350%2C200","width":350,"height":200,"srcset":"https:\/\/i0.wp.com\/www.wolpertingersfc.de\/wp-content\/uploads\/2025\/05\/Radtour25.jpg?resize=350%2C200 1x, https:\/\/i0.wp.com\/www.wolpertingersfc.de\/wp-content\/uploads\/2025\/05\/Radtour25.jpg?resize=525%2C300 1.5x, https:\/\/i0.wp.com\/www.wolpertingersfc.de\/wp-content\/uploads\/2025\/05\/Radtour25.jpg?resize=700%2C400 2x, https:\/\/i0.wp.com\/www.wolpertingersfc.de\/wp-content\/uploads\/2025\/05\/Radtour25.jpg?resize=1050%2C600 3x, https:\/\/i0.wp.com\/www.wolpertingersfc.de\/wp-content\/uploads\/2025\/05\/Radtour25.jpg?resize=1400%2C800 4x"},"classes":[]},{"id":3026,"url":"http:\/\/www.wolpertingersfc.de\/?p=3026","url_meta":{"origin":3690,"position":5},"title":"Klettertag im Donautal","author":"Wolpertingersfc","date":"21. Juli 2019","format":false,"excerpt":"Eigentlich sollte es am Wochenende in die Allg\u00e4uer Berge gehen. Die Hermann-von-Barth- H\u00fctte war gebucht, Aufstieg vom Lechtal. Aus der Wettervorhersage wurde aber immer deutlicher: das Klettern w\u00fcrde bei 5\u00b0C mit klammen Fingern und akuter Gewittergefahr stattfinden, und das sollte nicht sein. Also suchten wir, Gerold, G\u00fcnter, Hendrik, Sigi und\u2026","rel":"","context":"In &quot;Klettern&quot;","block_context":{"text":"Klettern","link":"http:\/\/www.wolpertingersfc.de\/?cat=13"},"img":{"alt_text":"","src":"https:\/\/i0.wp.com\/www.wolpertingersfc.de\/wp-content\/uploads\/2019\/07\/P1070324-768x1024-225x300.jpg?resize=350%2C200","width":350,"height":200},"classes":[]}],"_links":{"self":[{"href":"http:\/\/www.wolpertingersfc.de\/index.php?rest_route=\/wp\/v2\/posts\/3690","targetHints":{"allow":["GET"]}}],"collection":[{"href":"http:\/\/www.wolpertingersfc.de\/index.php?rest_route=\/wp\/v2\/posts"}],"about":[{"href":"http:\/\/www.wolpertingersfc.de\/index.php?rest_route=\/wp\/v2\/types\/post"}],"author":[{"embeddable":true,"href":"http:\/\/www.wolpertingersfc.de\/index.php?rest_route=\/wp\/v2\/users\/1"}],"replies":[{"embeddable":true,"href":"http:\/\/www.wolpertingersfc.de\/index.php?rest_route=%2Fwp%2Fv2%2Fcomments&post=3690"}],"version-history":[{"count":1,"href":"http:\/\/www.wolpertingersfc.de\/index.php?rest_route=\/wp\/v2\/posts\/3690\/revisions"}],"predecessor-version":[{"id":3692,"href":"http:\/\/www.wolpertingersfc.de\/index.php?rest_route=\/wp\/v2\/posts\/3690\/revisions\/3692"}],"wp:attachment":[{"href":"http:\/\/www.wolpertingersfc.de\/index.php?rest_route=%2Fwp%2Fv2%2Fmedia&parent=3690"}],"wp:term":[{"taxonomy":"category","embeddable":true,"href":"http:\/\/www.wolpertingersfc.de\/index.php?rest_route=%2Fwp%2Fv2%2Fcategories&post=3690"},{"taxonomy":"post_tag","embeddable":true,"href":"http:\/\/www.wolpertingersfc.de\/index.php?rest_route=%2Fwp%2Fv2%2Ftags&post=3690"}],"curies":[{"name":"wp","href":"https:\/\/api.w.org\/{rel}","templated":true}]}}