{"id":3680,"date":"2024-06-11T21:10:56","date_gmt":"2024-06-11T19:10:56","guid":{"rendered":"http:\/\/www.wolpertingersfc.de\/?p=3680"},"modified":"2024-06-11T21:11:33","modified_gmt":"2024-06-11T19:11:33","slug":"bouleplatz-goenningen-spatenstich-und-baubeginn","status":"publish","type":"post","link":"http:\/\/www.wolpertingersfc.de\/?p=3680","title":{"rendered":"Bouleplatz G\u00f6nningen &#8211; Spatenstich und Baubeginn"},"content":{"rendered":"<p>Wie ihr sicherlich schon aus der Presse vernommen habt, baut der Wolpertinger Sport- und Freizeitclub e.V. gemeinsam mit der TG G\u00f6nningen e.V. einen Bouleplatz auf dem Spielplatz B\u00e4ckergasse, direkt hinter unserem Nahversorger Hummel in der Ortsmitte von G\u00f6nningen.<\/p>\n<p><a href=\"https:\/\/i0.wp.com\/www.wolpertingersfc.de\/wp-content\/uploads\/2024\/06\/Spatenstich.jpg\" target=\"_blank\" rel=\"noopener\"><img data-recalc-dims=\"1\" loading=\"lazy\" decoding=\"async\" data-attachment-id=\"3681\" data-permalink=\"http:\/\/www.wolpertingersfc.de\/?attachment_id=3681\" data-orig-file=\"https:\/\/i0.wp.com\/www.wolpertingersfc.de\/wp-content\/uploads\/2024\/06\/Spatenstich.jpg?fit=1600%2C739\" data-orig-size=\"1600,739\" data-comments-opened=\"1\" data-image-meta=\"{&quot;aperture&quot;:&quot;0&quot;,&quot;credit&quot;:&quot;&quot;,&quot;camera&quot;:&quot;&quot;,&quot;caption&quot;:&quot;&quot;,&quot;created_timestamp&quot;:&quot;0&quot;,&quot;copyright&quot;:&quot;&quot;,&quot;focal_length&quot;:&quot;0&quot;,&quot;iso&quot;:&quot;0&quot;,&quot;shutter_speed&quot;:&quot;0&quot;,&quot;title&quot;:&quot;&quot;,&quot;orientation&quot;:&quot;0&quot;}\" data-image-title=\"Spatenstich\" data-image-description=\"\" data-image-caption=\"\" data-medium-file=\"https:\/\/i0.wp.com\/www.wolpertingersfc.de\/wp-content\/uploads\/2024\/06\/Spatenstich.jpg?fit=300%2C139\" data-large-file=\"https:\/\/i0.wp.com\/www.wolpertingersfc.de\/wp-content\/uploads\/2024\/06\/Spatenstich.jpg?fit=863%2C399\" class=\"alignnone wp-image-3681 size-full\" src=\"https:\/\/i0.wp.com\/www.wolpertingersfc.de\/wp-content\/uploads\/2024\/06\/Spatenstich.jpg?resize=863%2C399\" alt=\"\" width=\"863\" height=\"399\" srcset=\"https:\/\/i0.wp.com\/www.wolpertingersfc.de\/wp-content\/uploads\/2024\/06\/Spatenstich.jpg?w=1600 1600w, https:\/\/i0.wp.com\/www.wolpertingersfc.de\/wp-content\/uploads\/2024\/06\/Spatenstich.jpg?resize=300%2C139 300w, https:\/\/i0.wp.com\/www.wolpertingersfc.de\/wp-content\/uploads\/2024\/06\/Spatenstich.jpg?resize=1024%2C473 1024w, https:\/\/i0.wp.com\/www.wolpertingersfc.de\/wp-content\/uploads\/2024\/06\/Spatenstich.jpg?resize=768%2C355 768w, https:\/\/i0.wp.com\/www.wolpertingersfc.de\/wp-content\/uploads\/2024\/06\/Spatenstich.jpg?resize=1536%2C709 1536w, https:\/\/i0.wp.com\/www.wolpertingersfc.de\/wp-content\/uploads\/2024\/06\/Spatenstich.jpg?resize=863%2C399 863w, https:\/\/i0.wp.com\/www.wolpertingersfc.de\/wp-content\/uploads\/2024\/06\/Spatenstich.jpg?resize=234%2C108 234w\" sizes=\"auto, (max-width: 863px) 100vw, 863px\" \/><\/a><br \/>\nDer Spatenstich erfolgte am 07.06.24 unter Mitwirkung von Bezirksb\u00fcrgermeisterin Christel Pahl, Vertretern beider Vereine sowie dem Bauunternehmer Reiner Sch\u00e4dler. Baubeginn war der 10.06.2024, wir rechnen mit ca. 2 Wochen Bauzeit bis zur Fertigstellung.<br \/>\nDer Platz wird 7m x 15m gro\u00df und kann somit auch mit 2 Gruppen gleichzeitig bespielt werden. Die Kosten f\u00fcr die Anlage werden von beiden Vereinen in gleichen Teilen getragen.<\/p>\n<p><a href=\"https:\/\/i0.wp.com\/www.wolpertingersfc.de\/wp-content\/uploads\/2024\/06\/Baubeginn-scaled.jpg\" target=\"_blank\" rel=\"noopener\"><img data-recalc-dims=\"1\" loading=\"lazy\" decoding=\"async\" data-attachment-id=\"3682\" data-permalink=\"http:\/\/www.wolpertingersfc.de\/?attachment_id=3682\" data-orig-file=\"https:\/\/i0.wp.com\/www.wolpertingersfc.de\/wp-content\/uploads\/2024\/06\/Baubeginn-scaled.jpg?fit=2560%2C1153\" data-orig-size=\"2560,1153\" data-comments-opened=\"1\" data-image-meta=\"{&quot;aperture&quot;:&quot;1.8&quot;,&quot;credit&quot;:&quot;&quot;,&quot;camera&quot;:&quot;SM-G780F&quot;,&quot;caption&quot;:&quot;&quot;,&quot;created_timestamp&quot;:&quot;1718033626&quot;,&quot;copyright&quot;:&quot;&quot;,&quot;focal_length&quot;:&quot;5.4&quot;,&quot;iso&quot;:&quot;50&quot;,&quot;shutter_speed&quot;:&quot;0.00080128205128205&quot;,&quot;title&quot;:&quot;&quot;,&quot;orientation&quot;:&quot;1&quot;}\" data-image-title=\"Baubeginn\" data-image-description=\"\" data-image-caption=\"\" data-medium-file=\"https:\/\/i0.wp.com\/www.wolpertingersfc.de\/wp-content\/uploads\/2024\/06\/Baubeginn-scaled.jpg?fit=300%2C135\" data-large-file=\"https:\/\/i0.wp.com\/www.wolpertingersfc.de\/wp-content\/uploads\/2024\/06\/Baubeginn-scaled.jpg?fit=863%2C389\" class=\"alignnone wp-image-3682 size-full\" src=\"https:\/\/i0.wp.com\/www.wolpertingersfc.de\/wp-content\/uploads\/2024\/06\/Baubeginn-scaled.jpg?resize=863%2C389\" alt=\"\" width=\"863\" height=\"389\" srcset=\"https:\/\/i0.wp.com\/www.wolpertingersfc.de\/wp-content\/uploads\/2024\/06\/Baubeginn-scaled.jpg?w=2560 2560w, https:\/\/i0.wp.com\/www.wolpertingersfc.de\/wp-content\/uploads\/2024\/06\/Baubeginn-scaled.jpg?resize=300%2C135 300w, https:\/\/i0.wp.com\/www.wolpertingersfc.de\/wp-content\/uploads\/2024\/06\/Baubeginn-scaled.jpg?resize=1024%2C461 1024w, https:\/\/i0.wp.com\/www.wolpertingersfc.de\/wp-content\/uploads\/2024\/06\/Baubeginn-scaled.jpg?resize=768%2C346 768w, https:\/\/i0.wp.com\/www.wolpertingersfc.de\/wp-content\/uploads\/2024\/06\/Baubeginn-scaled.jpg?resize=1536%2C692 1536w, https:\/\/i0.wp.com\/www.wolpertingersfc.de\/wp-content\/uploads\/2024\/06\/Baubeginn-scaled.jpg?resize=2048%2C922 2048w, https:\/\/i0.wp.com\/www.wolpertingersfc.de\/wp-content\/uploads\/2024\/06\/Baubeginn-scaled.jpg?resize=863%2C389 863w, https:\/\/i0.wp.com\/www.wolpertingersfc.de\/wp-content\/uploads\/2024\/06\/Baubeginn-scaled.jpg?resize=240%2C108 240w, https:\/\/i0.wp.com\/www.wolpertingersfc.de\/wp-content\/uploads\/2024\/06\/Baubeginn-scaled.jpg?w=1726 1726w\" sizes=\"auto, (max-width: 863px) 100vw, 863px\" \/><\/a><\/p>\n<p>Ziel der gemeinsamen Aktion ist, Menschen f\u00fcr den Sport zu begeistern, sowie die Kommunikation und das Miteinander im Ort zu f\u00f6rdern.<br \/>\nBoule ist eine Sportart, die bis ins hohe Alter gespielt werden kann. Unsere \u00dcbungsleiter haben sich bereits im Vorfeld durch Weiterbildungsma\u00dfnahmen qualifiziert, sodass wir unmittelbar nach der Fertigstellung der Bahn mit dem Boulesport beginnen k\u00f6nnen.<br \/>\nDie Einweihung der Anlage wird auf Anfang September geplant. Wir freuen uns heute schon auf viele, nicht nur sportliche Begegnungen.<\/p>\n<p>Sigi Randecker, 2. Vorsitzender<\/p>\n","protected":false},"excerpt":{"rendered":"<p>Wie ihr sicherlich schon aus der Presse vernommen habt, baut der Wolpertinger Sport- und Freizeitclub e.V. gemeinsam mit der TG G\u00f6nningen e.V. einen Bouleplatz auf dem Spielplatz B\u00e4ckergasse, direkt hinter unserem Nahversorger Hummel in der Ortsmitte von G\u00f6nningen. Der Spatenstich erfolgte am 07.06.24 unter Mitwirkung von Bezirksb\u00fcrgermeisterin Christel Pahl, Vertretern beider Vereine sowie dem Bauunternehmer &hellip; <a href=\"http:\/\/www.wolpertingersfc.de\/?p=3680\" class=\"more-link\"><span class=\"screen-reader-text\">Bouleplatz G\u00f6nningen &#8211; Spatenstich und Baubeginn<\/span> weiterlesen<\/a><\/p>\n","protected":false},"author":1,"featured_media":0,"comment_status":"open","ping_status":"open","sticky":false,"template":"","format":"standard","meta":{"jetpack_post_was_ever_published":false,"_jetpack_newsletter_access":"","_jetpack_dont_email_post_to_subs":false,"_jetpack_newsletter_tier_id":0,"_jetpack_memberships_contains_paywalled_content":false,"_jetpack_memberships_contains_paid_content":false,"footnotes":"","jetpack_publicize_message":"","jetpack_publicize_feature_enabled":true,"jetpack_social_post_already_shared":true,"jetpack_social_options":{"image_generator_settings":{"template":"highway","default_image_id":0,"font":"","enabled":false},"version":2}},"categories":[1],"tags":[],"class_list":["post-3680","post","type-post","status-publish","format-standard","hentry","category-uncategorized"],"jetpack_publicize_connections":[],"jetpack_featured_media_url":"","jetpack_sharing_enabled":true,"jetpack_shortlink":"https:\/\/wp.me\/p8FTYK-Xm","jetpack-related-posts":[{"id":3704,"url":"http:\/\/www.wolpertingersfc.de\/?p=3704","url_meta":{"origin":3680,"position":0},"title":"Bouleplatzeinweihung und Bouleturnier","author":"Wolpertingersfc","date":"23. September 2024","format":false,"excerpt":"Endlich war es soweit, der Bouleplatz G\u00f6nningen konnte am 08.September 2024 mit einem \u00fcberaus spannenden und kurzweiligen Bouleturnier mit sage und schreibe 18 Mann(Frau)schaften sowie den Reden der Bezirksb\u00fcrgermeisterin Christel Pahl und den Vereinsvorsitzenden Klaus-Dieter Modrow vom Wolpertinger Sport- und Freizeitclub e.V. und Markus Scheurer von der TG G\u00f6nningen eingeweiht\u2026","rel":"","context":"\u00c4hnlicher Beitrag","block_context":{"text":"\u00c4hnlicher Beitrag","link":""},"img":{"alt_text":"","src":"https:\/\/i0.wp.com\/www.wolpertingersfc.de\/wp-content\/uploads\/2024\/09\/20240723_152711-300x225.jpg?resize=350%2C200","width":350,"height":200},"classes":[]},{"id":3277,"url":"http:\/\/www.wolpertingersfc.de\/?p=3277","url_meta":{"origin":3680,"position":1},"title":"Tauchpraxis Plansee vom 02.07. bis 05.07.2020","author":"Wolpertingersfc","date":"15. Januar 2020","format":false,"excerpt":"\u00a0\u00a0\u00a0\u00a0\u00a0\u00a0\u00a0\u00a0\u00a0\u00a0\u00a0\u00a0\u00a0\u00a0\u00a0\u00a0\u00a0\u00a0\u00a0\u00a0\u00a0\u00a0\u00a0\u00a0\u00a0\u00a0\u00a0\u00a0\u00a0\u00a0\u00a0\u00a0\u00a0\u00a0\u00a0\u00a0\u00a0\u00a0\u00a0\u00a0\u00a0\u00a0\u00a0\u00a0\u00a0\u00a0\u00a0\u00a0\u00a0\u00a0 Ort: Plansee \u201eCampingplatz Sennalpe\u201c bei Reutte in \u00d6sterreich Info zum Platz und Preise unter: www.camping-plansee.at Telefon: 0043 5672 \/ 78115 Tauchen: Donnerstag, Freitag und Samstag werden wir dann im Plansee tauchen. F\u00fcr den Plansee ist eine Tauchgenehmigung erforderlich, die erhalten wir wie \u00fcblich im B\u00fcro des Campingplatzes. Achtung! Die\u2026","rel":"","context":"In &quot;Tauchen&quot;","block_context":{"text":"Tauchen","link":"http:\/\/www.wolpertingersfc.de\/?cat=8"},"img":{"alt_text":"","src":"https:\/\/i0.wp.com\/www.wolpertingersfc.de\/wp-content\/uploads\/2017\/07\/Tauchender_Wolpertinger.jpg?resize=350%2C200","width":350,"height":200},"classes":[]},{"id":2820,"url":"http:\/\/www.wolpertingersfc.de\/?p=2820","url_meta":{"origin":3680,"position":2},"title":"Orientalisches Tanzen &#8211; Neue Zeit neues Thema","author":"Wolpertingersfc","date":"9. April 2019","format":false,"excerpt":"Inspiriert durch den Fr\u00fchling wollen wir nun unseren Tanz durch den Tanz mit dem Schleier erweitern und bereichern. Gemeinsam wollen wir die Technik des Schleiertanzes erlernen, Schritt f\u00fcr Schritt den Umgang und einzelne Figuren mit dem Schleier erlernen oder\/ und wieder auffrischen. Gemeinsam mit unserer Tanzlehrerin Johanna die Elemente in\u2026","rel":"","context":"\u00c4hnlicher Beitrag","block_context":{"text":"\u00c4hnlicher Beitrag","link":""},"img":{"alt_text":"","src":"","width":0,"height":0},"classes":[]},{"id":3144,"url":"http:\/\/www.wolpertingersfc.de\/?p=3144","url_meta":{"origin":3680,"position":3},"title":"Wanderung auf dem B\u00e4nklesweg rund um G\u00f6nningen","author":"Wolpertingersfc","date":"27. August 2019","format":false,"excerpt":"Wir wollen am Sonntag, 15. September 2019 eine gem\u00fctliche Wanderung von ca. 10 km rund um G\u00f6nningen auf dem neuen B\u00e4nklesweg unternehmen. Treffpunkt ist um 11.00 Uhr am Parkplatz Lenzensteigle unterhalb des Wasserhochbeh\u00e4lters. Zum Abschluss wollen wir auf einer gegen\u00fcberliegenden Wiese den Nachmittag beim Grillen gem\u00fctlich ausklingen lassen. F\u00fcr Essen\u2026","rel":"","context":"\u00c4hnlicher Beitrag","block_context":{"text":"\u00c4hnlicher Beitrag","link":""},"img":{"alt_text":"","src":"","width":0,"height":0},"classes":[]},{"id":3232,"url":"http:\/\/www.wolpertingersfc.de\/?p=3232","url_meta":{"origin":3680,"position":4},"title":"Neuauflage des Wanderwettbewerbs, wandern spielerisch erleben","author":"Wolpertingersfc","date":"29. September 2019","format":false,"excerpt":"Am 1. November 2019 l\u00e4dt die Ortsgruppe G\u00f6nningen des Schw\u00e4bischen Albvereins andere Ortsgruppen und sonstige Interessierte zur Neuauflage des traditionellen Wanderwettbewerbs im Lichtensteingau ein. Alle auf die der Begriff Wettbewerb abschreckend wirkt, k\u00f6nnen wir schon einmal beruhigen: Bei dem nicht ganz ernst gemeintem Wettbewerb geht es nicht darum, wer am\u2026","rel":"","context":"\u00c4hnlicher Beitrag","block_context":{"text":"\u00c4hnlicher Beitrag","link":""},"img":{"alt_text":"","src":"https:\/\/i0.wp.com\/www.wolpertingersfc.de\/wp-content\/uploads\/2019\/09\/Bild-1024x684.jpg?resize=350%2C200","width":350,"height":200,"srcset":"https:\/\/i0.wp.com\/www.wolpertingersfc.de\/wp-content\/uploads\/2019\/09\/Bild-1024x684.jpg?resize=350%2C200 1x, https:\/\/i0.wp.com\/www.wolpertingersfc.de\/wp-content\/uploads\/2019\/09\/Bild-1024x684.jpg?resize=525%2C300 1.5x, https:\/\/i0.wp.com\/www.wolpertingersfc.de\/wp-content\/uploads\/2019\/09\/Bild-1024x684.jpg?resize=700%2C400 2x"},"classes":[]},{"id":3720,"url":"http:\/\/www.wolpertingersfc.de\/?p=3720","url_meta":{"origin":3680,"position":5},"title":"Notfalltasche zur Laienreanimation","author":"Wolpertingersfc","date":"2. Dezember 2024","format":false,"excerpt":"Im Rahmen des Projektes \"Herzsicher\" hat die Bj\u00f6rn Steiger Stiftung die Vision, m\u00f6glichst viele Personen in der Laienreanimation auszubilden und alle Vereine kostenlos mit einer Notfalltasche zur Laienreanimation auszustatten. Diese Initiative zielt darauf ab, die Sicherheit in Sportvereinen zu erh\u00f6hen und im Ernstfall schnelle, lebensrettende Ma\u00dfnahmen zu erm\u00f6glichen. Das Projekt\u2026","rel":"","context":"\u00c4hnlicher Beitrag","block_context":{"text":"\u00c4hnlicher Beitrag","link":""},"img":{"alt_text":"","src":"https:\/\/i0.wp.com\/www.wolpertingersfc.de\/wp-content\/uploads\/2024\/12\/Bild1.png?resize=350%2C200","width":350,"height":200,"srcset":"https:\/\/i0.wp.com\/www.wolpertingersfc.de\/wp-content\/uploads\/2024\/12\/Bild1.png?resize=350%2C200 1x, https:\/\/i0.wp.com\/www.wolpertingersfc.de\/wp-content\/uploads\/2024\/12\/Bild1.png?resize=525%2C300 1.5x"},"classes":[]}],"_links":{"self":[{"href":"http:\/\/www.wolpertingersfc.de\/index.php?rest_route=\/wp\/v2\/posts\/3680","targetHints":{"allow":["GET"]}}],"collection":[{"href":"http:\/\/www.wolpertingersfc.de\/index.php?rest_route=\/wp\/v2\/posts"}],"about":[{"href":"http:\/\/www.wolpertingersfc.de\/index.php?rest_route=\/wp\/v2\/types\/post"}],"author":[{"embeddable":true,"href":"http:\/\/www.wolpertingersfc.de\/index.php?rest_route=\/wp\/v2\/users\/1"}],"replies":[{"embeddable":true,"href":"http:\/\/www.wolpertingersfc.de\/index.php?rest_route=%2Fwp%2Fv2%2Fcomments&post=3680"}],"version-history":[{"count":2,"href":"http:\/\/www.wolpertingersfc.de\/index.php?rest_route=\/wp\/v2\/posts\/3680\/revisions"}],"predecessor-version":[{"id":3684,"href":"http:\/\/www.wolpertingersfc.de\/index.php?rest_route=\/wp\/v2\/posts\/3680\/revisions\/3684"}],"wp:attachment":[{"href":"http:\/\/www.wolpertingersfc.de\/index.php?rest_route=%2Fwp%2Fv2%2Fmedia&parent=3680"}],"wp:term":[{"taxonomy":"category","embeddable":true,"href":"http:\/\/www.wolpertingersfc.de\/index.php?rest_route=%2Fwp%2Fv2%2Fcategories&post=3680"},{"taxonomy":"post_tag","embeddable":true,"href":"http:\/\/www.wolpertingersfc.de\/index.php?rest_route=%2Fwp%2Fv2%2Ftags&post=3680"}],"curies":[{"name":"wp","href":"https:\/\/api.w.org\/{rel}","templated":true}]}}