{"id":3524,"date":"2022-10-10T10:42:18","date_gmt":"2022-10-10T08:42:18","guid":{"rendered":"http:\/\/www.wolpertingersfc.de\/?p=3524"},"modified":"2022-10-10T12:50:49","modified_gmt":"2022-10-10T10:50:49","slug":"habt-ihr-lust-auf-badminton","status":"publish","type":"post","link":"http:\/\/www.wolpertingersfc.de\/?p=3524","title":{"rendered":"Habt ihr Lust auf Badminton?"},"content":{"rendered":"<p>Ab sofort m\u00f6chten wir in unserem Dienstagsport \u201eBadminton ohne Leistungsdruck\u201c anbieten.<\/p>\n<p>Bei uns steht der \u201eSpa\u00df an Bewegung im Team\u201c im Vordergrund. Wir trainieren so alle motorischen Grundeigenschaften wie z.B. Koordination, Kondition, Reflexe und Schnelligkeit. Im Vorfeld machen wir uns mit diversen \u00dcbungen warm.<\/p>\n<p>Willkommen sind alle sportbegeisterten Menschen, die Lust auf Bewegung und Geselligkeit haben.<\/p>\n<p>Der Wolpertinger SFC verf\u00fcgt \u00fcber eine Grundausstattung wie z.B. Schl\u00e4ger und B\u00e4lle, also einfach vorbeikommen und dabei sein.<\/p>\n<p>Wann?\u00a0\u00a0\u00a0\u00a0\u00a0\u00a0\u00a0\u00a0 \u00a0 \u00a0 \u00a0 \u00a0 \u00a0 \u00a0 \u00a0 Dienstags um 20:30 Uhr<\/p>\n<p>Wo?\u00a0\u00a0\u00a0\u00a0\u00a0\u00a0\u00a0\u00a0\u00a0\u00a0\u00a0\u00a0 \u00a0 \u00a0 \u00a0 \u00a0 \u00a0 \u00a0 \u00a0\u00a0 in der Ro\u00dfberghalle in G\u00f6nningen<\/p>\n<p>Ansprechpartner:\u00a0\u00a0\u00a0 Frieder Randecker<\/p>\n<p>E-Mail:\u00a0\u00a0\u00a0\u00a0\u00a0\u00a0\u00a0\u00a0\u00a0\u00a0\u00a0\u00a0\u00a0\u00a0\u00a0\u00a0\u00a0\u00a0\u00a0\u00a0\u00a0 Frieder.Randecker@Wolpertingersfc.de<\/p>\n","protected":false},"excerpt":{"rendered":"<p>Ab sofort m\u00f6chten wir in unserem Dienstagsport \u201eBadminton ohne Leistungsdruck\u201c anbieten. Bei uns steht der \u201eSpa\u00df an Bewegung im Team\u201c im Vordergrund. Wir trainieren so alle motorischen Grundeigenschaften wie z.B. Koordination, Kondition, Reflexe und Schnelligkeit. Im Vorfeld machen wir uns mit diversen \u00dcbungen warm. Willkommen sind alle sportbegeisterten Menschen, die Lust auf Bewegung und Geselligkeit &hellip; <a href=\"http:\/\/www.wolpertingersfc.de\/?p=3524\" class=\"more-link\"><span class=\"screen-reader-text\">Habt ihr Lust auf Badminton?<\/span> weiterlesen<\/a><\/p>\n","protected":false},"author":1,"featured_media":0,"comment_status":"open","ping_status":"open","sticky":false,"template":"","format":"standard","meta":{"jetpack_post_was_ever_published":false,"_jetpack_newsletter_access":"","_jetpack_dont_email_post_to_subs":false,"_jetpack_newsletter_tier_id":0,"_jetpack_memberships_contains_paywalled_content":false,"_jetpack_memberships_contains_paid_content":false,"footnotes":"","jetpack_publicize_message":"","jetpack_publicize_feature_enabled":true,"jetpack_social_post_already_shared":true,"jetpack_social_options":{"image_generator_settings":{"template":"highway","default_image_id":0,"font":"","enabled":false},"version":2}},"categories":[10],"tags":[],"class_list":["post-3524","post","type-post","status-publish","format-standard","hentry","category-allgemeinsport"],"jetpack_publicize_connections":[],"jetpack_featured_media_url":"","jetpack_sharing_enabled":true,"jetpack_shortlink":"https:\/\/wp.me\/p8FTYK-UQ","jetpack-related-posts":[{"id":3704,"url":"http:\/\/www.wolpertingersfc.de\/?p=3704","url_meta":{"origin":3524,"position":0},"title":"Bouleplatzeinweihung und Bouleturnier","author":"Wolpertingersfc","date":"23. September 2024","format":false,"excerpt":"Endlich war es soweit, der Bouleplatz G\u00f6nningen konnte am 08.September 2024 mit einem \u00fcberaus spannenden und kurzweiligen Bouleturnier mit sage und schreibe 18 Mann(Frau)schaften sowie den Reden der Bezirksb\u00fcrgermeisterin Christel Pahl und den Vereinsvorsitzenden Klaus-Dieter Modrow vom Wolpertinger Sport- und Freizeitclub e.V. und Markus Scheurer von der TG G\u00f6nningen eingeweiht\u2026","rel":"","context":"\u00c4hnlicher Beitrag","block_context":{"text":"\u00c4hnlicher Beitrag","link":""},"img":{"alt_text":"","src":"https:\/\/i0.wp.com\/www.wolpertingersfc.de\/wp-content\/uploads\/2024\/09\/20240723_152711-300x225.jpg?resize=350%2C200","width":350,"height":200},"classes":[]},{"id":3237,"url":"http:\/\/www.wolpertingersfc.de\/?p=3237","url_meta":{"origin":3524,"position":1},"title":"Tessin 2019 \u2013 Tauchausfahrt oder kulinarisches Meisterwerk?  Ganz klar: BEIDES  \uf04a","author":"Wolpertingersfc","date":"6. November 2019","format":false,"excerpt":"\u00a0 Dieses Jahr sind wir vom 30.\/31.08. bis zum 07.09.2019 im meist sonnigen Tenero im Tessin auf der Schweizer-Seite gewesen. Wir waren sage und schreibe eine Meute von 17 Personen, von Jung bis \u00c4lter, \u00fcber M\u00e4nnlein und Weiblein bis zu Taucher und Nicht-Taucher, eine bunt gemischte lustige Truppe. Untergebracht waren\u2026","rel":"","context":"In &quot;Tauchen&quot;","block_context":{"text":"Tauchen","link":"http:\/\/www.wolpertingersfc.de\/?cat=8"},"img":{"alt_text":"","src":"https:\/\/i0.wp.com\/www.wolpertingersfc.de\/wp-content\/uploads\/2019\/11\/b13.jpg?resize=350%2C200","width":350,"height":200,"srcset":"https:\/\/i0.wp.com\/www.wolpertingersfc.de\/wp-content\/uploads\/2019\/11\/b13.jpg?resize=350%2C200 1x, https:\/\/i0.wp.com\/www.wolpertingersfc.de\/wp-content\/uploads\/2019\/11\/b13.jpg?resize=525%2C300 1.5x, https:\/\/i0.wp.com\/www.wolpertingersfc.de\/wp-content\/uploads\/2019\/11\/b13.jpg?resize=700%2C400 2x"},"classes":[]},{"id":3694,"url":"http:\/\/www.wolpertingersfc.de\/?p=3694","url_meta":{"origin":3524,"position":2},"title":"Wolpertinger Radtour vom 29.6.- 2.7.2024","author":"Wolpertingersfc","date":"4. Juli 2024","format":false,"excerpt":"Am fr\u00fchen Samstag starteten 20 Wolpertinger von U 30 bis \u00dc 80 in G\u00f6nningen ihre Tour. Bei gut 30 Grad radelten wir \u00fcber T\u00fcbingen, Herrenberg zur Mittagsrast nach Affst\u00e4tt, dann weiter nach Calw, wo eine Abk\u00fchlung mit Eisbecher und kalten Getr\u00e4nken dringend n\u00f6tig war. Nach 70 km erreichten wir unser\u2026","rel":"","context":"\u00c4hnlicher Beitrag","block_context":{"text":"\u00c4hnlicher Beitrag","link":""},"img":{"alt_text":"","src":"https:\/\/i0.wp.com\/www.wolpertingersfc.de\/wp-content\/uploads\/2024\/07\/2024-07-03-Gruppenbild-Radtour.jpg?resize=350%2C200","width":350,"height":200,"srcset":"https:\/\/i0.wp.com\/www.wolpertingersfc.de\/wp-content\/uploads\/2024\/07\/2024-07-03-Gruppenbild-Radtour.jpg?resize=350%2C200 1x, https:\/\/i0.wp.com\/www.wolpertingersfc.de\/wp-content\/uploads\/2024\/07\/2024-07-03-Gruppenbild-Radtour.jpg?resize=525%2C300 1.5x, https:\/\/i0.wp.com\/www.wolpertingersfc.de\/wp-content\/uploads\/2024\/07\/2024-07-03-Gruppenbild-Radtour.jpg?resize=700%2C400 2x, https:\/\/i0.wp.com\/www.wolpertingersfc.de\/wp-content\/uploads\/2024\/07\/2024-07-03-Gruppenbild-Radtour.jpg?resize=1050%2C600 3x, https:\/\/i0.wp.com\/www.wolpertingersfc.de\/wp-content\/uploads\/2024\/07\/2024-07-03-Gruppenbild-Radtour.jpg?resize=1400%2C800 4x"},"classes":[]},{"id":2178,"url":"http:\/\/www.wolpertingersfc.de\/?p=2178","url_meta":{"origin":3524,"position":3},"title":"Neues Sportangebot ab Januar 2018: Orientalisches Tanzen","author":"Wolpertingersfc","date":"3. Dezember 2017","format":false,"excerpt":"M\u00f6chtest Du etwas f\u00fcr K\u00f6rper und Seele tun? Der Orientalische Tanz ist hierzu bestens geeignet. In unserem Kurs sollen die St\u00e4rkung der Muskulatur, des ganzen K\u00f6rpers, die Koordination sowie die Beweglichkeit ge\u00fcbt werden. Mit weichen, flie\u00dfenden und kraftvollen Bewegungen wollen wir unseren K\u00f6rper aktivieren, aber auch zur Entspannung beitragen. Unsere\u2026","rel":"","context":"\u00c4hnlicher Beitrag","block_context":{"text":"\u00c4hnlicher Beitrag","link":""},"img":{"alt_text":"","src":"","width":0,"height":0},"classes":[]},{"id":3757,"url":"http:\/\/www.wolpertingersfc.de\/?p=3757","url_meta":{"origin":3524,"position":4},"title":"Wolpertinger Pedelec- und Fahrradtour nach Oberschwaben 10.-13. Mai 2025","author":"Wolpertingersfc","date":"16. Mai 2025","format":false,"excerpt":"Bei perfektem Radlwetter starteten 19 Wolpertinger am Samstag ihre Tour nach Oberschwaben. Nach dem Albaufstieg, ging es ab Gomadingen das wundersch\u00f6ne Lautertal entlang, dann weiter zum Kloster Obermarchtal. Nach knapp 70 km war es toll, dass das Abendessen- Buffet schon auf uns wartete- zum Ausklang des sch\u00f6nen Tages waren wir\u2026","rel":"","context":"\u00c4hnlicher Beitrag","block_context":{"text":"\u00c4hnlicher Beitrag","link":""},"img":{"alt_text":"","src":"https:\/\/i0.wp.com\/www.wolpertingersfc.de\/wp-content\/uploads\/2025\/05\/Radtour25.jpg?resize=350%2C200","width":350,"height":200,"srcset":"https:\/\/i0.wp.com\/www.wolpertingersfc.de\/wp-content\/uploads\/2025\/05\/Radtour25.jpg?resize=350%2C200 1x, https:\/\/i0.wp.com\/www.wolpertingersfc.de\/wp-content\/uploads\/2025\/05\/Radtour25.jpg?resize=525%2C300 1.5x, https:\/\/i0.wp.com\/www.wolpertingersfc.de\/wp-content\/uploads\/2025\/05\/Radtour25.jpg?resize=700%2C400 2x, https:\/\/i0.wp.com\/www.wolpertingersfc.de\/wp-content\/uploads\/2025\/05\/Radtour25.jpg?resize=1050%2C600 3x, https:\/\/i0.wp.com\/www.wolpertingersfc.de\/wp-content\/uploads\/2025\/05\/Radtour25.jpg?resize=1400%2C800 4x"},"classes":[]},{"id":3640,"url":"http:\/\/www.wolpertingersfc.de\/?p=3640","url_meta":{"origin":3524,"position":5},"title":"Hinter die Kulissen des Gl\u00fchweinverkaufs","author":"Wolpertingersfc","date":"18. Dezember 2023","format":false,"excerpt":"Mir ist bewusst, wenn Ihr diesen Bericht lest, ist der Winter bereits vorbei und niemand denkt an den Gl\u00fchweinverkauf. Aber es mit hoher Wahrscheinlichkeit noch weitere Gl\u00fchweinverk\u00e4ufe geben, daher hier mal ein Blick auf die Organisation. Einige Wochen vor dem Gl\u00fchweinverkauf befasst sich der Ausschuss mit dem Thema, dabei geht\u2026","rel":"","context":"\u00c4hnlicher Beitrag","block_context":{"text":"\u00c4hnlicher Beitrag","link":""},"img":{"alt_text":"","src":"https:\/\/i0.wp.com\/www.wolpertingersfc.de\/wp-content\/uploads\/2023\/12\/Bild4-300x225.png?resize=350%2C200","width":350,"height":200},"classes":[]}],"_links":{"self":[{"href":"http:\/\/www.wolpertingersfc.de\/index.php?rest_route=\/wp\/v2\/posts\/3524","targetHints":{"allow":["GET"]}}],"collection":[{"href":"http:\/\/www.wolpertingersfc.de\/index.php?rest_route=\/wp\/v2\/posts"}],"about":[{"href":"http:\/\/www.wolpertingersfc.de\/index.php?rest_route=\/wp\/v2\/types\/post"}],"author":[{"embeddable":true,"href":"http:\/\/www.wolpertingersfc.de\/index.php?rest_route=\/wp\/v2\/users\/1"}],"replies":[{"embeddable":true,"href":"http:\/\/www.wolpertingersfc.de\/index.php?rest_route=%2Fwp%2Fv2%2Fcomments&post=3524"}],"version-history":[{"count":4,"href":"http:\/\/www.wolpertingersfc.de\/index.php?rest_route=\/wp\/v2\/posts\/3524\/revisions"}],"predecessor-version":[{"id":3528,"href":"http:\/\/www.wolpertingersfc.de\/index.php?rest_route=\/wp\/v2\/posts\/3524\/revisions\/3528"}],"wp:attachment":[{"href":"http:\/\/www.wolpertingersfc.de\/index.php?rest_route=%2Fwp%2Fv2%2Fmedia&parent=3524"}],"wp:term":[{"taxonomy":"category","embeddable":true,"href":"http:\/\/www.wolpertingersfc.de\/index.php?rest_route=%2Fwp%2Fv2%2Fcategories&post=3524"},{"taxonomy":"post_tag","embeddable":true,"href":"http:\/\/www.wolpertingersfc.de\/index.php?rest_route=%2Fwp%2Fv2%2Ftags&post=3524"}],"curies":[{"name":"wp","href":"https:\/\/api.w.org\/{rel}","templated":true}]}}