{"id":3465,"date":"2022-01-12T11:49:25","date_gmt":"2022-01-12T10:49:25","guid":{"rendered":"http:\/\/www.wolpertingersfc.de\/?p=3465"},"modified":"2022-01-12T11:51:30","modified_gmt":"2022-01-12T10:51:30","slug":"bilder-der-dreikoenigswanderung-2022","status":"publish","type":"post","link":"http:\/\/www.wolpertingersfc.de\/?p=3465","title":{"rendered":"Bilder der 6. Januar-Wanderung 2022"},"content":{"rendered":"<p><a href=\"http:\/\/www.wolpertingersfc.de\/?page_id=3441\" rel=\"noopener\">Hier findet Ihr Bilder der diesj\u00e4hrigen 6. Januar-Wanderung.<\/a><\/p>\n","protected":false},"excerpt":{"rendered":"<p>Hier findet Ihr Bilder der diesj\u00e4hrigen 6. Januar-Wanderung.<\/p>\n","protected":false},"author":1,"featured_media":0,"comment_status":"open","ping_status":"open","sticky":false,"template":"","format":"standard","meta":{"jetpack_post_was_ever_published":false,"_jetpack_newsletter_access":"","_jetpack_dont_email_post_to_subs":false,"_jetpack_newsletter_tier_id":0,"_jetpack_memberships_contains_paywalled_content":false,"_jetpack_memberships_contains_paid_content":false,"footnotes":"","jetpack_publicize_message":"","jetpack_publicize_feature_enabled":true,"jetpack_social_post_already_shared":true,"jetpack_social_options":{"image_generator_settings":{"template":"highway","default_image_id":0,"font":"","enabled":false},"version":2}},"categories":[1],"tags":[],"class_list":["post-3465","post","type-post","status-publish","format-standard","hentry","category-uncategorized"],"jetpack_publicize_connections":[],"jetpack_featured_media_url":"","jetpack_sharing_enabled":true,"jetpack_shortlink":"https:\/\/wp.me\/p8FTYK-TT","jetpack-related-posts":[{"id":2642,"url":"http:\/\/www.wolpertingersfc.de\/?p=2642","url_meta":{"origin":3465,"position":0},"title":"Wanderung am 6. Januar 2019","author":"Wolpertingersfc","date":"9. Januar 2019","format":false,"excerpt":"Etwa zwanzig Wolpertinger aus den verschiedenen Abteilungen starteten mit der traditionellen Neujahrswanderung am 6. Januar in das Vereinsjahr 2019. Geplanter Treffpunkt war der Parkplatz bei der Druckerei Herrmann in Genkingen. Auf Grund der Wetterlage bzw. des Schneeregens wurde der Startpunkt f\u00fcr die Wanderung kurzerhand n\u00e4her an den Bolberg verlegt, einen\u2026","rel":"","context":"\u00c4hnlicher Beitrag","block_context":{"text":"\u00c4hnlicher Beitrag","link":""},"img":{"alt_text":"","src":"https:\/\/i0.wp.com\/www.wolpertingersfc.de\/wp-content\/uploads\/2019\/01\/20190106_144301-1000x750-e1547065246574-225x300.jpg?resize=350%2C200","width":350,"height":200},"classes":[]},{"id":3438,"url":"http:\/\/www.wolpertingersfc.de\/?p=3438","url_meta":{"origin":3465,"position":1},"title":"6. Januar-Wanderung","author":"Wolpertingersfc","date":"2. Januar 2022","format":false,"excerpt":"Die Wolpertinger 6. Januar Wanderung 2022 f\u00fchrt uns wieder mal Auf die Albhochfl\u00e4che. Wir treffen uns um 13.00 Uhr auf dem Parkplatz bei der Nebelh\u00f6hle. Von hier aus haben wir zwei Wanderstrecken zur Auswahl. Strecke 1 f\u00fchrt uns nach Norden \u00fcber die Hochfl\u00e4che Won zum Wackerstein. Von da geht es\u2026","rel":"","context":"\u00c4hnlicher Beitrag","block_context":{"text":"\u00c4hnlicher Beitrag","link":""},"img":{"alt_text":"","src":"","width":0,"height":0},"classes":[]},{"id":3291,"url":"http:\/\/www.wolpertingersfc.de\/?p=3291","url_meta":{"origin":3465,"position":2},"title":"Wanderung der Wolpertinger am 6. Januar 2020","author":"Wolpertingersfc","date":"23. Januar 2020","format":false,"excerpt":"Bei sonnigem Wetter trafen sich \u00fcber 20 Wolpertinger zur traditionellen Wanderung am 6. Januar. Unser Startpunkt war am \u00d6schinger Wasserh\u00e4usle. Der steile Aufstieg am S\u00fcdhang f\u00fchrte uns zum Sch\u00f6nberger Kapf. \u00dcber das Ro\u00dffeld gelangten wir zu unserem Rastplatz. Dort wurde das restliche Weihnachtsgeb\u00e4ck angeboten und an alle Leckerm\u00e4uler verteilt. Nat\u00fcrlich\u2026","rel":"","context":"\u00c4hnlicher Beitrag","block_context":{"text":"\u00c4hnlicher Beitrag","link":""},"img":{"alt_text":"","src":"https:\/\/i0.wp.com\/www.wolpertingersfc.de\/wp-content\/uploads\/2020\/01\/P1070482-1024x576-300x169.jpg?resize=350%2C200","width":350,"height":200},"classes":[]},{"id":3806,"url":"http:\/\/www.wolpertingersfc.de\/?p=3806","url_meta":{"origin":3465,"position":3},"title":"6. Januar Wanderung der Wolpertinger","author":"Wolpertingersfc","date":"9. Januar 2026","format":false,"excerpt":"Die Traditionswanderung der Wolpertinger am 6. Januar f\u00fchrte dieses Jahr nach M\u00f6ssingen- Belsen. Start und Ziel der 30 Wanderer war die kleine, romantische Kirche oben am Friedhof.\u00a0 Die Strecke f\u00fchrte gut 7 km \u00fcber den Spitzwaldweg hinauf, das Hansenbachtal hinunter und wieder zur\u00fcck durch das Dorf. Unterwegs wurde eine Pause\u2026","rel":"","context":"\u00c4hnlicher Beitrag","block_context":{"text":"\u00c4hnlicher Beitrag","link":""},"img":{"alt_text":"","src":"https:\/\/i0.wp.com\/www.wolpertingersfc.de\/wp-content\/uploads\/2026\/01\/20260106_134852-scaled.jpg?resize=350%2C200","width":350,"height":200,"srcset":"https:\/\/i0.wp.com\/www.wolpertingersfc.de\/wp-content\/uploads\/2026\/01\/20260106_134852-scaled.jpg?resize=350%2C200 1x, https:\/\/i0.wp.com\/www.wolpertingersfc.de\/wp-content\/uploads\/2026\/01\/20260106_134852-scaled.jpg?resize=525%2C300 1.5x, https:\/\/i0.wp.com\/www.wolpertingersfc.de\/wp-content\/uploads\/2026\/01\/20260106_134852-scaled.jpg?resize=700%2C400 2x, https:\/\/i0.wp.com\/www.wolpertingersfc.de\/wp-content\/uploads\/2026\/01\/20260106_134852-scaled.jpg?resize=1050%2C600 3x, https:\/\/i0.wp.com\/www.wolpertingersfc.de\/wp-content\/uploads\/2026\/01\/20260106_134852-scaled.jpg?resize=1400%2C800 4x"},"classes":[]},{"id":3268,"url":"http:\/\/www.wolpertingersfc.de\/?p=3268","url_meta":{"origin":3465,"position":4},"title":"6. Januar-Wanderung 2020","author":"Wolpertingersfc","date":"15. Dezember 2019","format":false,"excerpt":"Die traditionelle 6.Januar-Wanderung f\u00fchrt uns in diesem Jahr von \u00d6schingen auf die Alb und wieder hinab ins Tal. Wir treffen uns um 13.30 Uhr in \u00d6schingen, Ecke Sch\u00f6nbergstr.\/Panoramaweg beim Wasserh\u00e4usle. Die Tour f\u00fchrt auf den Sch\u00f6nberg und um den Ro\u00dfberg. Bei einer Pause wollen wir das restliche Weihnachtgeb\u00e4ck genie\u00dfen. Gl\u00fchwein,\u2026","rel":"","context":"\u00c4hnlicher Beitrag","block_context":{"text":"\u00c4hnlicher Beitrag","link":""},"img":{"alt_text":"","src":"https:\/\/i0.wp.com\/www.wolpertingersfc.de\/wp-content\/uploads\/2019\/12\/Jan2-e1576411660534.png?resize=350%2C200","width":350,"height":200,"srcset":"https:\/\/i0.wp.com\/www.wolpertingersfc.de\/wp-content\/uploads\/2019\/12\/Jan2-e1576411660534.png?resize=350%2C200 1x, https:\/\/i0.wp.com\/www.wolpertingersfc.de\/wp-content\/uploads\/2019\/12\/Jan2-e1576411660534.png?resize=525%2C300 1.5x, https:\/\/i0.wp.com\/www.wolpertingersfc.de\/wp-content\/uploads\/2019\/12\/Jan2-e1576411660534.png?resize=700%2C400 2x, https:\/\/i0.wp.com\/www.wolpertingersfc.de\/wp-content\/uploads\/2019\/12\/Jan2-e1576411660534.png?resize=1050%2C600 3x"},"classes":[]},{"id":3624,"url":"http:\/\/www.wolpertingersfc.de\/?p=3624","url_meta":{"origin":3465,"position":5},"title":"6. Januar-Wanderung 2024","author":"Wolpertingersfc","date":"12. November 2023","format":false,"excerpt":"Die traditionelle 6.Januar-Wanderung f\u00fchrt uns in diesem Jahr rund um den Sternberg bei Gomadingen. Wir treffen uns um 13.00 Uhr in G\u00f6nningen am Lokschuppen und fahren in Fahrgemeinschaften an den Wanderparkplatz am Sternberg zwischen Offenhausen und Bernloch. Die Tour f\u00fchrt und dann auf dem Premiumweg \u201eHochgesprudelt\u201c mit knapp 9 km\u2026","rel":"","context":"\u00c4hnlicher Beitrag","block_context":{"text":"\u00c4hnlicher Beitrag","link":""},"img":{"alt_text":"","src":"https:\/\/i0.wp.com\/www.wolpertingersfc.de\/wp-content\/uploads\/2023\/11\/Bild1-2.png?resize=350%2C200","width":350,"height":200},"classes":[]}],"_links":{"self":[{"href":"http:\/\/www.wolpertingersfc.de\/index.php?rest_route=\/wp\/v2\/posts\/3465","targetHints":{"allow":["GET"]}}],"collection":[{"href":"http:\/\/www.wolpertingersfc.de\/index.php?rest_route=\/wp\/v2\/posts"}],"about":[{"href":"http:\/\/www.wolpertingersfc.de\/index.php?rest_route=\/wp\/v2\/types\/post"}],"author":[{"embeddable":true,"href":"http:\/\/www.wolpertingersfc.de\/index.php?rest_route=\/wp\/v2\/users\/1"}],"replies":[{"embeddable":true,"href":"http:\/\/www.wolpertingersfc.de\/index.php?rest_route=%2Fwp%2Fv2%2Fcomments&post=3465"}],"version-history":[{"count":3,"href":"http:\/\/www.wolpertingersfc.de\/index.php?rest_route=\/wp\/v2\/posts\/3465\/revisions"}],"predecessor-version":[{"id":3468,"href":"http:\/\/www.wolpertingersfc.de\/index.php?rest_route=\/wp\/v2\/posts\/3465\/revisions\/3468"}],"wp:attachment":[{"href":"http:\/\/www.wolpertingersfc.de\/index.php?rest_route=%2Fwp%2Fv2%2Fmedia&parent=3465"}],"wp:term":[{"taxonomy":"category","embeddable":true,"href":"http:\/\/www.wolpertingersfc.de\/index.php?rest_route=%2Fwp%2Fv2%2Fcategories&post=3465"},{"taxonomy":"post_tag","embeddable":true,"href":"http:\/\/www.wolpertingersfc.de\/index.php?rest_route=%2Fwp%2Fv2%2Ftags&post=3465"}],"curies":[{"name":"wp","href":"https:\/\/api.w.org\/{rel}","templated":true}]}}