{"id":3438,"date":"2022-01-02T16:07:13","date_gmt":"2022-01-02T15:07:13","guid":{"rendered":"http:\/\/www.wolpertingersfc.de\/?p=3438"},"modified":"2022-01-02T16:07:13","modified_gmt":"2022-01-02T15:07:13","slug":"6-januar-wanderung","status":"publish","type":"post","link":"http:\/\/www.wolpertingersfc.de\/?p=3438","title":{"rendered":"6. Januar-Wanderung"},"content":{"rendered":"<p><span id=\"page3R_mcid4\" class=\"markedContent\"><span dir=\"ltr\" role=\"presentation\">Die Wolpertinger 6. Januar Wanderung<\/span> <span dir=\"ltr\" role=\"presentation\">2022 f\u00fchrt uns wieder mal Auf die Alb<\/span><span dir=\"ltr\" role=\"presentation\">hochfl\u00e4che. Wir treffen uns um 13.00<\/span> <span dir=\"ltr\" role=\"presentation\">Uhr auf dem Parkplatz bei der Nebel<\/span><span dir=\"ltr\" role=\"presentation\">h\u00f6hle.<\/span><\/span><span id=\"page3R_mcid5\" class=\"markedContent\"> <span dir=\"ltr\" role=\"presentation\">Von hier aus haben wir zwei Wander<\/span><span dir=\"ltr\" role=\"presentation\">strecken zur Auswahl.<\/span><\/span><span id=\"page3R_mcid6\" class=\"markedContent\"> <\/span><\/p>\n<p><span id=\"page3R_mcid6\" class=\"markedContent\"><strong><span dir=\"ltr\" role=\"presentation\">Strecke 1<\/span><\/strong> <span dir=\"ltr\" role=\"presentation\">f\u00fchrt uns nach Norden \u00fcber<\/span> <span dir=\"ltr\" role=\"presentation\">die Hochfl\u00e4che Won zum Wackerstein.<\/span> <span dir=\"ltr\" role=\"presentation\">Von da geht es weiter durch S\u00e4ttele,<\/span> <span dir=\"ltr\" role=\"presentation\">Wanne zum Sch\u00f6nberg (Pfullinger On<\/span><span dir=\"ltr\" role=\"presentation\">derhos). Dort k\u00f6nnen wir dann, wie bei<\/span> <span dir=\"ltr\" role=\"presentation\">dieser Wanderung \u00fcblich, das restliche<\/span> <span dir=\"ltr\" role=\"presentation\">Weihnachtsgeb\u00e4ck,<\/span> <span dir=\"ltr\" role=\"presentation\">sowie<\/span> <span dir=\"ltr\" role=\"presentation\">diverse<\/span> <span dir=\"ltr\" role=\"presentation\">selbst<\/span> <span dir=\"ltr\" role=\"presentation\">mitgebrachte<\/span> <span dir=\"ltr\" role=\"presentation\">Getr\u00e4nke,<\/span> <span dir=\"ltr\" role=\"presentation\">gerne<\/span> <span dir=\"ltr\" role=\"presentation\">auch Gl\u00fchwein, zu uns nehmen. Von<\/span> <span dir=\"ltr\" role=\"presentation\">da aus geht es dann zur\u00fcck zum Park<\/span><span dir=\"ltr\" role=\"presentation\">platz<\/span> <span dir=\"ltr\" role=\"presentation\">Nebelh\u00f6hle.<\/span> <span dir=\"ltr\" role=\"presentation\">Die<\/span> <span dir=\"ltr\" role=\"presentation\">Streckenl\u00e4nge<\/span> <span dir=\"ltr\" role=\"presentation\">betr\u00e4gt knapp 10 km bei einer H\u00f6hen<\/span><span dir=\"ltr\" role=\"presentation\">differenz von ca. 350m.<\/span><\/span><span id=\"page3R_mcid7\" class=\"markedContent\"><\/span><\/p>\n<p><span id=\"page3R_mcid7\" class=\"markedContent\"><strong><span dir=\"ltr\" role=\"presentation\">Strecke 2<\/span><\/strong> <span dir=\"ltr\" role=\"presentation\">geht Richtung S\u00fcdosten \u00fcber<\/span> <span dir=\"ltr\" role=\"presentation\">Goldloch,<\/span> <span dir=\"ltr\" role=\"presentation\">Gie\u00dfenstein<\/span> <span dir=\"ltr\" role=\"presentation\">zum<\/span> <span dir=\"ltr\" role=\"presentation\">Schlo\u00df<\/span> <span dir=\"ltr\" role=\"presentation\">Lichtenstein. Hier w\u00fcrden wir dann un<\/span><span dir=\"ltr\" role=\"presentation\">sere Rast, wie bereits bei Strecke 1 er<\/span><span dir=\"ltr\" role=\"presentation\">w\u00e4hnt,<\/span> <span dir=\"ltr\" role=\"presentation\">einlegen.<\/span> <span dir=\"ltr\" role=\"presentation\">Erw\u00e4hnen<\/span> <span dir=\"ltr\" role=\"presentation\">muss<\/span> <span dir=\"ltr\" role=\"presentation\">ich<\/span><br role=\"presentation\" \/><span dir=\"ltr\" role=\"presentation\">allerdings, dass das Schloss Lichten<\/span><span dir=\"ltr\" role=\"presentation\">stein in den Monaten Januar \/ Februar<\/span> <span dir=\"ltr\" role=\"presentation\">geschlossen ist. Der Weg zur\u00fcck f\u00fchrt<\/span> <span dir=\"ltr\" role=\"presentation\">uns<\/span> <span dir=\"ltr\" role=\"presentation\">dann<\/span> <span dir=\"ltr\" role=\"presentation\">durch<\/span> <span dir=\"ltr\" role=\"presentation\">den<\/span> <span dir=\"ltr\" role=\"presentation\">Abenteuerspiel<\/span><span dir=\"ltr\" role=\"presentation\">platz, vorbei am Steinbruch und Feld<\/span><span dir=\"ltr\" role=\"presentation\">berg,<\/span> <span dir=\"ltr\" role=\"presentation\">zur\u00fcck<\/span> <span dir=\"ltr\" role=\"presentation\">zu<\/span> <span dir=\"ltr\" role=\"presentation\">Parkplatz.<\/span> <span dir=\"ltr\" role=\"presentation\">Die<\/span> <span dir=\"ltr\" role=\"presentation\">Stre<\/span><span dir=\"ltr\" role=\"presentation\">ckenl\u00e4nge betr\u00e4gt hier ca. 11,5 km bei<\/span> <span dir=\"ltr\" role=\"presentation\">einer H\u00f6hendifferenz von ca. 330 m.<\/span><\/span><span id=\"page3R_mcid8\" class=\"markedContent\"><\/span><\/p>\n<p><span id=\"page3R_mcid8\" class=\"markedContent\"><span dir=\"ltr\" role=\"presentation\">Nach der Wanderung fahren wir dann<\/span> <span dir=\"ltr\" role=\"presentation\">nach Undingen und kehren dort in der<\/span> <span dir=\"ltr\" role=\"presentation\">Sportheimgastst\u00e4tte,<\/span> <span dir=\"ltr\" role=\"presentation\">Pizzeria Da Pino<\/span><span dir=\"ltr\" role=\"presentation\">,<\/span> <span dir=\"ltr\" role=\"presentation\">ein. Bitte beachtet dann das an dem<\/span> <span dir=\"ltr\" role=\"presentation\">Termin<\/span> <span dir=\"ltr\" role=\"presentation\">g\u00fcltige<\/span> <span dir=\"ltr\" role=\"presentation\">Warnsystem<\/span> <span dir=\"ltr\" role=\"presentation\">der<\/span> <span dir=\"ltr\" role=\"presentation\">Corona-Regeln<\/span> <span dir=\"ltr\" role=\"presentation\">f\u00fcr<\/span> <span dir=\"ltr\" role=\"presentation\">den<\/span> <span dir=\"ltr\" role=\"presentation\">Besuch<\/span> <span dir=\"ltr\" role=\"presentation\">einer<\/span> <span dir=\"ltr\" role=\"presentation\">Gastst\u00e4tte.<\/span><\/span><span id=\"page3R_mcid9\" class=\"markedContent\"><\/span><\/p>\n<p><span id=\"page3R_mcid9\" class=\"markedContent\"><span dir=\"ltr\" role=\"presentation\">\u00dcber eine zahlreiche Teilnahme w\u00fcrde<\/span> <span dir=\"ltr\" role=\"presentation\">ich mich sehr freuen. Anmeldung, mit<\/span> <span dir=\"ltr\" role=\"presentation\">Angabe<\/span> <span dir=\"ltr\" role=\"presentation\">der<\/span> <span dir=\"ltr\" role=\"presentation\">Wunschstrecke,<\/span> <span dir=\"ltr\" role=\"presentation\">bis<\/span> <span dir=\"ltr\" role=\"presentation\">2. Januar 2022 bei <\/span><\/span><\/p>\n<p><span id=\"page3R_mcid9\" class=\"markedContent\"><span dir=\"ltr\" role=\"presentation\">Gerhard Gauger.<\/span><br role=\"presentation\" \/><span dir=\"ltr\" role=\"presentation\">Tel. 07473\/6481 oder<\/span><\/span><span id=\"page3R_mcid10\" class=\"markedContent\"><br role=\"presentation\" \/><span dir=\"ltr\" role=\"presentation\">gerhard@wolpertingersfc.de<\/span><\/span><\/p>\n","protected":false},"excerpt":{"rendered":"<p>Die Wolpertinger 6. Januar Wanderung 2022 f\u00fchrt uns wieder mal Auf die Albhochfl\u00e4che. Wir treffen uns um 13.00 Uhr auf dem Parkplatz bei der Nebelh\u00f6hle. Von hier aus haben wir zwei Wanderstrecken zur Auswahl. Strecke 1 f\u00fchrt uns nach Norden \u00fcber die Hochfl\u00e4che Won zum Wackerstein. Von da geht es weiter durch S\u00e4ttele, Wanne zum &hellip; <a href=\"http:\/\/www.wolpertingersfc.de\/?p=3438\" class=\"more-link\"><span class=\"screen-reader-text\">6. Januar-Wanderung<\/span> weiterlesen<\/a><\/p>\n","protected":false},"author":1,"featured_media":0,"comment_status":"open","ping_status":"open","sticky":false,"template":"","format":"standard","meta":{"jetpack_post_was_ever_published":false,"_jetpack_newsletter_access":"","_jetpack_dont_email_post_to_subs":false,"_jetpack_newsletter_tier_id":0,"_jetpack_memberships_contains_paywalled_content":false,"_jetpack_memberships_contains_paid_content":false,"footnotes":"","jetpack_publicize_message":"","jetpack_publicize_feature_enabled":true,"jetpack_social_post_already_shared":true,"jetpack_social_options":{"image_generator_settings":{"template":"highway","default_image_id":0,"font":"","enabled":false},"version":2}},"categories":[1],"tags":[],"class_list":["post-3438","post","type-post","status-publish","format-standard","hentry","category-uncategorized"],"jetpack_publicize_connections":[],"jetpack_featured_media_url":"","jetpack_sharing_enabled":true,"jetpack_shortlink":"https:\/\/wp.me\/p8FTYK-Ts","jetpack-related-posts":[{"id":3268,"url":"http:\/\/www.wolpertingersfc.de\/?p=3268","url_meta":{"origin":3438,"position":0},"title":"6. Januar-Wanderung 2020","author":"Wolpertingersfc","date":"15. Dezember 2019","format":false,"excerpt":"Die traditionelle 6.Januar-Wanderung f\u00fchrt uns in diesem Jahr von \u00d6schingen auf die Alb und wieder hinab ins Tal. Wir treffen uns um 13.30 Uhr in \u00d6schingen, Ecke Sch\u00f6nbergstr.\/Panoramaweg beim Wasserh\u00e4usle. Die Tour f\u00fchrt auf den Sch\u00f6nberg und um den Ro\u00dfberg. Bei einer Pause wollen wir das restliche Weihnachtgeb\u00e4ck genie\u00dfen. Gl\u00fchwein,\u2026","rel":"","context":"\u00c4hnlicher Beitrag","block_context":{"text":"\u00c4hnlicher Beitrag","link":""},"img":{"alt_text":"","src":"https:\/\/i0.wp.com\/www.wolpertingersfc.de\/wp-content\/uploads\/2019\/12\/Jan2-e1576411660534.png?resize=350%2C200","width":350,"height":200,"srcset":"https:\/\/i0.wp.com\/www.wolpertingersfc.de\/wp-content\/uploads\/2019\/12\/Jan2-e1576411660534.png?resize=350%2C200 1x, https:\/\/i0.wp.com\/www.wolpertingersfc.de\/wp-content\/uploads\/2019\/12\/Jan2-e1576411660534.png?resize=525%2C300 1.5x, https:\/\/i0.wp.com\/www.wolpertingersfc.de\/wp-content\/uploads\/2019\/12\/Jan2-e1576411660534.png?resize=700%2C400 2x, https:\/\/i0.wp.com\/www.wolpertingersfc.de\/wp-content\/uploads\/2019\/12\/Jan2-e1576411660534.png?resize=1050%2C600 3x"},"classes":[]},{"id":3624,"url":"http:\/\/www.wolpertingersfc.de\/?p=3624","url_meta":{"origin":3438,"position":1},"title":"6. Januar-Wanderung 2024","author":"Wolpertingersfc","date":"12. November 2023","format":false,"excerpt":"Die traditionelle 6.Januar-Wanderung f\u00fchrt uns in diesem Jahr rund um den Sternberg bei Gomadingen. Wir treffen uns um 13.00 Uhr in G\u00f6nningen am Lokschuppen und fahren in Fahrgemeinschaften an den Wanderparkplatz am Sternberg zwischen Offenhausen und Bernloch. Die Tour f\u00fchrt und dann auf dem Premiumweg \u201eHochgesprudelt\u201c mit knapp 9 km\u2026","rel":"","context":"\u00c4hnlicher Beitrag","block_context":{"text":"\u00c4hnlicher Beitrag","link":""},"img":{"alt_text":"","src":"https:\/\/i0.wp.com\/www.wolpertingersfc.de\/wp-content\/uploads\/2023\/11\/Bild1-2.png?resize=350%2C200","width":350,"height":200},"classes":[]},{"id":3291,"url":"http:\/\/www.wolpertingersfc.de\/?p=3291","url_meta":{"origin":3438,"position":2},"title":"Wanderung der Wolpertinger am 6. Januar 2020","author":"Wolpertingersfc","date":"23. Januar 2020","format":false,"excerpt":"Bei sonnigem Wetter trafen sich \u00fcber 20 Wolpertinger zur traditionellen Wanderung am 6. Januar. Unser Startpunkt war am \u00d6schinger Wasserh\u00e4usle. Der steile Aufstieg am S\u00fcdhang f\u00fchrte uns zum Sch\u00f6nberger Kapf. \u00dcber das Ro\u00dffeld gelangten wir zu unserem Rastplatz. Dort wurde das restliche Weihnachtsgeb\u00e4ck angeboten und an alle Leckerm\u00e4uler verteilt. Nat\u00fcrlich\u2026","rel":"","context":"\u00c4hnlicher Beitrag","block_context":{"text":"\u00c4hnlicher Beitrag","link":""},"img":{"alt_text":"","src":"https:\/\/i0.wp.com\/www.wolpertingersfc.de\/wp-content\/uploads\/2020\/01\/P1070482-1024x576-300x169.jpg?resize=350%2C200","width":350,"height":200},"classes":[]},{"id":3806,"url":"http:\/\/www.wolpertingersfc.de\/?p=3806","url_meta":{"origin":3438,"position":3},"title":"6. Januar Wanderung der Wolpertinger","author":"Wolpertingersfc","date":"9. Januar 2026","format":false,"excerpt":"Die Traditionswanderung der Wolpertinger am 6. Januar f\u00fchrte dieses Jahr nach M\u00f6ssingen- Belsen. Start und Ziel der 30 Wanderer war die kleine, romantische Kirche oben am Friedhof.\u00a0 Die Strecke f\u00fchrte gut 7 km \u00fcber den Spitzwaldweg hinauf, das Hansenbachtal hinunter und wieder zur\u00fcck durch das Dorf. Unterwegs wurde eine Pause\u2026","rel":"","context":"\u00c4hnlicher Beitrag","block_context":{"text":"\u00c4hnlicher Beitrag","link":""},"img":{"alt_text":"","src":"https:\/\/i0.wp.com\/www.wolpertingersfc.de\/wp-content\/uploads\/2026\/01\/20260106_134852-scaled.jpg?resize=350%2C200","width":350,"height":200,"srcset":"https:\/\/i0.wp.com\/www.wolpertingersfc.de\/wp-content\/uploads\/2026\/01\/20260106_134852-scaled.jpg?resize=350%2C200 1x, https:\/\/i0.wp.com\/www.wolpertingersfc.de\/wp-content\/uploads\/2026\/01\/20260106_134852-scaled.jpg?resize=525%2C300 1.5x, https:\/\/i0.wp.com\/www.wolpertingersfc.de\/wp-content\/uploads\/2026\/01\/20260106_134852-scaled.jpg?resize=700%2C400 2x, https:\/\/i0.wp.com\/www.wolpertingersfc.de\/wp-content\/uploads\/2026\/01\/20260106_134852-scaled.jpg?resize=1050%2C600 3x, https:\/\/i0.wp.com\/www.wolpertingersfc.de\/wp-content\/uploads\/2026\/01\/20260106_134852-scaled.jpg?resize=1400%2C800 4x"},"classes":[]},{"id":3203,"url":"http:\/\/www.wolpertingersfc.de\/?p=3203","url_meta":{"origin":3438,"position":4},"title":"B\u00e4nkleswanderung der Wolpertinger am 15. September 2019","author":"Wolpertingersfc","date":"16. September 2019","format":false,"excerpt":"P\u00fcnktlich um 11 Uhr trafen sich vorletzten Sonntag 30 Wolpertinger und G\u00e4ste am Parkplatz Lenzensteigle zu einer Wanderung rund um G\u00f6nningen. Bei sommerlichem Wetter ging es erst \u00fcber die Plattach, dann bergauf Richtung Sch\u00fctzenhaus. Zuvor legten wir eine Pause beim Tennis- Familientag ein, um uns zu st\u00e4rken. Immer wieder konnten\u2026","rel":"","context":"\u00c4hnlicher Beitrag","block_context":{"text":"\u00c4hnlicher Beitrag","link":""},"img":{"alt_text":"","src":"https:\/\/i0.wp.com\/www.wolpertingersfc.de\/wp-content\/uploads\/2019\/09\/P1070282-1024x577.jpg?resize=350%2C200","width":350,"height":200,"srcset":"https:\/\/i0.wp.com\/www.wolpertingersfc.de\/wp-content\/uploads\/2019\/09\/P1070282-1024x577.jpg?resize=350%2C200 1x, https:\/\/i0.wp.com\/www.wolpertingersfc.de\/wp-content\/uploads\/2019\/09\/P1070282-1024x577.jpg?resize=525%2C300 1.5x, https:\/\/i0.wp.com\/www.wolpertingersfc.de\/wp-content\/uploads\/2019\/09\/P1070282-1024x577.jpg?resize=700%2C400 2x"},"classes":[]},{"id":2642,"url":"http:\/\/www.wolpertingersfc.de\/?p=2642","url_meta":{"origin":3438,"position":5},"title":"Wanderung am 6. Januar 2019","author":"Wolpertingersfc","date":"9. Januar 2019","format":false,"excerpt":"Etwa zwanzig Wolpertinger aus den verschiedenen Abteilungen starteten mit der traditionellen Neujahrswanderung am 6. Januar in das Vereinsjahr 2019. Geplanter Treffpunkt war der Parkplatz bei der Druckerei Herrmann in Genkingen. Auf Grund der Wetterlage bzw. des Schneeregens wurde der Startpunkt f\u00fcr die Wanderung kurzerhand n\u00e4her an den Bolberg verlegt, einen\u2026","rel":"","context":"\u00c4hnlicher Beitrag","block_context":{"text":"\u00c4hnlicher Beitrag","link":""},"img":{"alt_text":"","src":"https:\/\/i0.wp.com\/www.wolpertingersfc.de\/wp-content\/uploads\/2019\/01\/20190106_144301-1000x750-e1547065246574-225x300.jpg?resize=350%2C200","width":350,"height":200},"classes":[]}],"_links":{"self":[{"href":"http:\/\/www.wolpertingersfc.de\/index.php?rest_route=\/wp\/v2\/posts\/3438","targetHints":{"allow":["GET"]}}],"collection":[{"href":"http:\/\/www.wolpertingersfc.de\/index.php?rest_route=\/wp\/v2\/posts"}],"about":[{"href":"http:\/\/www.wolpertingersfc.de\/index.php?rest_route=\/wp\/v2\/types\/post"}],"author":[{"embeddable":true,"href":"http:\/\/www.wolpertingersfc.de\/index.php?rest_route=\/wp\/v2\/users\/1"}],"replies":[{"embeddable":true,"href":"http:\/\/www.wolpertingersfc.de\/index.php?rest_route=%2Fwp%2Fv2%2Fcomments&post=3438"}],"version-history":[{"count":1,"href":"http:\/\/www.wolpertingersfc.de\/index.php?rest_route=\/wp\/v2\/posts\/3438\/revisions"}],"predecessor-version":[{"id":3439,"href":"http:\/\/www.wolpertingersfc.de\/index.php?rest_route=\/wp\/v2\/posts\/3438\/revisions\/3439"}],"wp:attachment":[{"href":"http:\/\/www.wolpertingersfc.de\/index.php?rest_route=%2Fwp%2Fv2%2Fmedia&parent=3438"}],"wp:term":[{"taxonomy":"category","embeddable":true,"href":"http:\/\/www.wolpertingersfc.de\/index.php?rest_route=%2Fwp%2Fv2%2Fcategories&post=3438"},{"taxonomy":"post_tag","embeddable":true,"href":"http:\/\/www.wolpertingersfc.de\/index.php?rest_route=%2Fwp%2Fv2%2Ftags&post=3438"}],"curies":[{"name":"wp","href":"https:\/\/api.w.org\/{rel}","templated":true}]}}