{"id":3402,"date":"2020-11-16T18:32:41","date_gmt":"2020-11-16T17:32:41","guid":{"rendered":"http:\/\/www.wolpertingersfc.de\/?p=3402"},"modified":"2020-11-16T18:32:41","modified_gmt":"2020-11-16T17:32:41","slug":"erneuter-lockdown","status":"publish","type":"post","link":"http:\/\/www.wolpertingersfc.de\/?p=3402","title":{"rendered":"Erneuter Lockdown"},"content":{"rendered":"<p>Liebe Vereinsmitglieder und Interessierte an unserem \u00dcbungsbetrieb,<\/p>\n<p>der \u00dcbungsbetrieb in den Abteilungen musste leider wieder unterbrochen werden.<\/p>\n<p>\u00dcber die weiteren Entwicklungen und den Stand bez\u00fcglich der jeweiligen Veranstaltung informieren Euch die Abteilungsleitenden.<\/p>\n","protected":false},"excerpt":{"rendered":"<p>Liebe Vereinsmitglieder und Interessierte an unserem \u00dcbungsbetrieb, der \u00dcbungsbetrieb in den Abteilungen musste leider wieder unterbrochen werden. \u00dcber die weiteren Entwicklungen und den Stand bez\u00fcglich der jeweiligen Veranstaltung informieren Euch die Abteilungsleitenden.<\/p>\n","protected":false},"author":1,"featured_media":0,"comment_status":"open","ping_status":"open","sticky":false,"template":"","format":"standard","meta":{"jetpack_post_was_ever_published":false,"_jetpack_newsletter_access":"","_jetpack_dont_email_post_to_subs":false,"_jetpack_newsletter_tier_id":0,"_jetpack_memberships_contains_paywalled_content":false,"_jetpack_memberships_contains_paid_content":false,"footnotes":"","jetpack_publicize_message":"","jetpack_publicize_feature_enabled":true,"jetpack_social_post_already_shared":true,"jetpack_social_options":{"image_generator_settings":{"template":"highway","default_image_id":0,"font":"","enabled":false},"version":2}},"categories":[1],"tags":[],"class_list":["post-3402","post","type-post","status-publish","format-standard","hentry","category-uncategorized"],"jetpack_publicize_connections":[],"jetpack_featured_media_url":"","jetpack_sharing_enabled":true,"jetpack_shortlink":"https:\/\/wp.me\/p8FTYK-SS","jetpack-related-posts":[{"id":3416,"url":"http:\/\/www.wolpertingersfc.de\/?p=3416","url_meta":{"origin":3402,"position":0},"title":"Wiederaufnahme des \u00dcbungsbetriebs","author":"Wolpertingersfc","date":"19. September 2021","format":false,"excerpt":"Liebe Vereinsmitglieder und Interessierte an unserem \u00dcbungsbetrieb, der \u00dcbungsbetrieb in den Abteilungen hat teilweise wieder begonnen. \u00dcber den Start der jeweiligen Veranstaltung, die Bedingungen und die Hygienevorschriften informieren Euch die Abteilungsleitenden \u00fcber Social Media.","rel":"","context":"\u00c4hnlicher Beitrag","block_context":{"text":"\u00c4hnlicher Beitrag","link":""},"img":{"alt_text":"","src":"","width":0,"height":0},"classes":[]},{"id":3379,"url":"http:\/\/www.wolpertingersfc.de\/?p=3379","url_meta":{"origin":3402,"position":1},"title":"Wiederaufnahme des \u00dcbungsbetriebs","author":"Wolpertingersfc","date":"14. Juni 2020","format":false,"excerpt":"Liebe Vereinsmitglieder und Interessierte an unserem \u00dcbungsbetrieb, der \u00dcbungsbetrieb in den Abteilungen hat teilweise wieder begonnen. \u00dcber den Start der jeweiligen Veranstaltung informieren Euch die Abteilungsleitenden. Zur Teilnahme an den Veranstaltungen ist es unbedingt erforderlich, dass Ihr die Teilnehmer-Information zur Wiederaufnahme des Sportbetriebes des Wolpertinger Sport-und Freizeitclub e.V., Stand 04.10.20\u2026","rel":"","context":"\u00c4hnlicher Beitrag","block_context":{"text":"\u00c4hnlicher Beitrag","link":""},"img":{"alt_text":"","src":"","width":0,"height":0},"classes":[]},{"id":3704,"url":"http:\/\/www.wolpertingersfc.de\/?p=3704","url_meta":{"origin":3402,"position":2},"title":"Bouleplatzeinweihung und Bouleturnier","author":"Wolpertingersfc","date":"23. September 2024","format":false,"excerpt":"Endlich war es soweit, der Bouleplatz G\u00f6nningen konnte am 08.September 2024 mit einem \u00fcberaus spannenden und kurzweiligen Bouleturnier mit sage und schreibe 18 Mann(Frau)schaften sowie den Reden der Bezirksb\u00fcrgermeisterin Christel Pahl und den Vereinsvorsitzenden Klaus-Dieter Modrow vom Wolpertinger Sport- und Freizeitclub e.V. und Markus Scheurer von der TG G\u00f6nningen eingeweiht\u2026","rel":"","context":"\u00c4hnlicher Beitrag","block_context":{"text":"\u00c4hnlicher Beitrag","link":""},"img":{"alt_text":"","src":"https:\/\/i0.wp.com\/www.wolpertingersfc.de\/wp-content\/uploads\/2024\/09\/20240723_152711-300x225.jpg?resize=350%2C200","width":350,"height":200},"classes":[]},{"id":2351,"url":"http:\/\/www.wolpertingersfc.de\/?p=2351","url_meta":{"origin":3402,"position":3},"title":"Einweihung Kletterwanderweiterung &#038; Tag der offenen T\u00fcr des Evangelischen Kindergartens","author":"Wolpertingersfc","date":"5. Mai 2018","format":false,"excerpt":"Gleich zwei Anl\u00e4sse gab es am Samstag, 5. Mai im Garten des Evangelischen Kindergartens bei sch\u00f6nstem Fr\u00fchsommerwetter zu feiern: Die Einweihung der Wolpertinger-Kletterwanderweiterung und den Tag der offenen T\u00fcr des Evangelischen Kindergartens. Eine tolle Atmosph\u00e4re nutzten viele zum Kennenlernen der Kletterwand und des Kindergartens: Eltern und Kinder, auch viele ehemalige,\u2026","rel":"","context":"In &quot;Klettern&quot;","block_context":{"text":"Klettern","link":"http:\/\/www.wolpertingersfc.de\/?cat=13"},"img":{"alt_text":"","src":"https:\/\/i0.wp.com\/www.wolpertingersfc.de\/wp-content\/uploads\/2018\/05\/P1060145-1280x721-768x433.jpg?resize=350%2C200","width":350,"height":200,"srcset":"https:\/\/i0.wp.com\/www.wolpertingersfc.de\/wp-content\/uploads\/2018\/05\/P1060145-1280x721-768x433.jpg?resize=350%2C200 1x, https:\/\/i0.wp.com\/www.wolpertingersfc.de\/wp-content\/uploads\/2018\/05\/P1060145-1280x721-768x433.jpg?resize=525%2C300 1.5x, https:\/\/i0.wp.com\/www.wolpertingersfc.de\/wp-content\/uploads\/2018\/05\/P1060145-1280x721-768x433.jpg?resize=700%2C400 2x"},"classes":[]},{"id":2642,"url":"http:\/\/www.wolpertingersfc.de\/?p=2642","url_meta":{"origin":3402,"position":4},"title":"Wanderung am 6. Januar 2019","author":"Wolpertingersfc","date":"9. Januar 2019","format":false,"excerpt":"Etwa zwanzig Wolpertinger aus den verschiedenen Abteilungen starteten mit der traditionellen Neujahrswanderung am 6. Januar in das Vereinsjahr 2019. Geplanter Treffpunkt war der Parkplatz bei der Druckerei Herrmann in Genkingen. Auf Grund der Wetterlage bzw. des Schneeregens wurde der Startpunkt f\u00fcr die Wanderung kurzerhand n\u00e4her an den Bolberg verlegt, einen\u2026","rel":"","context":"\u00c4hnlicher Beitrag","block_context":{"text":"\u00c4hnlicher Beitrag","link":""},"img":{"alt_text":"","src":"https:\/\/i0.wp.com\/www.wolpertingersfc.de\/wp-content\/uploads\/2019\/01\/20190106_144301-1000x750-e1547065246574-225x300.jpg?resize=350%2C200","width":350,"height":200},"classes":[]},{"id":3640,"url":"http:\/\/www.wolpertingersfc.de\/?p=3640","url_meta":{"origin":3402,"position":5},"title":"Hinter die Kulissen des Gl\u00fchweinverkaufs","author":"Wolpertingersfc","date":"18. Dezember 2023","format":false,"excerpt":"Mir ist bewusst, wenn Ihr diesen Bericht lest, ist der Winter bereits vorbei und niemand denkt an den Gl\u00fchweinverkauf. Aber es mit hoher Wahrscheinlichkeit noch weitere Gl\u00fchweinverk\u00e4ufe geben, daher hier mal ein Blick auf die Organisation. Einige Wochen vor dem Gl\u00fchweinverkauf befasst sich der Ausschuss mit dem Thema, dabei geht\u2026","rel":"","context":"\u00c4hnlicher Beitrag","block_context":{"text":"\u00c4hnlicher Beitrag","link":""},"img":{"alt_text":"","src":"https:\/\/i0.wp.com\/www.wolpertingersfc.de\/wp-content\/uploads\/2023\/12\/Bild4-300x225.png?resize=350%2C200","width":350,"height":200},"classes":[]}],"_links":{"self":[{"href":"http:\/\/www.wolpertingersfc.de\/index.php?rest_route=\/wp\/v2\/posts\/3402","targetHints":{"allow":["GET"]}}],"collection":[{"href":"http:\/\/www.wolpertingersfc.de\/index.php?rest_route=\/wp\/v2\/posts"}],"about":[{"href":"http:\/\/www.wolpertingersfc.de\/index.php?rest_route=\/wp\/v2\/types\/post"}],"author":[{"embeddable":true,"href":"http:\/\/www.wolpertingersfc.de\/index.php?rest_route=\/wp\/v2\/users\/1"}],"replies":[{"embeddable":true,"href":"http:\/\/www.wolpertingersfc.de\/index.php?rest_route=%2Fwp%2Fv2%2Fcomments&post=3402"}],"version-history":[{"count":1,"href":"http:\/\/www.wolpertingersfc.de\/index.php?rest_route=\/wp\/v2\/posts\/3402\/revisions"}],"predecessor-version":[{"id":3403,"href":"http:\/\/www.wolpertingersfc.de\/index.php?rest_route=\/wp\/v2\/posts\/3402\/revisions\/3403"}],"wp:attachment":[{"href":"http:\/\/www.wolpertingersfc.de\/index.php?rest_route=%2Fwp%2Fv2%2Fmedia&parent=3402"}],"wp:term":[{"taxonomy":"category","embeddable":true,"href":"http:\/\/www.wolpertingersfc.de\/index.php?rest_route=%2Fwp%2Fv2%2Fcategories&post=3402"},{"taxonomy":"post_tag","embeddable":true,"href":"http:\/\/www.wolpertingersfc.de\/index.php?rest_route=%2Fwp%2Fv2%2Ftags&post=3402"}],"curies":[{"name":"wp","href":"https:\/\/api.w.org\/{rel}","templated":true}]}}