{"id":3379,"date":"2020-06-14T14:59:37","date_gmt":"2020-06-14T12:59:37","guid":{"rendered":"http:\/\/www.wolpertingersfc.de\/?p=3379"},"modified":"2020-10-07T21:46:48","modified_gmt":"2020-10-07T19:46:48","slug":"wiederaufnahme-des-uebungsbetriebs","status":"publish","type":"post","link":"http:\/\/www.wolpertingersfc.de\/?p=3379","title":{"rendered":"Wiederaufnahme des \u00dcbungsbetriebs"},"content":{"rendered":"<p>Liebe Vereinsmitglieder und Interessierte an unserem \u00dcbungsbetrieb,<\/p>\n<p>der \u00dcbungsbetrieb in den Abteilungen hat teilweise wieder begonnen.<br \/>\n\u00dcber den Start der jeweiligen Veranstaltung informieren Euch die Abteilungsleitenden.<\/p>\n<p>Zur Teilnahme an den Veranstaltungen ist es unbedingt erforderlich, dass Ihr die<br \/>\n<a href=\"http:\/\/www.wolpertingersfc.de\/wp-content\/uploads\/2020\/10\/2020-10-04-Wolp-Information-Mitglieder-Stand-04.10.20.pdf\" target=\"_blank\" rel=\"noopener noreferrer\">Teilnehmer-Information zur Wiederaufnahme des Sportbetriebes des Wolpertinger Sport-und Freizeitclub e.V., Stand 04.10.20<\/a><br \/>\nsorgf\u00e4ltig durchlest und die <a href=\"http:\/\/www.wolpertingersfc.de\/wp-content\/uploads\/2020\/06\/2020-06-09-Wolp-Einverst\u00e4ndniserkl\u00e4rung.pdf\" target=\"_blank\" rel=\"noopener noreferrer\">Einverst\u00e4ndniserkl\u00e4rung<\/a> ausgef\u00fcllt und unterschrieben zur Veranstaltung mitbringt.<\/p>\n","protected":false},"excerpt":{"rendered":"<p>Liebe Vereinsmitglieder und Interessierte an unserem \u00dcbungsbetrieb, der \u00dcbungsbetrieb in den Abteilungen hat teilweise wieder begonnen. \u00dcber den Start der jeweiligen Veranstaltung informieren Euch die Abteilungsleitenden. Zur Teilnahme an den Veranstaltungen ist es unbedingt erforderlich, dass Ihr die Teilnehmer-Information zur Wiederaufnahme des Sportbetriebes des Wolpertinger Sport-und Freizeitclub e.V., Stand 04.10.20 sorgf\u00e4ltig durchlest und die Einverst\u00e4ndniserkl\u00e4rung &hellip; <a href=\"http:\/\/www.wolpertingersfc.de\/?p=3379\" class=\"more-link\"><span class=\"screen-reader-text\">Wiederaufnahme des \u00dcbungsbetriebs<\/span> weiterlesen<\/a><\/p>\n","protected":false},"author":1,"featured_media":0,"comment_status":"open","ping_status":"open","sticky":false,"template":"","format":"standard","meta":{"jetpack_post_was_ever_published":false,"_jetpack_newsletter_access":"","_jetpack_dont_email_post_to_subs":false,"_jetpack_newsletter_tier_id":0,"_jetpack_memberships_contains_paywalled_content":false,"_jetpack_memberships_contains_paid_content":false,"footnotes":"","jetpack_publicize_message":"","jetpack_publicize_feature_enabled":true,"jetpack_social_post_already_shared":true,"jetpack_social_options":{"image_generator_settings":{"template":"highway","default_image_id":0,"font":"","enabled":false},"version":2}},"categories":[1],"tags":[],"class_list":["post-3379","post","type-post","status-publish","format-standard","hentry","category-uncategorized"],"jetpack_publicize_connections":[],"jetpack_featured_media_url":"","jetpack_sharing_enabled":true,"jetpack_shortlink":"https:\/\/wp.me\/p8FTYK-Sv","jetpack-related-posts":[{"id":3416,"url":"http:\/\/www.wolpertingersfc.de\/?p=3416","url_meta":{"origin":3379,"position":0},"title":"Wiederaufnahme des \u00dcbungsbetriebs","author":"Wolpertingersfc","date":"19. September 2021","format":false,"excerpt":"Liebe Vereinsmitglieder und Interessierte an unserem \u00dcbungsbetrieb, der \u00dcbungsbetrieb in den Abteilungen hat teilweise wieder begonnen. \u00dcber den Start der jeweiligen Veranstaltung, die Bedingungen und die Hygienevorschriften informieren Euch die Abteilungsleitenden \u00fcber Social Media.","rel":"","context":"\u00c4hnlicher Beitrag","block_context":{"text":"\u00c4hnlicher Beitrag","link":""},"img":{"alt_text":"","src":"","width":0,"height":0},"classes":[]},{"id":3402,"url":"http:\/\/www.wolpertingersfc.de\/?p=3402","url_meta":{"origin":3379,"position":1},"title":"Erneuter Lockdown","author":"Wolpertingersfc","date":"16. November 2020","format":false,"excerpt":"Liebe Vereinsmitglieder und Interessierte an unserem \u00dcbungsbetrieb, der \u00dcbungsbetrieb in den Abteilungen musste leider wieder unterbrochen werden. \u00dcber die weiteren Entwicklungen und den Stand bez\u00fcglich der jeweiligen Veranstaltung informieren Euch die Abteilungsleitenden.","rel":"","context":"\u00c4hnlicher Beitrag","block_context":{"text":"\u00c4hnlicher Beitrag","link":""},"img":{"alt_text":"","src":"","width":0,"height":0},"classes":[]},{"id":3777,"url":"http:\/\/www.wolpertingersfc.de\/?p=3777","url_meta":{"origin":3379,"position":2},"title":"Wolpertinger Erste Hilfe Kurs","author":"Wolpertingersfc","date":"15. Oktober 2025","format":false,"excerpt":"Einige Taucher ben\u00f6tigen das DLRG-Rettungsabzeichen in Silber, wof\u00fcr ein aktueller Erste-Hilfe-Kurs Voraussetzung ist. Daher entstand die Idee, einen eigenen Kurs zu organisieren, der von einem zertifizierten Ausbilder geleitet wird. Sollte es noch freie Pl\u00e4tze geben, k\u00f6nnten auch \u00dcbungsleiter aus anderen Abteilungen teilnehmen. Am Ende wurde der Kurs f\u00fcr alle Mitglieder\u2026","rel":"","context":"\u00c4hnlicher Beitrag","block_context":{"text":"\u00c4hnlicher Beitrag","link":""},"img":{"alt_text":"","src":"https:\/\/i0.wp.com\/www.wolpertingersfc.de\/wp-content\/uploads\/2025\/10\/Bild1.png?resize=350%2C200","width":350,"height":200},"classes":[]},{"id":3232,"url":"http:\/\/www.wolpertingersfc.de\/?p=3232","url_meta":{"origin":3379,"position":3},"title":"Neuauflage des Wanderwettbewerbs, wandern spielerisch erleben","author":"Wolpertingersfc","date":"29. September 2019","format":false,"excerpt":"Am 1. November 2019 l\u00e4dt die Ortsgruppe G\u00f6nningen des Schw\u00e4bischen Albvereins andere Ortsgruppen und sonstige Interessierte zur Neuauflage des traditionellen Wanderwettbewerbs im Lichtensteingau ein. Alle auf die der Begriff Wettbewerb abschreckend wirkt, k\u00f6nnen wir schon einmal beruhigen: Bei dem nicht ganz ernst gemeintem Wettbewerb geht es nicht darum, wer am\u2026","rel":"","context":"\u00c4hnlicher Beitrag","block_context":{"text":"\u00c4hnlicher Beitrag","link":""},"img":{"alt_text":"","src":"https:\/\/i0.wp.com\/www.wolpertingersfc.de\/wp-content\/uploads\/2019\/09\/Bild-1024x684.jpg?resize=350%2C200","width":350,"height":200,"srcset":"https:\/\/i0.wp.com\/www.wolpertingersfc.de\/wp-content\/uploads\/2019\/09\/Bild-1024x684.jpg?resize=350%2C200 1x, https:\/\/i0.wp.com\/www.wolpertingersfc.de\/wp-content\/uploads\/2019\/09\/Bild-1024x684.jpg?resize=525%2C300 1.5x, https:\/\/i0.wp.com\/www.wolpertingersfc.de\/wp-content\/uploads\/2019\/09\/Bild-1024x684.jpg?resize=700%2C400 2x"},"classes":[]},{"id":3704,"url":"http:\/\/www.wolpertingersfc.de\/?p=3704","url_meta":{"origin":3379,"position":4},"title":"Bouleplatzeinweihung und Bouleturnier","author":"Wolpertingersfc","date":"23. September 2024","format":false,"excerpt":"Endlich war es soweit, der Bouleplatz G\u00f6nningen konnte am 08.September 2024 mit einem \u00fcberaus spannenden und kurzweiligen Bouleturnier mit sage und schreibe 18 Mann(Frau)schaften sowie den Reden der Bezirksb\u00fcrgermeisterin Christel Pahl und den Vereinsvorsitzenden Klaus-Dieter Modrow vom Wolpertinger Sport- und Freizeitclub e.V. und Markus Scheurer von der TG G\u00f6nningen eingeweiht\u2026","rel":"","context":"\u00c4hnlicher Beitrag","block_context":{"text":"\u00c4hnlicher Beitrag","link":""},"img":{"alt_text":"","src":"https:\/\/i0.wp.com\/www.wolpertingersfc.de\/wp-content\/uploads\/2024\/09\/20240723_152711-300x225.jpg?resize=350%2C200","width":350,"height":200},"classes":[]},{"id":2642,"url":"http:\/\/www.wolpertingersfc.de\/?p=2642","url_meta":{"origin":3379,"position":5},"title":"Wanderung am 6. Januar 2019","author":"Wolpertingersfc","date":"9. Januar 2019","format":false,"excerpt":"Etwa zwanzig Wolpertinger aus den verschiedenen Abteilungen starteten mit der traditionellen Neujahrswanderung am 6. Januar in das Vereinsjahr 2019. Geplanter Treffpunkt war der Parkplatz bei der Druckerei Herrmann in Genkingen. Auf Grund der Wetterlage bzw. des Schneeregens wurde der Startpunkt f\u00fcr die Wanderung kurzerhand n\u00e4her an den Bolberg verlegt, einen\u2026","rel":"","context":"\u00c4hnlicher Beitrag","block_context":{"text":"\u00c4hnlicher Beitrag","link":""},"img":{"alt_text":"","src":"https:\/\/i0.wp.com\/www.wolpertingersfc.de\/wp-content\/uploads\/2019\/01\/20190106_144301-1000x750-e1547065246574-225x300.jpg?resize=350%2C200","width":350,"height":200},"classes":[]}],"_links":{"self":[{"href":"http:\/\/www.wolpertingersfc.de\/index.php?rest_route=\/wp\/v2\/posts\/3379","targetHints":{"allow":["GET"]}}],"collection":[{"href":"http:\/\/www.wolpertingersfc.de\/index.php?rest_route=\/wp\/v2\/posts"}],"about":[{"href":"http:\/\/www.wolpertingersfc.de\/index.php?rest_route=\/wp\/v2\/types\/post"}],"author":[{"embeddable":true,"href":"http:\/\/www.wolpertingersfc.de\/index.php?rest_route=\/wp\/v2\/users\/1"}],"replies":[{"embeddable":true,"href":"http:\/\/www.wolpertingersfc.de\/index.php?rest_route=%2Fwp%2Fv2%2Fcomments&post=3379"}],"version-history":[{"count":8,"href":"http:\/\/www.wolpertingersfc.de\/index.php?rest_route=\/wp\/v2\/posts\/3379\/revisions"}],"predecessor-version":[{"id":3391,"href":"http:\/\/www.wolpertingersfc.de\/index.php?rest_route=\/wp\/v2\/posts\/3379\/revisions\/3391"}],"wp:attachment":[{"href":"http:\/\/www.wolpertingersfc.de\/index.php?rest_route=%2Fwp%2Fv2%2Fmedia&parent=3379"}],"wp:term":[{"taxonomy":"category","embeddable":true,"href":"http:\/\/www.wolpertingersfc.de\/index.php?rest_route=%2Fwp%2Fv2%2Fcategories&post=3379"},{"taxonomy":"post_tag","embeddable":true,"href":"http:\/\/www.wolpertingersfc.de\/index.php?rest_route=%2Fwp%2Fv2%2Ftags&post=3379"}],"curies":[{"name":"wp","href":"https:\/\/api.w.org\/{rel}","templated":true}]}}