{"id":3374,"date":"2020-06-14T10:32:05","date_gmt":"2020-06-14T08:32:05","guid":{"rendered":"http:\/\/www.wolpertingersfc.de\/?p=3374"},"modified":"2020-06-14T10:38:22","modified_gmt":"2020-06-14T08:38:22","slug":"die-wolpertinger-nachrichten-juni-2020-sind-online","status":"publish","type":"post","link":"http:\/\/www.wolpertingersfc.de\/?p=3374","title":{"rendered":"Die Wolpertinger Nachrichten Juni 2020 sind online"},"content":{"rendered":"<p>Diesmal sind die <a href=\"http:\/\/www.wolpertingersfc.de\/?page_id=55\">Nachrichten der Wolpertinger<\/a> aufgrund der Situation kurz gehalten.<\/p>\n<p>Die Aktivit\u00e4ten starten jedoch langsam wieder und bald gibt es dann hoffentlich wieder mehr zu berichten.<\/p>\n","protected":false},"excerpt":{"rendered":"<p>Diesmal sind die Nachrichten der Wolpertinger aufgrund der Situation kurz gehalten. Die Aktivit\u00e4ten starten jedoch langsam wieder und bald gibt es dann hoffentlich wieder mehr zu berichten.<\/p>\n","protected":false},"author":1,"featured_media":0,"comment_status":"open","ping_status":"open","sticky":false,"template":"","format":"standard","meta":{"jetpack_post_was_ever_published":false,"_jetpack_newsletter_access":"","_jetpack_dont_email_post_to_subs":false,"_jetpack_newsletter_tier_id":0,"_jetpack_memberships_contains_paywalled_content":false,"_jetpack_memberships_contains_paid_content":false,"footnotes":"","jetpack_publicize_message":"","jetpack_publicize_feature_enabled":true,"jetpack_social_post_already_shared":true,"jetpack_social_options":{"image_generator_settings":{"template":"highway","default_image_id":0,"font":"","enabled":false},"version":2}},"categories":[1],"tags":[],"class_list":["post-3374","post","type-post","status-publish","format-standard","hentry","category-uncategorized"],"jetpack_publicize_connections":[],"jetpack_featured_media_url":"","jetpack_sharing_enabled":true,"jetpack_shortlink":"https:\/\/wp.me\/p8FTYK-Sq","jetpack-related-posts":[{"id":2351,"url":"http:\/\/www.wolpertingersfc.de\/?p=2351","url_meta":{"origin":3374,"position":0},"title":"Einweihung Kletterwanderweiterung &#038; Tag der offenen T\u00fcr des Evangelischen Kindergartens","author":"Wolpertingersfc","date":"5. Mai 2018","format":false,"excerpt":"Gleich zwei Anl\u00e4sse gab es am Samstag, 5. Mai im Garten des Evangelischen Kindergartens bei sch\u00f6nstem Fr\u00fchsommerwetter zu feiern: Die Einweihung der Wolpertinger-Kletterwanderweiterung und den Tag der offenen T\u00fcr des Evangelischen Kindergartens. Eine tolle Atmosph\u00e4re nutzten viele zum Kennenlernen der Kletterwand und des Kindergartens: Eltern und Kinder, auch viele ehemalige,\u2026","rel":"","context":"In &quot;Klettern&quot;","block_context":{"text":"Klettern","link":"http:\/\/www.wolpertingersfc.de\/?cat=13"},"img":{"alt_text":"","src":"https:\/\/i0.wp.com\/www.wolpertingersfc.de\/wp-content\/uploads\/2018\/05\/P1060145-1280x721-768x433.jpg?resize=350%2C200","width":350,"height":200,"srcset":"https:\/\/i0.wp.com\/www.wolpertingersfc.de\/wp-content\/uploads\/2018\/05\/P1060145-1280x721-768x433.jpg?resize=350%2C200 1x, https:\/\/i0.wp.com\/www.wolpertingersfc.de\/wp-content\/uploads\/2018\/05\/P1060145-1280x721-768x433.jpg?resize=525%2C300 1.5x, https:\/\/i0.wp.com\/www.wolpertingersfc.de\/wp-content\/uploads\/2018\/05\/P1060145-1280x721-768x433.jpg?resize=700%2C400 2x"},"classes":[]},{"id":3806,"url":"http:\/\/www.wolpertingersfc.de\/?p=3806","url_meta":{"origin":3374,"position":1},"title":"6. Januar Wanderung der Wolpertinger","author":"Wolpertingersfc","date":"9. Januar 2026","format":false,"excerpt":"Die Traditionswanderung der Wolpertinger am 6. Januar f\u00fchrte dieses Jahr nach M\u00f6ssingen- Belsen. Start und Ziel der 30 Wanderer war die kleine, romantische Kirche oben am Friedhof.\u00a0 Die Strecke f\u00fchrte gut 7 km \u00fcber den Spitzwaldweg hinauf, das Hansenbachtal hinunter und wieder zur\u00fcck durch das Dorf. Unterwegs wurde eine Pause\u2026","rel":"","context":"\u00c4hnlicher Beitrag","block_context":{"text":"\u00c4hnlicher Beitrag","link":""},"img":{"alt_text":"","src":"https:\/\/i0.wp.com\/www.wolpertingersfc.de\/wp-content\/uploads\/2026\/01\/20260106_134852-scaled.jpg?resize=350%2C200","width":350,"height":200,"srcset":"https:\/\/i0.wp.com\/www.wolpertingersfc.de\/wp-content\/uploads\/2026\/01\/20260106_134852-scaled.jpg?resize=350%2C200 1x, https:\/\/i0.wp.com\/www.wolpertingersfc.de\/wp-content\/uploads\/2026\/01\/20260106_134852-scaled.jpg?resize=525%2C300 1.5x, https:\/\/i0.wp.com\/www.wolpertingersfc.de\/wp-content\/uploads\/2026\/01\/20260106_134852-scaled.jpg?resize=700%2C400 2x, https:\/\/i0.wp.com\/www.wolpertingersfc.de\/wp-content\/uploads\/2026\/01\/20260106_134852-scaled.jpg?resize=1050%2C600 3x, https:\/\/i0.wp.com\/www.wolpertingersfc.de\/wp-content\/uploads\/2026\/01\/20260106_134852-scaled.jpg?resize=1400%2C800 4x"},"classes":[]},{"id":3291,"url":"http:\/\/www.wolpertingersfc.de\/?p=3291","url_meta":{"origin":3374,"position":2},"title":"Wanderung der Wolpertinger am 6. Januar 2020","author":"Wolpertingersfc","date":"23. Januar 2020","format":false,"excerpt":"Bei sonnigem Wetter trafen sich \u00fcber 20 Wolpertinger zur traditionellen Wanderung am 6. Januar. Unser Startpunkt war am \u00d6schinger Wasserh\u00e4usle. Der steile Aufstieg am S\u00fcdhang f\u00fchrte uns zum Sch\u00f6nberger Kapf. \u00dcber das Ro\u00dffeld gelangten wir zu unserem Rastplatz. Dort wurde das restliche Weihnachtsgeb\u00e4ck angeboten und an alle Leckerm\u00e4uler verteilt. Nat\u00fcrlich\u2026","rel":"","context":"\u00c4hnlicher Beitrag","block_context":{"text":"\u00c4hnlicher Beitrag","link":""},"img":{"alt_text":"","src":"https:\/\/i0.wp.com\/www.wolpertingersfc.de\/wp-content\/uploads\/2020\/01\/P1070482-1024x576-300x169.jpg?resize=350%2C200","width":350,"height":200},"classes":[]},{"id":3694,"url":"http:\/\/www.wolpertingersfc.de\/?p=3694","url_meta":{"origin":3374,"position":3},"title":"Wolpertinger Radtour vom 29.6.- 2.7.2024","author":"Wolpertingersfc","date":"4. Juli 2024","format":false,"excerpt":"Am fr\u00fchen Samstag starteten 20 Wolpertinger von U 30 bis \u00dc 80 in G\u00f6nningen ihre Tour. Bei gut 30 Grad radelten wir \u00fcber T\u00fcbingen, Herrenberg zur Mittagsrast nach Affst\u00e4tt, dann weiter nach Calw, wo eine Abk\u00fchlung mit Eisbecher und kalten Getr\u00e4nken dringend n\u00f6tig war. Nach 70 km erreichten wir unser\u2026","rel":"","context":"\u00c4hnlicher Beitrag","block_context":{"text":"\u00c4hnlicher Beitrag","link":""},"img":{"alt_text":"","src":"https:\/\/i0.wp.com\/www.wolpertingersfc.de\/wp-content\/uploads\/2024\/07\/2024-07-03-Gruppenbild-Radtour.jpg?resize=350%2C200","width":350,"height":200,"srcset":"https:\/\/i0.wp.com\/www.wolpertingersfc.de\/wp-content\/uploads\/2024\/07\/2024-07-03-Gruppenbild-Radtour.jpg?resize=350%2C200 1x, https:\/\/i0.wp.com\/www.wolpertingersfc.de\/wp-content\/uploads\/2024\/07\/2024-07-03-Gruppenbild-Radtour.jpg?resize=525%2C300 1.5x, https:\/\/i0.wp.com\/www.wolpertingersfc.de\/wp-content\/uploads\/2024\/07\/2024-07-03-Gruppenbild-Radtour.jpg?resize=700%2C400 2x, https:\/\/i0.wp.com\/www.wolpertingersfc.de\/wp-content\/uploads\/2024\/07\/2024-07-03-Gruppenbild-Radtour.jpg?resize=1050%2C600 3x, https:\/\/i0.wp.com\/www.wolpertingersfc.de\/wp-content\/uploads\/2024\/07\/2024-07-03-Gruppenbild-Radtour.jpg?resize=1400%2C800 4x"},"classes":[]},{"id":3379,"url":"http:\/\/www.wolpertingersfc.de\/?p=3379","url_meta":{"origin":3374,"position":4},"title":"Wiederaufnahme des \u00dcbungsbetriebs","author":"Wolpertingersfc","date":"14. Juni 2020","format":false,"excerpt":"Liebe Vereinsmitglieder und Interessierte an unserem \u00dcbungsbetrieb, der \u00dcbungsbetrieb in den Abteilungen hat teilweise wieder begonnen. \u00dcber den Start der jeweiligen Veranstaltung informieren Euch die Abteilungsleitenden. Zur Teilnahme an den Veranstaltungen ist es unbedingt erforderlich, dass Ihr die Teilnehmer-Information zur Wiederaufnahme des Sportbetriebes des Wolpertinger Sport-und Freizeitclub e.V., Stand 04.10.20\u2026","rel":"","context":"\u00c4hnlicher Beitrag","block_context":{"text":"\u00c4hnlicher Beitrag","link":""},"img":{"alt_text":"","src":"","width":0,"height":0},"classes":[]},{"id":3302,"url":"http:\/\/www.wolpertingersfc.de\/?p=3302","url_meta":{"origin":3374,"position":5},"title":"Wolpertinger: alle Veranstaltungen bis auf Weiteres abgesagt","author":"Wolpertingersfc","date":"10. Februar 2020","format":false,"excerpt":"Aufgrund des Corona-Virus werden alle Veranstaltungen der Wolpertinger zun\u00e4chst bis zum Ende der Osterferien (einschlie\u00dflich Sonntag, 19.04.2020) abgesagt: - alle regelm\u00e4\u00dfigen Veranstaltungen und Trainings - Das Fr\u00fchlingsfest am 29.03.2020 - Die Mitgliederversammlung am 03.04.2020 Das Fr\u00fchlingsfest und die Mitgliederversammlung\u00a0 wollen wir zu einem sp\u00e4teren Zeitpunkt nachholen. Klaus-Dieter Modrow, 1. Vorsitzender","rel":"","context":"\u00c4hnlicher Beitrag","block_context":{"text":"\u00c4hnlicher Beitrag","link":""},"img":{"alt_text":"","src":"","width":0,"height":0},"classes":[]}],"_links":{"self":[{"href":"http:\/\/www.wolpertingersfc.de\/index.php?rest_route=\/wp\/v2\/posts\/3374","targetHints":{"allow":["GET"]}}],"collection":[{"href":"http:\/\/www.wolpertingersfc.de\/index.php?rest_route=\/wp\/v2\/posts"}],"about":[{"href":"http:\/\/www.wolpertingersfc.de\/index.php?rest_route=\/wp\/v2\/types\/post"}],"author":[{"embeddable":true,"href":"http:\/\/www.wolpertingersfc.de\/index.php?rest_route=\/wp\/v2\/users\/1"}],"replies":[{"embeddable":true,"href":"http:\/\/www.wolpertingersfc.de\/index.php?rest_route=%2Fwp%2Fv2%2Fcomments&post=3374"}],"version-history":[{"count":4,"href":"http:\/\/www.wolpertingersfc.de\/index.php?rest_route=\/wp\/v2\/posts\/3374\/revisions"}],"predecessor-version":[{"id":3378,"href":"http:\/\/www.wolpertingersfc.de\/index.php?rest_route=\/wp\/v2\/posts\/3374\/revisions\/3378"}],"wp:attachment":[{"href":"http:\/\/www.wolpertingersfc.de\/index.php?rest_route=%2Fwp%2Fv2%2Fmedia&parent=3374"}],"wp:term":[{"taxonomy":"category","embeddable":true,"href":"http:\/\/www.wolpertingersfc.de\/index.php?rest_route=%2Fwp%2Fv2%2Fcategories&post=3374"},{"taxonomy":"post_tag","embeddable":true,"href":"http:\/\/www.wolpertingersfc.de\/index.php?rest_route=%2Fwp%2Fv2%2Ftags&post=3374"}],"curies":[{"name":"wp","href":"https:\/\/api.w.org\/{rel}","templated":true}]}}