{"id":3279,"date":"2020-01-15T19:47:42","date_gmt":"2020-01-15T18:47:42","guid":{"rendered":"http:\/\/www.wolpertingersfc.de\/?p=3279"},"modified":"2020-01-15T19:47:42","modified_gmt":"2020-01-15T18:47:42","slug":"lago-maggiore-september-2020","status":"publish","type":"post","link":"http:\/\/www.wolpertingersfc.de\/?p=3279","title":{"rendered":"Lago Maggiore \u2013 September 2020"},"content":{"rendered":"<p style=\"text-align: center;\"><strong>Campingplatz \u201eLAGO MAGGIORE\u201c<\/strong><br \/>\n<strong>Tenero<\/strong><br \/>\n<strong>vom 05.09. bis 12.09.2020<\/strong><\/p>\n<p><a href=\"https:\/\/i0.wp.com\/www.wolpertingersfc.de\/wp-content\/uploads\/2020\/01\/Bild_T1.jpg\"><img data-recalc-dims=\"1\" loading=\"lazy\" decoding=\"async\" data-attachment-id=\"3280\" data-permalink=\"http:\/\/www.wolpertingersfc.de\/?attachment_id=3280\" data-orig-file=\"https:\/\/i0.wp.com\/www.wolpertingersfc.de\/wp-content\/uploads\/2020\/01\/Bild_T1.jpg?fit=1792%2C1200\" data-orig-size=\"1792,1200\" data-comments-opened=\"1\" data-image-meta=\"{&quot;aperture&quot;:&quot;0&quot;,&quot;credit&quot;:&quot;&quot;,&quot;camera&quot;:&quot;&quot;,&quot;caption&quot;:&quot;&quot;,&quot;created_timestamp&quot;:&quot;0&quot;,&quot;copyright&quot;:&quot;&quot;,&quot;focal_length&quot;:&quot;0&quot;,&quot;iso&quot;:&quot;0&quot;,&quot;shutter_speed&quot;:&quot;0&quot;,&quot;title&quot;:&quot;&quot;,&quot;orientation&quot;:&quot;0&quot;}\" data-image-title=\"Bild_T1\" data-image-description=\"\" data-image-caption=\"\" data-medium-file=\"https:\/\/i0.wp.com\/www.wolpertingersfc.de\/wp-content\/uploads\/2020\/01\/Bild_T1.jpg?fit=300%2C201\" data-large-file=\"https:\/\/i0.wp.com\/www.wolpertingersfc.de\/wp-content\/uploads\/2020\/01\/Bild_T1.jpg?fit=863%2C578\" class=\"alignnone wp-image-3280 size-medium\" src=\"https:\/\/i0.wp.com\/www.wolpertingersfc.de\/wp-content\/uploads\/2020\/01\/Bild_T1.jpg?resize=300%2C201\" alt=\"\" width=\"300\" height=\"201\" srcset=\"https:\/\/i0.wp.com\/www.wolpertingersfc.de\/wp-content\/uploads\/2020\/01\/Bild_T1.jpg?resize=300%2C201 300w, https:\/\/i0.wp.com\/www.wolpertingersfc.de\/wp-content\/uploads\/2020\/01\/Bild_T1.jpg?resize=768%2C514 768w, https:\/\/i0.wp.com\/www.wolpertingersfc.de\/wp-content\/uploads\/2020\/01\/Bild_T1.jpg?resize=1024%2C686 1024w, https:\/\/i0.wp.com\/www.wolpertingersfc.de\/wp-content\/uploads\/2020\/01\/Bild_T1.jpg?resize=863%2C578 863w, https:\/\/i0.wp.com\/www.wolpertingersfc.de\/wp-content\/uploads\/2020\/01\/Bild_T1.jpg?resize=161%2C108 161w, https:\/\/i0.wp.com\/www.wolpertingersfc.de\/wp-content\/uploads\/2020\/01\/Bild_T1.jpg?w=1792 1792w, https:\/\/i0.wp.com\/www.wolpertingersfc.de\/wp-content\/uploads\/2020\/01\/Bild_T1.jpg?w=1726 1726w\" sizes=\"auto, (max-width: 300px) 100vw, 300px\" \/><\/a> <a href=\"https:\/\/i0.wp.com\/www.wolpertingersfc.de\/wp-content\/uploads\/2020\/01\/Bild_T2.jpg\"><img data-recalc-dims=\"1\" loading=\"lazy\" decoding=\"async\" data-attachment-id=\"3281\" data-permalink=\"http:\/\/www.wolpertingersfc.de\/?attachment_id=3281\" data-orig-file=\"https:\/\/i0.wp.com\/www.wolpertingersfc.de\/wp-content\/uploads\/2020\/01\/Bild_T2.jpg?fit=1792%2C1200\" data-orig-size=\"1792,1200\" data-comments-opened=\"1\" data-image-meta=\"{&quot;aperture&quot;:&quot;0&quot;,&quot;credit&quot;:&quot;&quot;,&quot;camera&quot;:&quot;&quot;,&quot;caption&quot;:&quot;&quot;,&quot;created_timestamp&quot;:&quot;0&quot;,&quot;copyright&quot;:&quot;&quot;,&quot;focal_length&quot;:&quot;0&quot;,&quot;iso&quot;:&quot;0&quot;,&quot;shutter_speed&quot;:&quot;0&quot;,&quot;title&quot;:&quot;&quot;,&quot;orientation&quot;:&quot;0&quot;}\" data-image-title=\"Bild_T2\" data-image-description=\"\" data-image-caption=\"\" data-medium-file=\"https:\/\/i0.wp.com\/www.wolpertingersfc.de\/wp-content\/uploads\/2020\/01\/Bild_T2.jpg?fit=300%2C201\" data-large-file=\"https:\/\/i0.wp.com\/www.wolpertingersfc.de\/wp-content\/uploads\/2020\/01\/Bild_T2.jpg?fit=863%2C578\" class=\"alignnone wp-image-3281 size-medium\" src=\"https:\/\/i0.wp.com\/www.wolpertingersfc.de\/wp-content\/uploads\/2020\/01\/Bild_T2.jpg?resize=300%2C201\" alt=\"\" width=\"300\" height=\"201\" srcset=\"https:\/\/i0.wp.com\/www.wolpertingersfc.de\/wp-content\/uploads\/2020\/01\/Bild_T2.jpg?resize=300%2C201 300w, https:\/\/i0.wp.com\/www.wolpertingersfc.de\/wp-content\/uploads\/2020\/01\/Bild_T2.jpg?resize=768%2C514 768w, https:\/\/i0.wp.com\/www.wolpertingersfc.de\/wp-content\/uploads\/2020\/01\/Bild_T2.jpg?resize=1024%2C686 1024w, https:\/\/i0.wp.com\/www.wolpertingersfc.de\/wp-content\/uploads\/2020\/01\/Bild_T2.jpg?resize=863%2C578 863w, https:\/\/i0.wp.com\/www.wolpertingersfc.de\/wp-content\/uploads\/2020\/01\/Bild_T2.jpg?resize=161%2C108 161w, https:\/\/i0.wp.com\/www.wolpertingersfc.de\/wp-content\/uploads\/2020\/01\/Bild_T2.jpg?w=1792 1792w, https:\/\/i0.wp.com\/www.wolpertingersfc.de\/wp-content\/uploads\/2020\/01\/Bild_T2.jpg?w=1726 1726w\" sizes=\"auto, (max-width: 300px) 100vw, 300px\" \/><\/a><\/p>\n<p>Tauchen in den kristallklaren \u201eGumpen\u201c der Fl\u00fcsse Verzasca und Maggia, traumhaft sch\u00f6n und unvergesslich.<br \/>\nDa der gr\u00f6\u00dfte Teil der Tauchpl\u00e4tze nur erschwert zug\u00e4nglich ist, empfehle ich m\u00f6glichst kleine DTG (8l, 10l max. 12l) mitzunehmen.<br \/>\nDirekt neben dem Campingplatz gibt es eine Tauchbasis. Dort k\u00f6nnen wir unsere Tauchflaschen wieder f\u00fcllen.<br \/>\nAuch f\u00fcr \u201eNichttaucher\u201c hat das Tessin mit seinen Bergen und Seen idyllischen D\u00f6rfern und den St\u00e4dten Locarno und Bellinzona viel zu bieten.<br \/>\nCampieren werden wir auf dem Campingplatz \u201eLago Maggiore\u201c bei Tenero am oberen Ende des Sees in der Schweiz.<br \/>\nF\u00fcr Speisen und Getr\u00e4nke ist jeder selber verantwortlich.<br \/>\nEs besteht auch die M\u00f6glichkeit auf dem Campingplatz Wohnwagen (relativ teuer) zu mieten. Bitte Ausstattung und Preise selber erfragen.<\/p>\n<p><strong>Kontaktadresse:<\/strong><br \/>\nCamping Lago Maggiore<br \/>\nVia Lido 4<br \/>\nCH &#8211; 6598 Tenero<br \/>\nTel.: 0041 (0) 91 745 18 48<br \/>\nFax: 0041 (0) 91 745 43 18<br \/>\nE-Mail: info@clm.ch<br \/>\nInternet: www.clm.ch<\/p>\n<p><strong>Anmeldungen an:<\/strong><br \/>\nGerhard Gauger<br \/>\nTel.: 07473 \/ 64 81<br \/>\nHandy 01575 7955588<br \/>\nmailto:g.gauger@freenet.de<\/p>\n","protected":false},"excerpt":{"rendered":"<p>Campingplatz \u201eLAGO MAGGIORE\u201c Tenero vom 05.09. bis 12.09.2020 Tauchen in den kristallklaren \u201eGumpen\u201c der Fl\u00fcsse Verzasca und Maggia, traumhaft sch\u00f6n und unvergesslich. Da der gr\u00f6\u00dfte Teil der Tauchpl\u00e4tze nur erschwert zug\u00e4nglich ist, empfehle ich m\u00f6glichst kleine DTG (8l, 10l max. 12l) mitzunehmen. Direkt neben dem Campingplatz gibt es eine Tauchbasis. Dort k\u00f6nnen wir unsere Tauchflaschen &hellip; <a href=\"http:\/\/www.wolpertingersfc.de\/?p=3279\" class=\"more-link\"><span class=\"screen-reader-text\">Lago Maggiore \u2013 September 2020<\/span> weiterlesen<\/a><\/p>\n","protected":false},"author":1,"featured_media":0,"comment_status":"open","ping_status":"open","sticky":false,"template":"","format":"standard","meta":{"jetpack_post_was_ever_published":false,"_jetpack_newsletter_access":"","_jetpack_dont_email_post_to_subs":false,"_jetpack_newsletter_tier_id":0,"_jetpack_memberships_contains_paywalled_content":false,"_jetpack_memberships_contains_paid_content":false,"footnotes":"","jetpack_publicize_message":"","jetpack_publicize_feature_enabled":true,"jetpack_social_post_already_shared":true,"jetpack_social_options":{"image_generator_settings":{"template":"highway","default_image_id":0,"font":"","enabled":false},"version":2}},"categories":[8],"tags":[],"class_list":["post-3279","post","type-post","status-publish","format-standard","hentry","category-tauchen"],"jetpack_publicize_connections":[],"jetpack_featured_media_url":"","jetpack_sharing_enabled":true,"jetpack_shortlink":"https:\/\/wp.me\/p8FTYK-QT","jetpack-related-posts":[{"id":3277,"url":"http:\/\/www.wolpertingersfc.de\/?p=3277","url_meta":{"origin":3279,"position":0},"title":"Tauchpraxis Plansee vom 02.07. bis 05.07.2020","author":"Wolpertingersfc","date":"15. Januar 2020","format":false,"excerpt":"\u00a0\u00a0\u00a0\u00a0\u00a0\u00a0\u00a0\u00a0\u00a0\u00a0\u00a0\u00a0\u00a0\u00a0\u00a0\u00a0\u00a0\u00a0\u00a0\u00a0\u00a0\u00a0\u00a0\u00a0\u00a0\u00a0\u00a0\u00a0\u00a0\u00a0\u00a0\u00a0\u00a0\u00a0\u00a0\u00a0\u00a0\u00a0\u00a0\u00a0\u00a0\u00a0\u00a0\u00a0\u00a0\u00a0\u00a0\u00a0\u00a0\u00a0 Ort: Plansee \u201eCampingplatz Sennalpe\u201c bei Reutte in \u00d6sterreich Info zum Platz und Preise unter: www.camping-plansee.at Telefon: 0043 5672 \/ 78115 Tauchen: Donnerstag, Freitag und Samstag werden wir dann im Plansee tauchen. F\u00fcr den Plansee ist eine Tauchgenehmigung erforderlich, die erhalten wir wie \u00fcblich im B\u00fcro des Campingplatzes. Achtung! Die\u2026","rel":"","context":"In &quot;Tauchen&quot;","block_context":{"text":"Tauchen","link":"http:\/\/www.wolpertingersfc.de\/?cat=8"},"img":{"alt_text":"","src":"https:\/\/i0.wp.com\/www.wolpertingersfc.de\/wp-content\/uploads\/2017\/07\/Tauchender_Wolpertinger.jpg?resize=350%2C200","width":350,"height":200},"classes":[]},{"id":3690,"url":"http:\/\/www.wolpertingersfc.de\/?p=3690","url_meta":{"origin":3279,"position":1},"title":"Paddelwochenende in \u00dcberlingen vom 14.-16.6.24","author":"Wolpertingersfc","date":"18. Juni 2024","format":false,"excerpt":"Der Wettergott meinte es doch noch gut mit den zw\u00f6lf Wolpertingern, die am Freitag Mittag ins Paddelwochenende starteten. Kaum waren die Zelte im Paddelclub \u00dcberlingen aufgebaut, suchten wir uns ein sch\u00f6nes Pl\u00e4tzchen im Strandbad Ost, wo wir bei Public viewing den Erfolg der deutschen Mannschaft mitfeiern konnten. Der Samstag begann\u2026","rel":"","context":"\u00c4hnlicher Beitrag","block_context":{"text":"\u00c4hnlicher Beitrag","link":""},"img":{"alt_text":"","src":"https:\/\/i0.wp.com\/www.wolpertingersfc.de\/wp-content\/uploads\/2024\/06\/2024-Paddelausfahrt-Gruppenbild-scaled.jpg?resize=350%2C200","width":350,"height":200,"srcset":"https:\/\/i0.wp.com\/www.wolpertingersfc.de\/wp-content\/uploads\/2024\/06\/2024-Paddelausfahrt-Gruppenbild-scaled.jpg?resize=350%2C200 1x, https:\/\/i0.wp.com\/www.wolpertingersfc.de\/wp-content\/uploads\/2024\/06\/2024-Paddelausfahrt-Gruppenbild-scaled.jpg?resize=525%2C300 1.5x, https:\/\/i0.wp.com\/www.wolpertingersfc.de\/wp-content\/uploads\/2024\/06\/2024-Paddelausfahrt-Gruppenbild-scaled.jpg?resize=700%2C400 2x, https:\/\/i0.wp.com\/www.wolpertingersfc.de\/wp-content\/uploads\/2024\/06\/2024-Paddelausfahrt-Gruppenbild-scaled.jpg?resize=1050%2C600 3x, https:\/\/i0.wp.com\/www.wolpertingersfc.de\/wp-content\/uploads\/2024\/06\/2024-Paddelausfahrt-Gruppenbild-scaled.jpg?resize=1400%2C800 4x"},"classes":[]},{"id":3237,"url":"http:\/\/www.wolpertingersfc.de\/?p=3237","url_meta":{"origin":3279,"position":2},"title":"Tessin 2019 \u2013 Tauchausfahrt oder kulinarisches Meisterwerk?  Ganz klar: BEIDES  \uf04a","author":"Wolpertingersfc","date":"6. November 2019","format":false,"excerpt":"\u00a0 Dieses Jahr sind wir vom 30.\/31.08. bis zum 07.09.2019 im meist sonnigen Tenero im Tessin auf der Schweizer-Seite gewesen. Wir waren sage und schreibe eine Meute von 17 Personen, von Jung bis \u00c4lter, \u00fcber M\u00e4nnlein und Weiblein bis zu Taucher und Nicht-Taucher, eine bunt gemischte lustige Truppe. Untergebracht waren\u2026","rel":"","context":"In &quot;Tauchen&quot;","block_context":{"text":"Tauchen","link":"http:\/\/www.wolpertingersfc.de\/?cat=8"},"img":{"alt_text":"","src":"https:\/\/i0.wp.com\/www.wolpertingersfc.de\/wp-content\/uploads\/2019\/11\/b13.jpg?resize=350%2C200","width":350,"height":200,"srcset":"https:\/\/i0.wp.com\/www.wolpertingersfc.de\/wp-content\/uploads\/2019\/11\/b13.jpg?resize=350%2C200 1x, https:\/\/i0.wp.com\/www.wolpertingersfc.de\/wp-content\/uploads\/2019\/11\/b13.jpg?resize=525%2C300 1.5x, https:\/\/i0.wp.com\/www.wolpertingersfc.de\/wp-content\/uploads\/2019\/11\/b13.jpg?resize=700%2C400 2x"},"classes":[]},{"id":2774,"url":"http:\/\/www.wolpertingersfc.de\/?p=2774","url_meta":{"origin":3279,"position":3},"title":"Weihnachtstraining","author":"Wolpertingersfc","date":"16. Januar 2019","format":false,"excerpt":"Traditionell gestaltet Bert das letzte Training im Taucherjahr. Das Training wird dann weihnachtlich gestaltet. Auch wir Taucher wollen nicht auf das Ambiente verzichten, daher bringt er seinen sch\u00f6n geschm\u00fcckten Weihnachtsbaum mit und platziert ihn mittig unter Wasser im Hallenbad. Aus hygienischen Gr\u00fcnden handelt es sich um einen Kunststoffbaum, der gegen\u2026","rel":"","context":"In &quot;Tauchen&quot;","block_context":{"text":"Tauchen","link":"http:\/\/www.wolpertingersfc.de\/?cat=8"},"img":{"alt_text":"","src":"https:\/\/i0.wp.com\/www.wolpertingersfc.de\/wp-content\/uploads\/2019\/01\/Tauchen_WT_2018_4.png?resize=350%2C200","width":350,"height":200,"srcset":"https:\/\/i0.wp.com\/www.wolpertingersfc.de\/wp-content\/uploads\/2019\/01\/Tauchen_WT_2018_4.png?resize=350%2C200 1x, https:\/\/i0.wp.com\/www.wolpertingersfc.de\/wp-content\/uploads\/2019\/01\/Tauchen_WT_2018_4.png?resize=525%2C300 1.5x, https:\/\/i0.wp.com\/www.wolpertingersfc.de\/wp-content\/uploads\/2019\/01\/Tauchen_WT_2018_4.png?resize=700%2C400 2x, https:\/\/i0.wp.com\/www.wolpertingersfc.de\/wp-content\/uploads\/2019\/01\/Tauchen_WT_2018_4.png?resize=1050%2C600 3x"},"classes":[]},{"id":2793,"url":"http:\/\/www.wolpertingersfc.de\/?p=2793","url_meta":{"origin":3279,"position":4},"title":"Tauchkurs Grundtauchschein \/ CMAS* 2019","author":"Wolpertingersfc","date":"1. M\u00e4rz 2019","format":false,"excerpt":"Das Ausbilderteam des Wolpertinger SFC bietet auch im Jahr 2019 mit qualifizierten \u00dcbungsleitern und Tauchlehrern einen Tauch-Grundkurs an. Ziel: Die Grundkenntnisse des Tauchens in Theorie und Praxis zu erlernen. Nach Abschluss des Tauchkurses soll er\/sie sicher an von erfahrenen Tauchern gef\u00fchrten Tauchg\u00e4ngen teilnehmen k\u00f6nnen. Voraussetzungen: Mindestalter von 14 Jahren. Bei\u2026","rel":"","context":"In &quot;Tauchen&quot;","block_context":{"text":"Tauchen","link":"http:\/\/www.wolpertingersfc.de\/?cat=8"},"img":{"alt_text":"","src":"","width":0,"height":0},"classes":[]},{"id":3284,"url":"http:\/\/www.wolpertingersfc.de\/?p=3284","url_meta":{"origin":3279,"position":5},"title":"Tauchkurs DTSA* \/ DTSA 1Stern 2020","author":"Wolpertingersfc","date":"15. Januar 2020","format":false,"excerpt":"\u00a0 \u00a0 Das Ausbilderteam des Wolpertinger SFC bietet auch im Jahr 2020 mit qualifizierten \u00dcbungsleitern und Tauchlehrern einen Tauchkurs nach international g\u00fcltigen VDST-\/CMAS-Standards an. Ziel ist es, die Grundkenntnisse des Tauchens in Theorie und Praxis zu erlernen, um nach Abschluss des Tauchkurses an von erfahrenen Tauchern gef\u00fchrten Tauchg\u00e4ngen teilnehmen zu\u2026","rel":"","context":"In &quot;Tauchen&quot;","block_context":{"text":"Tauchen","link":"http:\/\/www.wolpertingersfc.de\/?cat=8"},"img":{"alt_text":"","src":"https:\/\/i0.wp.com\/www.wolpertingersfc.de\/wp-content\/uploads\/2017\/04\/Tauchender_Wolpertinger-150x118.jpg?resize=350%2C200","width":350,"height":200},"classes":[]}],"_links":{"self":[{"href":"http:\/\/www.wolpertingersfc.de\/index.php?rest_route=\/wp\/v2\/posts\/3279","targetHints":{"allow":["GET"]}}],"collection":[{"href":"http:\/\/www.wolpertingersfc.de\/index.php?rest_route=\/wp\/v2\/posts"}],"about":[{"href":"http:\/\/www.wolpertingersfc.de\/index.php?rest_route=\/wp\/v2\/types\/post"}],"author":[{"embeddable":true,"href":"http:\/\/www.wolpertingersfc.de\/index.php?rest_route=\/wp\/v2\/users\/1"}],"replies":[{"embeddable":true,"href":"http:\/\/www.wolpertingersfc.de\/index.php?rest_route=%2Fwp%2Fv2%2Fcomments&post=3279"}],"version-history":[{"count":1,"href":"http:\/\/www.wolpertingersfc.de\/index.php?rest_route=\/wp\/v2\/posts\/3279\/revisions"}],"predecessor-version":[{"id":3282,"href":"http:\/\/www.wolpertingersfc.de\/index.php?rest_route=\/wp\/v2\/posts\/3279\/revisions\/3282"}],"wp:attachment":[{"href":"http:\/\/www.wolpertingersfc.de\/index.php?rest_route=%2Fwp%2Fv2%2Fmedia&parent=3279"}],"wp:term":[{"taxonomy":"category","embeddable":true,"href":"http:\/\/www.wolpertingersfc.de\/index.php?rest_route=%2Fwp%2Fv2%2Fcategories&post=3279"},{"taxonomy":"post_tag","embeddable":true,"href":"http:\/\/www.wolpertingersfc.de\/index.php?rest_route=%2Fwp%2Fv2%2Ftags&post=3279"}],"curies":[{"name":"wp","href":"https:\/\/api.w.org\/{rel}","templated":true}]}}