{"id":3259,"date":"2019-11-06T22:34:53","date_gmt":"2019-11-06T21:34:53","guid":{"rendered":"http:\/\/www.wolpertingersfc.de\/?p=3259"},"modified":"2019-11-06T22:34:53","modified_gmt":"2019-11-06T21:34:53","slug":"goenninger-weihnachtsmarkt-am-30-11-2019","status":"publish","type":"post","link":"http:\/\/www.wolpertingersfc.de\/?p=3259","title":{"rendered":"G\u00f6nninger Weihnachtsmarkt am 30.11.2019"},"content":{"rendered":"<p>Am Samstag, den 30.11.2019 findet im historischen Lokschuppen der diesj\u00e4hrige G\u00f6nninger Weihnachtsmarkt statt. Hier stellen B\u00fcrger, K\u00fcnstler und Gruppen Hand- und Bastelarbeiten zum Verkauf aus. Dort findet man sch\u00f6ne Weihnachtsgeschenke oder Dekorationen. Der Markt beginnt dieses Jahr um 15.00 Uhr und geht bis 20.00\u00a0Uhr.<\/p>\n<p>Der Wolpertinger Sport- und Freizeitclub e.V. versorgt wie in den vergangenen Jahren die Besucher mit Gl\u00fchwein und Kinderpunsch.<\/p>\n<p>Zum guten Gelingen brauchen wir wieder einige tatkr\u00e4ftige Helfer f\u00fcr den Auf- und Abbau sowie f\u00fcr den Verkauf, Koch- und Sp\u00fcldienst. Wir werden wie im vergangenen Jahr mit zwei Schichten fahren, die dadurch etwas l\u00e4nger dauern.<br \/>\nMit dem Aufbau beginnen wir um 9.00 Uhr. Die erste Schicht geht von 14.30 Uhr bis 18.00 Uhr und die zweite von 18.00 Uhr bis zum Ende einschlie\u00dflich Abbau ca. 21.00 Uhr. Im Voraus m\u00f6chte ich mich schon bei den HelferInnen f\u00fcr ihre Bereitschaft zur Mitarbeit bedanken.<\/p>\n<p>Zwecks der Schicht\u00fcbergabe und Einweisung solltet ihr ca. 10 Minuten vor dem Schichtwechsel am Stand sein. Am Abend wird der Stand wieder abgebaut, wobei das Einr\u00e4umen und das Putzen des Schopfs am Sonntagvormittag (10.00 Uhr) erfolgen.<\/p>\n<p>Also, wer beim Weihnachtsmarkt mithelfen will, soll sich bitte m\u00f6glichst schnell bei mir oder den Abteilungsleitern melden.<\/p>\n<p>Klaus-Dieter Modrow\u00a0 (Tel. 07128\/2880 bzw. klaus-dieter.modrow@wolpertingersfc.de)<\/p>\n","protected":false},"excerpt":{"rendered":"<p>Am Samstag, den 30.11.2019 findet im historischen Lokschuppen der diesj\u00e4hrige G\u00f6nninger Weihnachtsmarkt statt. Hier stellen B\u00fcrger, K\u00fcnstler und Gruppen Hand- und Bastelarbeiten zum Verkauf aus. Dort findet man sch\u00f6ne Weihnachtsgeschenke oder Dekorationen. Der Markt beginnt dieses Jahr um 15.00 Uhr und geht bis 20.00\u00a0Uhr. Der Wolpertinger Sport- und Freizeitclub e.V. versorgt wie in den vergangenen &hellip; <a href=\"http:\/\/www.wolpertingersfc.de\/?p=3259\" class=\"more-link\"><span class=\"screen-reader-text\">G\u00f6nninger Weihnachtsmarkt am 30.11.2019<\/span> weiterlesen<\/a><\/p>\n","protected":false},"author":1,"featured_media":0,"comment_status":"open","ping_status":"open","sticky":false,"template":"","format":"standard","meta":{"jetpack_post_was_ever_published":false,"_jetpack_newsletter_access":"","_jetpack_dont_email_post_to_subs":false,"_jetpack_newsletter_tier_id":0,"_jetpack_memberships_contains_paywalled_content":false,"_jetpack_memberships_contains_paid_content":false,"footnotes":"","jetpack_publicize_message":"","jetpack_publicize_feature_enabled":true,"jetpack_social_post_already_shared":true,"jetpack_social_options":{"image_generator_settings":{"template":"highway","default_image_id":0,"font":"","enabled":false},"version":2}},"categories":[1],"tags":[],"class_list":["post-3259","post","type-post","status-publish","format-standard","hentry","category-uncategorized"],"jetpack_publicize_connections":[],"jetpack_featured_media_url":"","jetpack_sharing_enabled":true,"jetpack_shortlink":"https:\/\/wp.me\/p8FTYK-Qz","jetpack-related-posts":[{"id":3640,"url":"http:\/\/www.wolpertingersfc.de\/?p=3640","url_meta":{"origin":3259,"position":0},"title":"Hinter die Kulissen des Gl\u00fchweinverkaufs","author":"Wolpertingersfc","date":"18. Dezember 2023","format":false,"excerpt":"Mir ist bewusst, wenn Ihr diesen Bericht lest, ist der Winter bereits vorbei und niemand denkt an den Gl\u00fchweinverkauf. Aber es mit hoher Wahrscheinlichkeit noch weitere Gl\u00fchweinverk\u00e4ufe geben, daher hier mal ein Blick auf die Organisation. Einige Wochen vor dem Gl\u00fchweinverkauf befasst sich der Ausschuss mit dem Thema, dabei geht\u2026","rel":"","context":"\u00c4hnlicher Beitrag","block_context":{"text":"\u00c4hnlicher Beitrag","link":""},"img":{"alt_text":"","src":"https:\/\/i0.wp.com\/www.wolpertingersfc.de\/wp-content\/uploads\/2023\/12\/Bild4-300x225.png?resize=350%2C200","width":350,"height":200},"classes":[]},{"id":3268,"url":"http:\/\/www.wolpertingersfc.de\/?p=3268","url_meta":{"origin":3259,"position":1},"title":"6. Januar-Wanderung 2020","author":"Wolpertingersfc","date":"15. Dezember 2019","format":false,"excerpt":"Die traditionelle 6.Januar-Wanderung f\u00fchrt uns in diesem Jahr von \u00d6schingen auf die Alb und wieder hinab ins Tal. Wir treffen uns um 13.30 Uhr in \u00d6schingen, Ecke Sch\u00f6nbergstr.\/Panoramaweg beim Wasserh\u00e4usle. Die Tour f\u00fchrt auf den Sch\u00f6nberg und um den Ro\u00dfberg. Bei einer Pause wollen wir das restliche Weihnachtgeb\u00e4ck genie\u00dfen. Gl\u00fchwein,\u2026","rel":"","context":"\u00c4hnlicher Beitrag","block_context":{"text":"\u00c4hnlicher Beitrag","link":""},"img":{"alt_text":"","src":"https:\/\/i0.wp.com\/www.wolpertingersfc.de\/wp-content\/uploads\/2019\/12\/Jan2-e1576411660534.png?resize=350%2C200","width":350,"height":200,"srcset":"https:\/\/i0.wp.com\/www.wolpertingersfc.de\/wp-content\/uploads\/2019\/12\/Jan2-e1576411660534.png?resize=350%2C200 1x, https:\/\/i0.wp.com\/www.wolpertingersfc.de\/wp-content\/uploads\/2019\/12\/Jan2-e1576411660534.png?resize=525%2C300 1.5x, https:\/\/i0.wp.com\/www.wolpertingersfc.de\/wp-content\/uploads\/2019\/12\/Jan2-e1576411660534.png?resize=700%2C400 2x, https:\/\/i0.wp.com\/www.wolpertingersfc.de\/wp-content\/uploads\/2019\/12\/Jan2-e1576411660534.png?resize=1050%2C600 3x"},"classes":[]},{"id":3624,"url":"http:\/\/www.wolpertingersfc.de\/?p=3624","url_meta":{"origin":3259,"position":2},"title":"6. Januar-Wanderung 2024","author":"Wolpertingersfc","date":"12. November 2023","format":false,"excerpt":"Die traditionelle 6.Januar-Wanderung f\u00fchrt uns in diesem Jahr rund um den Sternberg bei Gomadingen. Wir treffen uns um 13.00 Uhr in G\u00f6nningen am Lokschuppen und fahren in Fahrgemeinschaften an den Wanderparkplatz am Sternberg zwischen Offenhausen und Bernloch. Die Tour f\u00fchrt und dann auf dem Premiumweg \u201eHochgesprudelt\u201c mit knapp 9 km\u2026","rel":"","context":"\u00c4hnlicher Beitrag","block_context":{"text":"\u00c4hnlicher Beitrag","link":""},"img":{"alt_text":"","src":"https:\/\/i0.wp.com\/www.wolpertingersfc.de\/wp-content\/uploads\/2023\/11\/Bild1-2.png?resize=350%2C200","width":350,"height":200},"classes":[]},{"id":2971,"url":"http:\/\/www.wolpertingersfc.de\/?p=2971","url_meta":{"origin":3259,"position":3},"title":"Paddelwochenende in \u00dcberlingen vom 28.-30.06.2019","author":"Wolpertingersfc","date":"11. Juli 2019","format":false,"excerpt":"Am Freitagmittag machten sich 11 Wolpertinger, teils mit dem Fahrrad, bei hochsommerlichen Temperaturen auf an den Bodensee. Sobald die Zelte standen, zog es jeden magisch ins herrliche Wasser. Bis Sonnenuntergang konnte man die schneebedeckten Berge sehen und es war ein tolles Schwimmerlebnis. Um 7 Uhr morgens zog es die ersten\u2026","rel":"","context":"In &quot;Kajak&quot;","block_context":{"text":"Kajak","link":"http:\/\/www.wolpertingersfc.de\/?cat=12"},"img":{"alt_text":"","src":"https:\/\/i0.wp.com\/www.wolpertingersfc.de\/wp-content\/uploads\/2019\/07\/IMG-20190702-WA0000-169x300.jpg?resize=350%2C200","width":350,"height":200},"classes":[]},{"id":3438,"url":"http:\/\/www.wolpertingersfc.de\/?p=3438","url_meta":{"origin":3259,"position":4},"title":"6. Januar-Wanderung","author":"Wolpertingersfc","date":"2. Januar 2022","format":false,"excerpt":"Die Wolpertinger 6. Januar Wanderung 2022 f\u00fchrt uns wieder mal Auf die Albhochfl\u00e4che. Wir treffen uns um 13.00 Uhr auf dem Parkplatz bei der Nebelh\u00f6hle. Von hier aus haben wir zwei Wanderstrecken zur Auswahl. Strecke 1 f\u00fchrt uns nach Norden \u00fcber die Hochfl\u00e4che Won zum Wackerstein. Von da geht es\u2026","rel":"","context":"\u00c4hnlicher Beitrag","block_context":{"text":"\u00c4hnlicher Beitrag","link":""},"img":{"alt_text":"","src":"","width":0,"height":0},"classes":[]},{"id":3284,"url":"http:\/\/www.wolpertingersfc.de\/?p=3284","url_meta":{"origin":3259,"position":5},"title":"Tauchkurs DTSA* \/ DTSA 1Stern 2020","author":"Wolpertingersfc","date":"15. Januar 2020","format":false,"excerpt":"\u00a0 \u00a0 Das Ausbilderteam des Wolpertinger SFC bietet auch im Jahr 2020 mit qualifizierten \u00dcbungsleitern und Tauchlehrern einen Tauchkurs nach international g\u00fcltigen VDST-\/CMAS-Standards an. Ziel ist es, die Grundkenntnisse des Tauchens in Theorie und Praxis zu erlernen, um nach Abschluss des Tauchkurses an von erfahrenen Tauchern gef\u00fchrten Tauchg\u00e4ngen teilnehmen zu\u2026","rel":"","context":"In &quot;Tauchen&quot;","block_context":{"text":"Tauchen","link":"http:\/\/www.wolpertingersfc.de\/?cat=8"},"img":{"alt_text":"","src":"https:\/\/i0.wp.com\/www.wolpertingersfc.de\/wp-content\/uploads\/2017\/04\/Tauchender_Wolpertinger-150x118.jpg?resize=350%2C200","width":350,"height":200},"classes":[]}],"_links":{"self":[{"href":"http:\/\/www.wolpertingersfc.de\/index.php?rest_route=\/wp\/v2\/posts\/3259","targetHints":{"allow":["GET"]}}],"collection":[{"href":"http:\/\/www.wolpertingersfc.de\/index.php?rest_route=\/wp\/v2\/posts"}],"about":[{"href":"http:\/\/www.wolpertingersfc.de\/index.php?rest_route=\/wp\/v2\/types\/post"}],"author":[{"embeddable":true,"href":"http:\/\/www.wolpertingersfc.de\/index.php?rest_route=\/wp\/v2\/users\/1"}],"replies":[{"embeddable":true,"href":"http:\/\/www.wolpertingersfc.de\/index.php?rest_route=%2Fwp%2Fv2%2Fcomments&post=3259"}],"version-history":[{"count":1,"href":"http:\/\/www.wolpertingersfc.de\/index.php?rest_route=\/wp\/v2\/posts\/3259\/revisions"}],"predecessor-version":[{"id":3260,"href":"http:\/\/www.wolpertingersfc.de\/index.php?rest_route=\/wp\/v2\/posts\/3259\/revisions\/3260"}],"wp:attachment":[{"href":"http:\/\/www.wolpertingersfc.de\/index.php?rest_route=%2Fwp%2Fv2%2Fmedia&parent=3259"}],"wp:term":[{"taxonomy":"category","embeddable":true,"href":"http:\/\/www.wolpertingersfc.de\/index.php?rest_route=%2Fwp%2Fv2%2Fcategories&post=3259"},{"taxonomy":"post_tag","embeddable":true,"href":"http:\/\/www.wolpertingersfc.de\/index.php?rest_route=%2Fwp%2Fv2%2Ftags&post=3259"}],"curies":[{"name":"wp","href":"https:\/\/api.w.org\/{rel}","templated":true}]}}