{"id":3237,"date":"2019-11-06T22:11:45","date_gmt":"2019-11-06T21:11:45","guid":{"rendered":"http:\/\/www.wolpertingersfc.de\/?p=3237"},"modified":"2019-11-06T22:38:35","modified_gmt":"2019-11-06T21:38:35","slug":"tessin-2019-tauchausfahrt-oder-kulinarisches-meisterwerk-ganz-klar-beides-%ef%81%8a","status":"publish","type":"post","link":"http:\/\/www.wolpertingersfc.de\/?p=3237","title":{"rendered":"Tessin 2019 \u2013 Tauchausfahrt oder kulinarisches Meisterwerk?  Ganz klar: BEIDES  \uf04a"},"content":{"rendered":"<p>&nbsp;<\/p>\n<p><img data-recalc-dims=\"1\" loading=\"lazy\" decoding=\"async\" data-attachment-id=\"3238\" data-permalink=\"http:\/\/www.wolpertingersfc.de\/?attachment_id=3238\" data-orig-file=\"https:\/\/i0.wp.com\/www.wolpertingersfc.de\/wp-content\/uploads\/2019\/11\/B1.jpg?fit=830%2C623\" data-orig-size=\"830,623\" data-comments-opened=\"1\" data-image-meta=\"{&quot;aperture&quot;:&quot;0&quot;,&quot;credit&quot;:&quot;&quot;,&quot;camera&quot;:&quot;&quot;,&quot;caption&quot;:&quot;&quot;,&quot;created_timestamp&quot;:&quot;0&quot;,&quot;copyright&quot;:&quot;&quot;,&quot;focal_length&quot;:&quot;0&quot;,&quot;iso&quot;:&quot;0&quot;,&quot;shutter_speed&quot;:&quot;0&quot;,&quot;title&quot;:&quot;&quot;,&quot;orientation&quot;:&quot;0&quot;}\" data-image-title=\"B1\" data-image-description=\"\" data-image-caption=\"\" data-medium-file=\"https:\/\/i0.wp.com\/www.wolpertingersfc.de\/wp-content\/uploads\/2019\/11\/B1.jpg?fit=300%2C225\" data-large-file=\"https:\/\/i0.wp.com\/www.wolpertingersfc.de\/wp-content\/uploads\/2019\/11\/B1.jpg?fit=830%2C623\" class=\"wp-image-3238 alignleft\" src=\"https:\/\/i0.wp.com\/www.wolpertingersfc.de\/wp-content\/uploads\/2019\/11\/B1.jpg?resize=250%2C188\" alt=\"\" width=\"250\" height=\"188\" srcset=\"https:\/\/i0.wp.com\/www.wolpertingersfc.de\/wp-content\/uploads\/2019\/11\/B1.jpg?w=830 830w, https:\/\/i0.wp.com\/www.wolpertingersfc.de\/wp-content\/uploads\/2019\/11\/B1.jpg?resize=300%2C225 300w, https:\/\/i0.wp.com\/www.wolpertingersfc.de\/wp-content\/uploads\/2019\/11\/B1.jpg?resize=768%2C576 768w, https:\/\/i0.wp.com\/www.wolpertingersfc.de\/wp-content\/uploads\/2019\/11\/B1.jpg?resize=144%2C108 144w\" sizes=\"auto, (max-width: 250px) 100vw, 250px\" \/><img data-recalc-dims=\"1\" loading=\"lazy\" decoding=\"async\" data-attachment-id=\"3239\" data-permalink=\"http:\/\/www.wolpertingersfc.de\/?attachment_id=3239\" data-orig-file=\"https:\/\/i0.wp.com\/www.wolpertingersfc.de\/wp-content\/uploads\/2019\/11\/B2.jpg?fit=822%2C617\" data-orig-size=\"822,617\" data-comments-opened=\"1\" data-image-meta=\"{&quot;aperture&quot;:&quot;0&quot;,&quot;credit&quot;:&quot;&quot;,&quot;camera&quot;:&quot;&quot;,&quot;caption&quot;:&quot;&quot;,&quot;created_timestamp&quot;:&quot;0&quot;,&quot;copyright&quot;:&quot;&quot;,&quot;focal_length&quot;:&quot;0&quot;,&quot;iso&quot;:&quot;0&quot;,&quot;shutter_speed&quot;:&quot;0&quot;,&quot;title&quot;:&quot;&quot;,&quot;orientation&quot;:&quot;0&quot;}\" data-image-title=\"B2\" data-image-description=\"\" data-image-caption=\"\" data-medium-file=\"https:\/\/i0.wp.com\/www.wolpertingersfc.de\/wp-content\/uploads\/2019\/11\/B2.jpg?fit=300%2C225\" data-large-file=\"https:\/\/i0.wp.com\/www.wolpertingersfc.de\/wp-content\/uploads\/2019\/11\/B2.jpg?fit=822%2C617\" class=\"wp-image-3239 alignleft\" src=\"https:\/\/i0.wp.com\/www.wolpertingersfc.de\/wp-content\/uploads\/2019\/11\/B2.jpg?resize=250%2C188\" alt=\"\" width=\"250\" height=\"188\" srcset=\"https:\/\/i0.wp.com\/www.wolpertingersfc.de\/wp-content\/uploads\/2019\/11\/B2.jpg?w=822 822w, https:\/\/i0.wp.com\/www.wolpertingersfc.de\/wp-content\/uploads\/2019\/11\/B2.jpg?resize=300%2C225 300w, https:\/\/i0.wp.com\/www.wolpertingersfc.de\/wp-content\/uploads\/2019\/11\/B2.jpg?resize=768%2C576 768w, https:\/\/i0.wp.com\/www.wolpertingersfc.de\/wp-content\/uploads\/2019\/11\/B2.jpg?resize=144%2C108 144w\" sizes=\"auto, (max-width: 250px) 100vw, 250px\" \/>Dieses Jahr sind wir vom 30.\/31.08. bis zum 07.09.2019 im meist sonnigen Tenero im Tessin auf der Schweizer-Seite gewesen.<\/p>\n<p>Wir waren sage und schreibe eine Meute von 17 Personen, von Jung bis \u00c4lter, \u00fcber M\u00e4nnlein und Weiblein bis zu Taucher und Nicht-Taucher, eine bunt gemischte lustige Truppe.<\/p>\n<p>Untergebracht waren wir \u00fcberwiegend in Wohnwagen, als eingefleischte ERIBA-Camper insbesondere in selbigen, aber auch ein Zelt und ein Mobilehome waren vertreten.<\/p>\n<p><img data-recalc-dims=\"1\" loading=\"lazy\" decoding=\"async\" data-attachment-id=\"3240\" data-permalink=\"http:\/\/www.wolpertingersfc.de\/?attachment_id=3240\" data-orig-file=\"https:\/\/i0.wp.com\/www.wolpertingersfc.de\/wp-content\/uploads\/2019\/11\/B3.jpg?fit=758%2C568\" data-orig-size=\"758,568\" data-comments-opened=\"1\" data-image-meta=\"{&quot;aperture&quot;:&quot;0&quot;,&quot;credit&quot;:&quot;&quot;,&quot;camera&quot;:&quot;&quot;,&quot;caption&quot;:&quot;&quot;,&quot;created_timestamp&quot;:&quot;0&quot;,&quot;copyright&quot;:&quot;&quot;,&quot;focal_length&quot;:&quot;0&quot;,&quot;iso&quot;:&quot;0&quot;,&quot;shutter_speed&quot;:&quot;0&quot;,&quot;title&quot;:&quot;&quot;,&quot;orientation&quot;:&quot;0&quot;}\" data-image-title=\"B3\" data-image-description=\"\" data-image-caption=\"\" data-medium-file=\"https:\/\/i0.wp.com\/www.wolpertingersfc.de\/wp-content\/uploads\/2019\/11\/B3.jpg?fit=300%2C225\" data-large-file=\"https:\/\/i0.wp.com\/www.wolpertingersfc.de\/wp-content\/uploads\/2019\/11\/B3.jpg?fit=758%2C568\" class=\"wp-image-3240 alignleft\" src=\"https:\/\/i0.wp.com\/www.wolpertingersfc.de\/wp-content\/uploads\/2019\/11\/B3.jpg?resize=247%2C185\" alt=\"\" width=\"247\" height=\"185\" srcset=\"https:\/\/i0.wp.com\/www.wolpertingersfc.de\/wp-content\/uploads\/2019\/11\/B3.jpg?w=758 758w, https:\/\/i0.wp.com\/www.wolpertingersfc.de\/wp-content\/uploads\/2019\/11\/B3.jpg?resize=300%2C225 300w, https:\/\/i0.wp.com\/www.wolpertingersfc.de\/wp-content\/uploads\/2019\/11\/B3.jpg?resize=144%2C108 144w\" sizes=\"auto, (max-width: 247px) 100vw, 247px\" \/><img data-recalc-dims=\"1\" loading=\"lazy\" decoding=\"async\" data-attachment-id=\"3241\" data-permalink=\"http:\/\/www.wolpertingersfc.de\/?attachment_id=3241\" data-orig-file=\"https:\/\/i0.wp.com\/www.wolpertingersfc.de\/wp-content\/uploads\/2019\/11\/b4.jpg?fit=1600%2C777\" data-orig-size=\"1600,777\" data-comments-opened=\"1\" data-image-meta=\"{&quot;aperture&quot;:&quot;0&quot;,&quot;credit&quot;:&quot;&quot;,&quot;camera&quot;:&quot;&quot;,&quot;caption&quot;:&quot;&quot;,&quot;created_timestamp&quot;:&quot;0&quot;,&quot;copyright&quot;:&quot;&quot;,&quot;focal_length&quot;:&quot;0&quot;,&quot;iso&quot;:&quot;0&quot;,&quot;shutter_speed&quot;:&quot;0&quot;,&quot;title&quot;:&quot;&quot;,&quot;orientation&quot;:&quot;0&quot;}\" data-image-title=\"b4\" data-image-description=\"\" data-image-caption=\"\" data-medium-file=\"https:\/\/i0.wp.com\/www.wolpertingersfc.de\/wp-content\/uploads\/2019\/11\/b4.jpg?fit=300%2C146\" data-large-file=\"https:\/\/i0.wp.com\/www.wolpertingersfc.de\/wp-content\/uploads\/2019\/11\/b4.jpg?fit=863%2C419\" class=\"wp-image-3241 alignleft\" src=\"https:\/\/i0.wp.com\/www.wolpertingersfc.de\/wp-content\/uploads\/2019\/11\/b4.jpg?resize=381%2C185\" alt=\"\" width=\"381\" height=\"185\" srcset=\"https:\/\/i0.wp.com\/www.wolpertingersfc.de\/wp-content\/uploads\/2019\/11\/b4.jpg?w=1600 1600w, https:\/\/i0.wp.com\/www.wolpertingersfc.de\/wp-content\/uploads\/2019\/11\/b4.jpg?resize=300%2C146 300w, https:\/\/i0.wp.com\/www.wolpertingersfc.de\/wp-content\/uploads\/2019\/11\/b4.jpg?resize=768%2C373 768w, https:\/\/i0.wp.com\/www.wolpertingersfc.de\/wp-content\/uploads\/2019\/11\/b4.jpg?resize=1024%2C497 1024w, https:\/\/i0.wp.com\/www.wolpertingersfc.de\/wp-content\/uploads\/2019\/11\/b4.jpg?resize=863%2C419 863w, https:\/\/i0.wp.com\/www.wolpertingersfc.de\/wp-content\/uploads\/2019\/11\/b4.jpg?resize=222%2C108 222w\" sizes=\"auto, (max-width: 381px) 100vw, 381px\" \/><\/p>\n<p>&nbsp;<\/p>\n<p>&nbsp;<\/p>\n<p>&nbsp;<\/p>\n<p>&nbsp;<\/p>\n<p>&nbsp;<\/p>\n<p>Unsere Tage waren nat\u00fcrlich gef\u00fcllt mit wundervollen Tauchg\u00e4ngen am Amslerplatz, an der Ponto Brolla und Sant`Anna-Schlucht oder Posse S\u00fcd. Auch nicht-taucherisch waren wir ganz aktiv und haben den sch\u00f6nen Sonntagsmarkt in Cannobio besucht &#8211; f\u00fcr die Damen ein Highlight f\u00fcr die Herren vermeintlich anstrengend und teilweise kostspielig\u2026<\/p>\n<p><img data-recalc-dims=\"1\" loading=\"lazy\" decoding=\"async\" data-attachment-id=\"3243\" data-permalink=\"http:\/\/www.wolpertingersfc.de\/?attachment_id=3243\" data-orig-file=\"https:\/\/i0.wp.com\/www.wolpertingersfc.de\/wp-content\/uploads\/2019\/11\/b6-e1573073001294.jpg?fit=484%2C645\" data-orig-size=\"484,645\" data-comments-opened=\"1\" data-image-meta=\"{&quot;aperture&quot;:&quot;0&quot;,&quot;credit&quot;:&quot;&quot;,&quot;camera&quot;:&quot;&quot;,&quot;caption&quot;:&quot;&quot;,&quot;created_timestamp&quot;:&quot;0&quot;,&quot;copyright&quot;:&quot;&quot;,&quot;focal_length&quot;:&quot;0&quot;,&quot;iso&quot;:&quot;0&quot;,&quot;shutter_speed&quot;:&quot;0&quot;,&quot;title&quot;:&quot;&quot;,&quot;orientation&quot;:&quot;0&quot;}\" data-image-title=\"b6\" data-image-description=\"\" data-image-caption=\"\" data-medium-file=\"https:\/\/i0.wp.com\/www.wolpertingersfc.de\/wp-content\/uploads\/2019\/11\/b6-e1573073001294.jpg?fit=225%2C300\" data-large-file=\"https:\/\/i0.wp.com\/www.wolpertingersfc.de\/wp-content\/uploads\/2019\/11\/b6-e1573073001294.jpg?fit=484%2C645\" class=\"wp-image-3243 alignleft\" src=\"https:\/\/i0.wp.com\/www.wolpertingersfc.de\/wp-content\/uploads\/2019\/11\/b6-e1573073001294.jpg?resize=250%2C333\" alt=\"\" width=\"250\" height=\"333\" srcset=\"https:\/\/i0.wp.com\/www.wolpertingersfc.de\/wp-content\/uploads\/2019\/11\/b6-e1573073001294.jpg?w=484 484w, https:\/\/i0.wp.com\/www.wolpertingersfc.de\/wp-content\/uploads\/2019\/11\/b6-e1573073001294.jpg?resize=225%2C300 225w, https:\/\/i0.wp.com\/www.wolpertingersfc.de\/wp-content\/uploads\/2019\/11\/b6-e1573073001294.jpg?resize=81%2C108 81w\" sizes=\"auto, (max-width: 250px) 100vw, 250px\" \/><\/p>\n<p>Im Valle Verzasca kann man nicht nur Tauchen, sondern auch sehr gut Wandern, z.B. auf dem \u201eKunst-Wanderweg\u201c, welcher wirklich ma<img data-recalc-dims=\"1\" loading=\"lazy\" decoding=\"async\" data-attachment-id=\"3242\" data-permalink=\"http:\/\/www.wolpertingersfc.de\/?attachment_id=3242\" data-orig-file=\"https:\/\/i0.wp.com\/www.wolpertingersfc.de\/wp-content\/uploads\/2019\/11\/b5.jpg?fit=857%2C643\" data-orig-size=\"857,643\" data-comments-opened=\"1\" data-image-meta=\"{&quot;aperture&quot;:&quot;0&quot;,&quot;credit&quot;:&quot;&quot;,&quot;camera&quot;:&quot;&quot;,&quot;caption&quot;:&quot;&quot;,&quot;created_timestamp&quot;:&quot;0&quot;,&quot;copyright&quot;:&quot;&quot;,&quot;focal_length&quot;:&quot;0&quot;,&quot;iso&quot;:&quot;0&quot;,&quot;shutter_speed&quot;:&quot;0&quot;,&quot;title&quot;:&quot;&quot;,&quot;orientation&quot;:&quot;0&quot;}\" data-image-title=\"b5\" data-image-description=\"\" data-image-caption=\"\" data-medium-file=\"https:\/\/i0.wp.com\/www.wolpertingersfc.de\/wp-content\/uploads\/2019\/11\/b5.jpg?fit=300%2C225\" data-large-file=\"https:\/\/i0.wp.com\/www.wolpertingersfc.de\/wp-content\/uploads\/2019\/11\/b5.jpg?fit=857%2C643\" class=\"wp-image-3242 alignleft\" src=\"https:\/\/i0.wp.com\/www.wolpertingersfc.de\/wp-content\/uploads\/2019\/11\/b5.jpg?resize=267%2C200\" alt=\"\" width=\"267\" height=\"200\" srcset=\"https:\/\/i0.wp.com\/www.wolpertingersfc.de\/wp-content\/uploads\/2019\/11\/b5.jpg?w=857 857w, https:\/\/i0.wp.com\/www.wolpertingersfc.de\/wp-content\/uploads\/2019\/11\/b5.jpg?resize=300%2C225 300w, https:\/\/i0.wp.com\/www.wolpertingersfc.de\/wp-content\/uploads\/2019\/11\/b5.jpg?resize=768%2C576 768w, https:\/\/i0.wp.com\/www.wolpertingersfc.de\/wp-content\/uploads\/2019\/11\/b5.jpg?resize=144%2C108 144w\" sizes=\"auto, (max-width: 267px) 100vw, 267px\" \/>lerisch sch\u00f6n und naturbelassen war.<\/p>\n<p><img data-recalc-dims=\"1\" loading=\"lazy\" decoding=\"async\" data-attachment-id=\"3244\" data-permalink=\"http:\/\/www.wolpertingersfc.de\/?attachment_id=3244\" data-orig-file=\"https:\/\/i0.wp.com\/www.wolpertingersfc.de\/wp-content\/uploads\/2019\/11\/b7-e1573073560809.jpg?fit=473%2C841\" data-orig-size=\"473,841\" data-comments-opened=\"1\" data-image-meta=\"{&quot;aperture&quot;:&quot;0&quot;,&quot;credit&quot;:&quot;&quot;,&quot;camera&quot;:&quot;&quot;,&quot;caption&quot;:&quot;&quot;,&quot;created_timestamp&quot;:&quot;0&quot;,&quot;copyright&quot;:&quot;&quot;,&quot;focal_length&quot;:&quot;0&quot;,&quot;iso&quot;:&quot;0&quot;,&quot;shutter_speed&quot;:&quot;0&quot;,&quot;title&quot;:&quot;&quot;,&quot;orientation&quot;:&quot;0&quot;}\" data-image-title=\"b7\" data-image-description=\"\" data-image-caption=\"\" data-medium-file=\"https:\/\/i0.wp.com\/www.wolpertingersfc.de\/wp-content\/uploads\/2019\/11\/b7-e1573073560809.jpg?fit=169%2C300\" data-large-file=\"https:\/\/i0.wp.com\/www.wolpertingersfc.de\/wp-content\/uploads\/2019\/11\/b7-e1573073560809.jpg?fit=473%2C841\" class=\"wp-image-3244 alignleft\" src=\"https:\/\/i0.wp.com\/www.wolpertingersfc.de\/wp-content\/uploads\/2019\/11\/b7-e1573073560809.jpg?resize=186%2C331\" alt=\"\" width=\"186\" height=\"331\" srcset=\"https:\/\/i0.wp.com\/www.wolpertingersfc.de\/wp-content\/uploads\/2019\/11\/b7-e1573073560809.jpg?w=473 473w, https:\/\/i0.wp.com\/www.wolpertingersfc.de\/wp-content\/uploads\/2019\/11\/b7-e1573073560809.jpg?resize=169%2C300 169w, https:\/\/i0.wp.com\/www.wolpertingersfc.de\/wp-content\/uploads\/2019\/11\/b7-e1573073560809.jpg?resize=61%2C108 61w\" sizes=\"auto, (max-width: 186px) 100vw, 186px\" \/><\/p>\n<p>Und wer immer noch nicht genug hatte, konnte sich auf dem Wasser mit SUP-Boards (SUP = Stand-up-Paddling) oder Kanu auspowern, wilde K\u00e4mpfe ausfechten und dabei auch mal kentern (auch wenn man sich im Kanu sicher w\u00e4hnte\u2026).<\/p>\n<p>Da ist es auch ganz klar, dass der Hunger aller gro\u00df, ja riesen gro\u00df war. Und das leibliche Wohl wurde befriedigt und zwar stets zu unserer vollsten Zufriedenheit.<\/p>\n<p><img data-recalc-dims=\"1\" loading=\"lazy\" decoding=\"async\" data-attachment-id=\"3245\" data-permalink=\"http:\/\/www.wolpertingersfc.de\/?attachment_id=3245\" data-orig-file=\"https:\/\/i0.wp.com\/www.wolpertingersfc.de\/wp-content\/uploads\/2019\/11\/b8.jpg?fit=850%2C478\" data-orig-size=\"850,478\" data-comments-opened=\"1\" data-image-meta=\"{&quot;aperture&quot;:&quot;0&quot;,&quot;credit&quot;:&quot;&quot;,&quot;camera&quot;:&quot;&quot;,&quot;caption&quot;:&quot;&quot;,&quot;created_timestamp&quot;:&quot;0&quot;,&quot;copyright&quot;:&quot;&quot;,&quot;focal_length&quot;:&quot;0&quot;,&quot;iso&quot;:&quot;0&quot;,&quot;shutter_speed&quot;:&quot;0&quot;,&quot;title&quot;:&quot;&quot;,&quot;orientation&quot;:&quot;0&quot;}\" data-image-title=\"b8\" data-image-description=\"\" data-image-caption=\"\" data-medium-file=\"https:\/\/i0.wp.com\/www.wolpertingersfc.de\/wp-content\/uploads\/2019\/11\/b8.jpg?fit=300%2C169\" data-large-file=\"https:\/\/i0.wp.com\/www.wolpertingersfc.de\/wp-content\/uploads\/2019\/11\/b8.jpg?fit=850%2C478\" class=\"wp-image-3245 alignleft\" src=\"https:\/\/i0.wp.com\/www.wolpertingersfc.de\/wp-content\/uploads\/2019\/11\/b8.jpg?resize=414%2C233\" alt=\"\" width=\"414\" height=\"233\" srcset=\"https:\/\/i0.wp.com\/www.wolpertingersfc.de\/wp-content\/uploads\/2019\/11\/b8.jpg?w=850 850w, https:\/\/i0.wp.com\/www.wolpertingersfc.de\/wp-content\/uploads\/2019\/11\/b8.jpg?resize=300%2C169 300w, https:\/\/i0.wp.com\/www.wolpertingersfc.de\/wp-content\/uploads\/2019\/11\/b8.jpg?resize=768%2C432 768w, https:\/\/i0.wp.com\/www.wolpertingersfc.de\/wp-content\/uploads\/2019\/11\/b8.jpg?resize=192%2C108 192w\" sizes=\"auto, (max-width: 414px) 100vw, 414px\" \/><img data-recalc-dims=\"1\" loading=\"lazy\" decoding=\"async\" data-attachment-id=\"3246\" data-permalink=\"http:\/\/www.wolpertingersfc.de\/?attachment_id=3246\" data-orig-file=\"https:\/\/i0.wp.com\/www.wolpertingersfc.de\/wp-content\/uploads\/2019\/11\/b9.jpg?fit=850%2C638\" data-orig-size=\"850,638\" data-comments-opened=\"1\" data-image-meta=\"{&quot;aperture&quot;:&quot;0&quot;,&quot;credit&quot;:&quot;&quot;,&quot;camera&quot;:&quot;&quot;,&quot;caption&quot;:&quot;&quot;,&quot;created_timestamp&quot;:&quot;0&quot;,&quot;copyright&quot;:&quot;&quot;,&quot;focal_length&quot;:&quot;0&quot;,&quot;iso&quot;:&quot;0&quot;,&quot;shutter_speed&quot;:&quot;0&quot;,&quot;title&quot;:&quot;&quot;,&quot;orientation&quot;:&quot;0&quot;}\" data-image-title=\"b9\" data-image-description=\"\" data-image-caption=\"\" data-medium-file=\"https:\/\/i0.wp.com\/www.wolpertingersfc.de\/wp-content\/uploads\/2019\/11\/b9.jpg?fit=300%2C225\" data-large-file=\"https:\/\/i0.wp.com\/www.wolpertingersfc.de\/wp-content\/uploads\/2019\/11\/b9.jpg?fit=850%2C638\" class=\"wp-image-3246 alignleft\" src=\"https:\/\/i0.wp.com\/www.wolpertingersfc.de\/wp-content\/uploads\/2019\/11\/b9.jpg?resize=312%2C234\" alt=\"\" width=\"312\" height=\"234\" srcset=\"https:\/\/i0.wp.com\/www.wolpertingersfc.de\/wp-content\/uploads\/2019\/11\/b9.jpg?w=850 850w, https:\/\/i0.wp.com\/www.wolpertingersfc.de\/wp-content\/uploads\/2019\/11\/b9.jpg?resize=300%2C225 300w, https:\/\/i0.wp.com\/www.wolpertingersfc.de\/wp-content\/uploads\/2019\/11\/b9.jpg?resize=768%2C576 768w, https:\/\/i0.wp.com\/www.wolpertingersfc.de\/wp-content\/uploads\/2019\/11\/b9.jpg?resize=144%2C108 144w\" sizes=\"auto, (max-width: 312px) 100vw, 312px\" \/><\/p>\n<p>Wir hatten allerlei K\u00f6stlichkeiten zum Grillen, leckere italienische Pizza hier oder yummie Antipasti vom Markt da und als Non-Plus-Ultra eine Atom-Pfanne (100 cm Durchmesser? Mindestens!) in der wir Paella, Z\u00fcricher Geschnetzeltes (serviert am See) oder Knoblauch mit Garnelen und Spaghetti hatten &#8211; ja, bei zehn Knollen, wird der Knobi zuerst genannt:<\/p>\n<p>Leider blieb uns auch eine kleine Aufregung nicht erspart, da der Einsatz eines Notarztes inkl. Transport ins Krankenhaus nach Locarno erforderlich war. Aber alles gut gegangen und nach ein paar Stichen durfte der Patient wieder auf den Camping-Platz zur\u00fcck. (Kleine Warnung an dieser Stelle: die schweizer B\u00e4ume sind gut getarnt und echt hartn\u00e4ckig).<img data-recalc-dims=\"1\" loading=\"lazy\" decoding=\"async\" data-attachment-id=\"3247\" data-permalink=\"http:\/\/www.wolpertingersfc.de\/?attachment_id=3247\" data-orig-file=\"https:\/\/i0.wp.com\/www.wolpertingersfc.de\/wp-content\/uploads\/2019\/11\/b10.jpg?fit=776%2C582\" data-orig-size=\"776,582\" data-comments-opened=\"1\" data-image-meta=\"{&quot;aperture&quot;:&quot;0&quot;,&quot;credit&quot;:&quot;&quot;,&quot;camera&quot;:&quot;&quot;,&quot;caption&quot;:&quot;&quot;,&quot;created_timestamp&quot;:&quot;0&quot;,&quot;copyright&quot;:&quot;&quot;,&quot;focal_length&quot;:&quot;0&quot;,&quot;iso&quot;:&quot;0&quot;,&quot;shutter_speed&quot;:&quot;0&quot;,&quot;title&quot;:&quot;&quot;,&quot;orientation&quot;:&quot;0&quot;}\" data-image-title=\"b10\" data-image-description=\"\" data-image-caption=\"\" data-medium-file=\"https:\/\/i0.wp.com\/www.wolpertingersfc.de\/wp-content\/uploads\/2019\/11\/b10.jpg?fit=300%2C225\" data-large-file=\"https:\/\/i0.wp.com\/www.wolpertingersfc.de\/wp-content\/uploads\/2019\/11\/b10.jpg?fit=776%2C582\" class=\"wp-image-3247 alignleft\" src=\"https:\/\/i0.wp.com\/www.wolpertingersfc.de\/wp-content\/uploads\/2019\/11\/b10.jpg?resize=329%2C247\" alt=\"\" width=\"329\" height=\"247\" srcset=\"https:\/\/i0.wp.com\/www.wolpertingersfc.de\/wp-content\/uploads\/2019\/11\/b10.jpg?w=776 776w, https:\/\/i0.wp.com\/www.wolpertingersfc.de\/wp-content\/uploads\/2019\/11\/b10.jpg?resize=300%2C225 300w, https:\/\/i0.wp.com\/www.wolpertingersfc.de\/wp-content\/uploads\/2019\/11\/b10.jpg?resize=768%2C576 768w, https:\/\/i0.wp.com\/www.wolpertingersfc.de\/wp-content\/uploads\/2019\/11\/b10.jpg?resize=144%2C108 144w\" sizes=\"auto, (max-width: 329px) 100vw, 329px\" \/><\/p>\n<p>So, nun habt ihr ein kleines \u201eGschm\u00e4ckle\u201c von unserer wirklich sch\u00f6nen Urlaubswoche bekommen. An dieser Stelle nochmal ein ganz gro\u00dfes Dankesch\u00f6n an alle, die dabei waren und diese Woche zu etwas <img data-recalc-dims=\"1\" loading=\"lazy\" decoding=\"async\" data-attachment-id=\"3249\" data-permalink=\"http:\/\/www.wolpertingersfc.de\/?attachment_id=3249\" data-orig-file=\"https:\/\/i0.wp.com\/www.wolpertingersfc.de\/wp-content\/uploads\/2019\/11\/b12.jpg?fit=1600%2C777\" data-orig-size=\"1600,777\" data-comments-opened=\"1\" data-image-meta=\"{&quot;aperture&quot;:&quot;0&quot;,&quot;credit&quot;:&quot;&quot;,&quot;camera&quot;:&quot;&quot;,&quot;caption&quot;:&quot;&quot;,&quot;created_timestamp&quot;:&quot;0&quot;,&quot;copyright&quot;:&quot;&quot;,&quot;focal_length&quot;:&quot;0&quot;,&quot;iso&quot;:&quot;0&quot;,&quot;shutter_speed&quot;:&quot;0&quot;,&quot;title&quot;:&quot;&quot;,&quot;orientation&quot;:&quot;0&quot;}\" data-image-title=\"b12\" data-image-description=\"\" data-image-caption=\"\" data-medium-file=\"https:\/\/i0.wp.com\/www.wolpertingersfc.de\/wp-content\/uploads\/2019\/11\/b12.jpg?fit=300%2C146\" data-large-file=\"https:\/\/i0.wp.com\/www.wolpertingersfc.de\/wp-content\/uploads\/2019\/11\/b12.jpg?fit=863%2C419\" class=\"wp-image-3249 alignleft\" src=\"https:\/\/i0.wp.com\/www.wolpertingersfc.de\/wp-content\/uploads\/2019\/11\/b12.jpg?resize=335%2C163\" alt=\"\" width=\"335\" height=\"163\" srcset=\"https:\/\/i0.wp.com\/www.wolpertingersfc.de\/wp-content\/uploads\/2019\/11\/b12.jpg?w=1600 1600w, https:\/\/i0.wp.com\/www.wolpertingersfc.de\/wp-content\/uploads\/2019\/11\/b12.jpg?resize=300%2C146 300w, https:\/\/i0.wp.com\/www.wolpertingersfc.de\/wp-content\/uploads\/2019\/11\/b12.jpg?resize=768%2C373 768w, https:\/\/i0.wp.com\/www.wolpertingersfc.de\/wp-content\/uploads\/2019\/11\/b12.jpg?resize=1024%2C497 1024w, https:\/\/i0.wp.com\/www.wolpertingersfc.de\/wp-content\/uploads\/2019\/11\/b12.jpg?resize=863%2C419 863w, https:\/\/i0.wp.com\/www.wolpertingersfc.de\/wp-content\/uploads\/2019\/11\/b12.jpg?resize=222%2C108 222w\" sizes=\"auto, (max-width: 335px) 100vw, 335px\" \/>ganz Besonderem gemacht haben. Wir freuen uns schon auf die n\u00e4chsten gemeinsamen Reisen!<\/p>\n<p>Die tauchenden Wolpis<\/p>\n<p><img data-recalc-dims=\"1\" loading=\"lazy\" decoding=\"async\" data-attachment-id=\"3250\" data-permalink=\"http:\/\/www.wolpertingersfc.de\/?attachment_id=3250\" data-orig-file=\"https:\/\/i0.wp.com\/www.wolpertingersfc.de\/wp-content\/uploads\/2019\/11\/b13.jpg?fit=840%2C473\" data-orig-size=\"840,473\" data-comments-opened=\"1\" data-image-meta=\"{&quot;aperture&quot;:&quot;0&quot;,&quot;credit&quot;:&quot;&quot;,&quot;camera&quot;:&quot;&quot;,&quot;caption&quot;:&quot;&quot;,&quot;created_timestamp&quot;:&quot;0&quot;,&quot;copyright&quot;:&quot;&quot;,&quot;focal_length&quot;:&quot;0&quot;,&quot;iso&quot;:&quot;0&quot;,&quot;shutter_speed&quot;:&quot;0&quot;,&quot;title&quot;:&quot;&quot;,&quot;orientation&quot;:&quot;0&quot;}\" data-image-title=\"b13\" data-image-description=\"\" data-image-caption=\"\" data-medium-file=\"https:\/\/i0.wp.com\/www.wolpertingersfc.de\/wp-content\/uploads\/2019\/11\/b13.jpg?fit=300%2C169\" data-large-file=\"https:\/\/i0.wp.com\/www.wolpertingersfc.de\/wp-content\/uploads\/2019\/11\/b13.jpg?fit=840%2C473\" class=\"wp-image-3250 alignleft\" src=\"https:\/\/i0.wp.com\/www.wolpertingersfc.de\/wp-content\/uploads\/2019\/11\/b13.jpg?resize=341%2C192\" alt=\"\" width=\"341\" height=\"192\" srcset=\"https:\/\/i0.wp.com\/www.wolpertingersfc.de\/wp-content\/uploads\/2019\/11\/b13.jpg?w=840 840w, https:\/\/i0.wp.com\/www.wolpertingersfc.de\/wp-content\/uploads\/2019\/11\/b13.jpg?resize=300%2C169 300w, https:\/\/i0.wp.com\/www.wolpertingersfc.de\/wp-content\/uploads\/2019\/11\/b13.jpg?resize=768%2C432 768w, https:\/\/i0.wp.com\/www.wolpertingersfc.de\/wp-content\/uploads\/2019\/11\/b13.jpg?resize=192%2C108 192w\" sizes=\"auto, (max-width: 341px) 100vw, 341px\" \/><\/p>\n<p><img data-recalc-dims=\"1\" loading=\"lazy\" decoding=\"async\" data-attachment-id=\"3248\" data-permalink=\"http:\/\/www.wolpertingersfc.de\/?attachment_id=3248\" data-orig-file=\"https:\/\/i0.wp.com\/www.wolpertingersfc.de\/wp-content\/uploads\/2019\/11\/b11.jpg?fit=684%2C911\" data-orig-size=\"684,911\" data-comments-opened=\"1\" data-image-meta=\"{&quot;aperture&quot;:&quot;0&quot;,&quot;credit&quot;:&quot;&quot;,&quot;camera&quot;:&quot;&quot;,&quot;caption&quot;:&quot;&quot;,&quot;created_timestamp&quot;:&quot;0&quot;,&quot;copyright&quot;:&quot;&quot;,&quot;focal_length&quot;:&quot;0&quot;,&quot;iso&quot;:&quot;0&quot;,&quot;shutter_speed&quot;:&quot;0&quot;,&quot;title&quot;:&quot;&quot;,&quot;orientation&quot;:&quot;0&quot;}\" data-image-title=\"b11\" data-image-description=\"\" data-image-caption=\"\" data-medium-file=\"https:\/\/i0.wp.com\/www.wolpertingersfc.de\/wp-content\/uploads\/2019\/11\/b11.jpg?fit=225%2C300\" data-large-file=\"https:\/\/i0.wp.com\/www.wolpertingersfc.de\/wp-content\/uploads\/2019\/11\/b11.jpg?fit=684%2C911\" class=\"wp-image-3248 alignleft\" src=\"https:\/\/i0.wp.com\/www.wolpertingersfc.de\/wp-content\/uploads\/2019\/11\/b11.jpg?resize=144%2C192\" alt=\"\" width=\"144\" height=\"192\" srcset=\"https:\/\/i0.wp.com\/www.wolpertingersfc.de\/wp-content\/uploads\/2019\/11\/b11.jpg?w=684 684w, https:\/\/i0.wp.com\/www.wolpertingersfc.de\/wp-content\/uploads\/2019\/11\/b11.jpg?resize=225%2C300 225w, https:\/\/i0.wp.com\/www.wolpertingersfc.de\/wp-content\/uploads\/2019\/11\/b11.jpg?resize=81%2C108 81w\" sizes=\"auto, (max-width: 144px) 100vw, 144px\" \/><\/p>\n","protected":false},"excerpt":{"rendered":"<p>&nbsp; Dieses Jahr sind wir vom 30.\/31.08. bis zum 07.09.2019 im meist sonnigen Tenero im Tessin auf der Schweizer-Seite gewesen. Wir waren sage und schreibe eine Meute von 17 Personen, von Jung bis \u00c4lter, \u00fcber M\u00e4nnlein und Weiblein bis zu Taucher und Nicht-Taucher, eine bunt gemischte lustige Truppe. Untergebracht waren wir \u00fcberwiegend in Wohnwagen, als &hellip; <a href=\"http:\/\/www.wolpertingersfc.de\/?p=3237\" class=\"more-link\"><span class=\"screen-reader-text\">Tessin 2019 \u2013 Tauchausfahrt oder kulinarisches Meisterwerk?  Ganz klar: BEIDES  \uf04a<\/span> weiterlesen<\/a><\/p>\n","protected":false},"author":1,"featured_media":0,"comment_status":"open","ping_status":"open","sticky":false,"template":"","format":"standard","meta":{"jetpack_post_was_ever_published":false,"_jetpack_newsletter_access":"","_jetpack_dont_email_post_to_subs":false,"_jetpack_newsletter_tier_id":0,"_jetpack_memberships_contains_paywalled_content":false,"_jetpack_memberships_contains_paid_content":false,"footnotes":"","jetpack_publicize_message":"","jetpack_publicize_feature_enabled":true,"jetpack_social_post_already_shared":true,"jetpack_social_options":{"image_generator_settings":{"template":"highway","default_image_id":0,"font":"","enabled":false},"version":2}},"categories":[8],"tags":[],"class_list":["post-3237","post","type-post","status-publish","format-standard","hentry","category-tauchen"],"jetpack_publicize_connections":[],"jetpack_featured_media_url":"","jetpack_sharing_enabled":true,"jetpack_shortlink":"https:\/\/wp.me\/p8FTYK-Qd","jetpack-related-posts":[{"id":2774,"url":"http:\/\/www.wolpertingersfc.de\/?p=2774","url_meta":{"origin":3237,"position":0},"title":"Weihnachtstraining","author":"Wolpertingersfc","date":"16. Januar 2019","format":false,"excerpt":"Traditionell gestaltet Bert das letzte Training im Taucherjahr. Das Training wird dann weihnachtlich gestaltet. Auch wir Taucher wollen nicht auf das Ambiente verzichten, daher bringt er seinen sch\u00f6n geschm\u00fcckten Weihnachtsbaum mit und platziert ihn mittig unter Wasser im Hallenbad. Aus hygienischen Gr\u00fcnden handelt es sich um einen Kunststoffbaum, der gegen\u2026","rel":"","context":"In &quot;Tauchen&quot;","block_context":{"text":"Tauchen","link":"http:\/\/www.wolpertingersfc.de\/?cat=8"},"img":{"alt_text":"","src":"https:\/\/i0.wp.com\/www.wolpertingersfc.de\/wp-content\/uploads\/2019\/01\/Tauchen_WT_2018_4.png?resize=350%2C200","width":350,"height":200,"srcset":"https:\/\/i0.wp.com\/www.wolpertingersfc.de\/wp-content\/uploads\/2019\/01\/Tauchen_WT_2018_4.png?resize=350%2C200 1x, https:\/\/i0.wp.com\/www.wolpertingersfc.de\/wp-content\/uploads\/2019\/01\/Tauchen_WT_2018_4.png?resize=525%2C300 1.5x, https:\/\/i0.wp.com\/www.wolpertingersfc.de\/wp-content\/uploads\/2019\/01\/Tauchen_WT_2018_4.png?resize=700%2C400 2x, https:\/\/i0.wp.com\/www.wolpertingersfc.de\/wp-content\/uploads\/2019\/01\/Tauchen_WT_2018_4.png?resize=1050%2C600 3x"},"classes":[]},{"id":3720,"url":"http:\/\/www.wolpertingersfc.de\/?p=3720","url_meta":{"origin":3237,"position":1},"title":"Notfalltasche zur Laienreanimation","author":"Wolpertingersfc","date":"2. Dezember 2024","format":false,"excerpt":"Im Rahmen des Projektes \"Herzsicher\" hat die Bj\u00f6rn Steiger Stiftung die Vision, m\u00f6glichst viele Personen in der Laienreanimation auszubilden und alle Vereine kostenlos mit einer Notfalltasche zur Laienreanimation auszustatten. Diese Initiative zielt darauf ab, die Sicherheit in Sportvereinen zu erh\u00f6hen und im Ernstfall schnelle, lebensrettende Ma\u00dfnahmen zu erm\u00f6glichen. Das Projekt\u2026","rel":"","context":"\u00c4hnlicher Beitrag","block_context":{"text":"\u00c4hnlicher Beitrag","link":""},"img":{"alt_text":"","src":"https:\/\/i0.wp.com\/www.wolpertingersfc.de\/wp-content\/uploads\/2024\/12\/Bild1.png?resize=350%2C200","width":350,"height":200,"srcset":"https:\/\/i0.wp.com\/www.wolpertingersfc.de\/wp-content\/uploads\/2024\/12\/Bild1.png?resize=350%2C200 1x, https:\/\/i0.wp.com\/www.wolpertingersfc.de\/wp-content\/uploads\/2024\/12\/Bild1.png?resize=525%2C300 1.5x"},"classes":[]},{"id":3777,"url":"http:\/\/www.wolpertingersfc.de\/?p=3777","url_meta":{"origin":3237,"position":2},"title":"Wolpertinger Erste Hilfe Kurs","author":"Wolpertingersfc","date":"15. Oktober 2025","format":false,"excerpt":"Einige Taucher ben\u00f6tigen das DLRG-Rettungsabzeichen in Silber, wof\u00fcr ein aktueller Erste-Hilfe-Kurs Voraussetzung ist. Daher entstand die Idee, einen eigenen Kurs zu organisieren, der von einem zertifizierten Ausbilder geleitet wird. Sollte es noch freie Pl\u00e4tze geben, k\u00f6nnten auch \u00dcbungsleiter aus anderen Abteilungen teilnehmen. Am Ende wurde der Kurs f\u00fcr alle Mitglieder\u2026","rel":"","context":"\u00c4hnlicher Beitrag","block_context":{"text":"\u00c4hnlicher Beitrag","link":""},"img":{"alt_text":"","src":"https:\/\/i0.wp.com\/www.wolpertingersfc.de\/wp-content\/uploads\/2025\/10\/Bild1.png?resize=350%2C200","width":350,"height":200},"classes":[]},{"id":3203,"url":"http:\/\/www.wolpertingersfc.de\/?p=3203","url_meta":{"origin":3237,"position":3},"title":"B\u00e4nkleswanderung der Wolpertinger am 15. September 2019","author":"Wolpertingersfc","date":"16. September 2019","format":false,"excerpt":"P\u00fcnktlich um 11 Uhr trafen sich vorletzten Sonntag 30 Wolpertinger und G\u00e4ste am Parkplatz Lenzensteigle zu einer Wanderung rund um G\u00f6nningen. Bei sommerlichem Wetter ging es erst \u00fcber die Plattach, dann bergauf Richtung Sch\u00fctzenhaus. Zuvor legten wir eine Pause beim Tennis- Familientag ein, um uns zu st\u00e4rken. Immer wieder konnten\u2026","rel":"","context":"\u00c4hnlicher Beitrag","block_context":{"text":"\u00c4hnlicher Beitrag","link":""},"img":{"alt_text":"","src":"https:\/\/i0.wp.com\/www.wolpertingersfc.de\/wp-content\/uploads\/2019\/09\/P1070282-1024x577.jpg?resize=350%2C200","width":350,"height":200,"srcset":"https:\/\/i0.wp.com\/www.wolpertingersfc.de\/wp-content\/uploads\/2019\/09\/P1070282-1024x577.jpg?resize=350%2C200 1x, https:\/\/i0.wp.com\/www.wolpertingersfc.de\/wp-content\/uploads\/2019\/09\/P1070282-1024x577.jpg?resize=525%2C300 1.5x, https:\/\/i0.wp.com\/www.wolpertingersfc.de\/wp-content\/uploads\/2019\/09\/P1070282-1024x577.jpg?resize=700%2C400 2x"},"classes":[]},{"id":3284,"url":"http:\/\/www.wolpertingersfc.de\/?p=3284","url_meta":{"origin":3237,"position":4},"title":"Tauchkurs DTSA* \/ DTSA 1Stern 2020","author":"Wolpertingersfc","date":"15. Januar 2020","format":false,"excerpt":"\u00a0 \u00a0 Das Ausbilderteam des Wolpertinger SFC bietet auch im Jahr 2020 mit qualifizierten \u00dcbungsleitern und Tauchlehrern einen Tauchkurs nach international g\u00fcltigen VDST-\/CMAS-Standards an. Ziel ist es, die Grundkenntnisse des Tauchens in Theorie und Praxis zu erlernen, um nach Abschluss des Tauchkurses an von erfahrenen Tauchern gef\u00fchrten Tauchg\u00e4ngen teilnehmen zu\u2026","rel":"","context":"In &quot;Tauchen&quot;","block_context":{"text":"Tauchen","link":"http:\/\/www.wolpertingersfc.de\/?cat=8"},"img":{"alt_text":"","src":"https:\/\/i0.wp.com\/www.wolpertingersfc.de\/wp-content\/uploads\/2017\/04\/Tauchender_Wolpertinger-150x118.jpg?resize=350%2C200","width":350,"height":200},"classes":[]},{"id":3694,"url":"http:\/\/www.wolpertingersfc.de\/?p=3694","url_meta":{"origin":3237,"position":5},"title":"Wolpertinger Radtour vom 29.6.- 2.7.2024","author":"Wolpertingersfc","date":"4. Juli 2024","format":false,"excerpt":"Am fr\u00fchen Samstag starteten 20 Wolpertinger von U 30 bis \u00dc 80 in G\u00f6nningen ihre Tour. Bei gut 30 Grad radelten wir \u00fcber T\u00fcbingen, Herrenberg zur Mittagsrast nach Affst\u00e4tt, dann weiter nach Calw, wo eine Abk\u00fchlung mit Eisbecher und kalten Getr\u00e4nken dringend n\u00f6tig war. Nach 70 km erreichten wir unser\u2026","rel":"","context":"\u00c4hnlicher Beitrag","block_context":{"text":"\u00c4hnlicher Beitrag","link":""},"img":{"alt_text":"","src":"https:\/\/i0.wp.com\/www.wolpertingersfc.de\/wp-content\/uploads\/2024\/07\/2024-07-03-Gruppenbild-Radtour.jpg?resize=350%2C200","width":350,"height":200,"srcset":"https:\/\/i0.wp.com\/www.wolpertingersfc.de\/wp-content\/uploads\/2024\/07\/2024-07-03-Gruppenbild-Radtour.jpg?resize=350%2C200 1x, https:\/\/i0.wp.com\/www.wolpertingersfc.de\/wp-content\/uploads\/2024\/07\/2024-07-03-Gruppenbild-Radtour.jpg?resize=525%2C300 1.5x, https:\/\/i0.wp.com\/www.wolpertingersfc.de\/wp-content\/uploads\/2024\/07\/2024-07-03-Gruppenbild-Radtour.jpg?resize=700%2C400 2x, https:\/\/i0.wp.com\/www.wolpertingersfc.de\/wp-content\/uploads\/2024\/07\/2024-07-03-Gruppenbild-Radtour.jpg?resize=1050%2C600 3x, https:\/\/i0.wp.com\/www.wolpertingersfc.de\/wp-content\/uploads\/2024\/07\/2024-07-03-Gruppenbild-Radtour.jpg?resize=1400%2C800 4x"},"classes":[]}],"_links":{"self":[{"href":"http:\/\/www.wolpertingersfc.de\/index.php?rest_route=\/wp\/v2\/posts\/3237","targetHints":{"allow":["GET"]}}],"collection":[{"href":"http:\/\/www.wolpertingersfc.de\/index.php?rest_route=\/wp\/v2\/posts"}],"about":[{"href":"http:\/\/www.wolpertingersfc.de\/index.php?rest_route=\/wp\/v2\/types\/post"}],"author":[{"embeddable":true,"href":"http:\/\/www.wolpertingersfc.de\/index.php?rest_route=\/wp\/v2\/users\/1"}],"replies":[{"embeddable":true,"href":"http:\/\/www.wolpertingersfc.de\/index.php?rest_route=%2Fwp%2Fv2%2Fcomments&post=3237"}],"version-history":[{"count":10,"href":"http:\/\/www.wolpertingersfc.de\/index.php?rest_route=\/wp\/v2\/posts\/3237\/revisions"}],"predecessor-version":[{"id":3262,"href":"http:\/\/www.wolpertingersfc.de\/index.php?rest_route=\/wp\/v2\/posts\/3237\/revisions\/3262"}],"wp:attachment":[{"href":"http:\/\/www.wolpertingersfc.de\/index.php?rest_route=%2Fwp%2Fv2%2Fmedia&parent=3237"}],"wp:term":[{"taxonomy":"category","embeddable":true,"href":"http:\/\/www.wolpertingersfc.de\/index.php?rest_route=%2Fwp%2Fv2%2Fcategories&post=3237"},{"taxonomy":"post_tag","embeddable":true,"href":"http:\/\/www.wolpertingersfc.de\/index.php?rest_route=%2Fwp%2Fv2%2Ftags&post=3237"}],"curies":[{"name":"wp","href":"https:\/\/api.w.org\/{rel}","templated":true}]}}