{"id":3232,"date":"2019-09-29T18:23:16","date_gmt":"2019-09-29T16:23:16","guid":{"rendered":"http:\/\/www.wolpertingersfc.de\/?p=3232"},"modified":"2019-09-29T18:23:16","modified_gmt":"2019-09-29T16:23:16","slug":"neuauflage-des-wanderwettbewerbs-wandern-spielerisch-erleben","status":"publish","type":"post","link":"http:\/\/www.wolpertingersfc.de\/?p=3232","title":{"rendered":"Neuauflage des Wanderwettbewerbs, wandern spielerisch erleben"},"content":{"rendered":"<p><img data-recalc-dims=\"1\" loading=\"lazy\" decoding=\"async\" data-attachment-id=\"3234\" data-permalink=\"http:\/\/www.wolpertingersfc.de\/?attachment_id=3234\" data-orig-file=\"https:\/\/i0.wp.com\/www.wolpertingersfc.de\/wp-content\/uploads\/2019\/09\/Bild-1024x684.jpg?fit=1024%2C684\" data-orig-size=\"1024,684\" data-comments-opened=\"1\" data-image-meta=\"{&quot;aperture&quot;:&quot;0&quot;,&quot;credit&quot;:&quot;&quot;,&quot;camera&quot;:&quot;&quot;,&quot;caption&quot;:&quot;&quot;,&quot;created_timestamp&quot;:&quot;1569780836&quot;,&quot;copyright&quot;:&quot;&quot;,&quot;focal_length&quot;:&quot;0&quot;,&quot;iso&quot;:&quot;0&quot;,&quot;shutter_speed&quot;:&quot;0&quot;,&quot;title&quot;:&quot;&quot;,&quot;orientation&quot;:&quot;1&quot;}\" data-image-title=\"Bild (1024&amp;#215;684)\" data-image-description=\"\" data-image-caption=\"\" data-medium-file=\"https:\/\/i0.wp.com\/www.wolpertingersfc.de\/wp-content\/uploads\/2019\/09\/Bild-1024x684.jpg?fit=300%2C200\" data-large-file=\"https:\/\/i0.wp.com\/www.wolpertingersfc.de\/wp-content\/uploads\/2019\/09\/Bild-1024x684.jpg?fit=863%2C576\" class=\"alignnone size-full wp-image-3234\" src=\"https:\/\/i0.wp.com\/www.wolpertingersfc.de\/wp-content\/uploads\/2019\/09\/Bild-1024x684.jpg?resize=863%2C576\" alt=\"\" width=\"863\" height=\"576\" srcset=\"https:\/\/i0.wp.com\/www.wolpertingersfc.de\/wp-content\/uploads\/2019\/09\/Bild-1024x684.jpg?resize=1024%2C684 1024w, https:\/\/i0.wp.com\/www.wolpertingersfc.de\/wp-content\/uploads\/2019\/09\/Bild-1024x684.jpg?resize=300%2C200 300w, https:\/\/i0.wp.com\/www.wolpertingersfc.de\/wp-content\/uploads\/2019\/09\/Bild-1024x684.jpg?resize=768%2C513 768w, https:\/\/i0.wp.com\/www.wolpertingersfc.de\/wp-content\/uploads\/2019\/09\/Bild-1024x684.jpg?resize=863%2C576 863w, https:\/\/i0.wp.com\/www.wolpertingersfc.de\/wp-content\/uploads\/2019\/09\/Bild-1024x684.jpg?resize=162%2C108 162w\" sizes=\"auto, (max-width: 863px) 100vw, 863px\" \/><br \/>\nAm 1. November 2019 l\u00e4dt die Ortsgruppe G\u00f6nningen des Schw\u00e4bischen Albvereins andere Ortsgruppen und sonstige Interessierte zur Neuauflage des traditionellen Wanderwettbewerbs im Lichtensteingau ein. Alle auf die der Begriff Wettbewerb abschreckend wirkt, k\u00f6nnen wir schon einmal beruhigen:<br \/>\nBei dem nicht ganz ernst gemeintem Wettbewerb geht es nicht darum, wer am schnellsten oder weitesten wandert. Vielmehr treten die verschiedenen Gruppen spielerisch gegeneinander an. Dabei m\u00fcssen bei einer Halbtageswanderung von den Gruppen entlang des Weges verschiedene<br \/>\nAufgaben und R\u00e4tsel gel\u00f6st werden.Welche Gruppe findet die meisten Fehler im Fehlersuchbild? Wer ist Meister im Bogenschie\u00dfen und wer l\u00f6st am schnellsten ein Labyrinth? W\u00e4hrend die Punkte ausgez\u00e4hlt werden, k\u00f6nnen die Teilnehmer die Zeit am Lagerfeuer mit der Zubereitung von mitgebrachtem Grillgut verbringen. Bei der anschlie\u00dfenden Siegerehrung werden auch Kleingruppen oder Gruppen mit kleinen Kindern nicht zu kurz kommen. Die Preise werden in<br \/>\nverschiedenen Kategorien vergeben. Beginn der Veranstaltung ist am sp\u00e4ten Vormittag. Da die Gruppen versetzt starten, werden die genauen Startzeiten noch vergeben. Zur Auswahl stehen drei verschiedene Touren von ca. zwei, vier oder sechs Kilometern, die mit<br \/>\ngel\u00e4ndeg\u00e4ngigen Kinderw\u00e4gen befahrbar sind. Die Aufgaben entlang der Strecke sind f\u00fcr Familien mit Kindern sowie Jugend und Kindergruppen geeignet, auch f\u00fcr alle anderen ist der Spa\u00df garantiert.<br \/>\nAnmeldung der Gruppen bitte bis zum 16. Oktober bei Familie Frech\/Rauscher 07072\/80948, oder Frech.Rauscher@t-online.de oder Lucas.J.Rauscher@gmx.de.<br \/>\nWir freuen uns \u00fcber eine rege Teilnahme aller Generationen.<\/p>\n<p>Anmeldung bitte bei Siegfried Randecker<br \/>\nE-Mail: siegfried.randecker@wolpertingersfc.de.<br \/>\nTel. 07072\/8726<\/p>\n<p>&nbsp;<\/p>\n","protected":false},"excerpt":{"rendered":"<p>Am 1. November 2019 l\u00e4dt die Ortsgruppe G\u00f6nningen des Schw\u00e4bischen Albvereins andere Ortsgruppen und sonstige Interessierte zur Neuauflage des traditionellen Wanderwettbewerbs im Lichtensteingau ein. Alle auf die der Begriff Wettbewerb abschreckend wirkt, k\u00f6nnen wir schon einmal beruhigen: Bei dem nicht ganz ernst gemeintem Wettbewerb geht es nicht darum, wer am schnellsten oder weitesten wandert. Vielmehr &hellip; <a href=\"http:\/\/www.wolpertingersfc.de\/?p=3232\" class=\"more-link\"><span class=\"screen-reader-text\">Neuauflage des Wanderwettbewerbs, wandern spielerisch erleben<\/span> weiterlesen<\/a><\/p>\n","protected":false},"author":1,"featured_media":0,"comment_status":"open","ping_status":"open","sticky":false,"template":"","format":"standard","meta":{"jetpack_post_was_ever_published":false,"_jetpack_newsletter_access":"","_jetpack_dont_email_post_to_subs":false,"_jetpack_newsletter_tier_id":0,"_jetpack_memberships_contains_paywalled_content":false,"_jetpack_memberships_contains_paid_content":false,"footnotes":"","jetpack_publicize_message":"","jetpack_publicize_feature_enabled":true,"jetpack_social_post_already_shared":true,"jetpack_social_options":{"image_generator_settings":{"template":"highway","default_image_id":0,"font":"","enabled":false},"version":2}},"categories":[1],"tags":[],"class_list":["post-3232","post","type-post","status-publish","format-standard","hentry","category-uncategorized"],"jetpack_publicize_connections":[],"jetpack_featured_media_url":"","jetpack_sharing_enabled":true,"jetpack_shortlink":"https:\/\/wp.me\/p8FTYK-Q8","jetpack-related-posts":[{"id":3259,"url":"http:\/\/www.wolpertingersfc.de\/?p=3259","url_meta":{"origin":3232,"position":0},"title":"G\u00f6nninger Weihnachtsmarkt am 30.11.2019","author":"Wolpertingersfc","date":"6. November 2019","format":false,"excerpt":"Am Samstag, den 30.11.2019 findet im historischen Lokschuppen der diesj\u00e4hrige G\u00f6nninger Weihnachtsmarkt statt. Hier stellen B\u00fcrger, K\u00fcnstler und Gruppen Hand- und Bastelarbeiten zum Verkauf aus. Dort findet man sch\u00f6ne Weihnachtsgeschenke oder Dekorationen. Der Markt beginnt dieses Jahr um 15.00 Uhr und geht bis 20.00\u00a0Uhr. Der Wolpertinger Sport- und Freizeitclub e.V.\u2026","rel":"","context":"\u00c4hnlicher Beitrag","block_context":{"text":"\u00c4hnlicher Beitrag","link":""},"img":{"alt_text":"","src":"","width":0,"height":0},"classes":[]},{"id":3640,"url":"http:\/\/www.wolpertingersfc.de\/?p=3640","url_meta":{"origin":3232,"position":1},"title":"Hinter die Kulissen des Gl\u00fchweinverkaufs","author":"Wolpertingersfc","date":"18. Dezember 2023","format":false,"excerpt":"Mir ist bewusst, wenn Ihr diesen Bericht lest, ist der Winter bereits vorbei und niemand denkt an den Gl\u00fchweinverkauf. Aber es mit hoher Wahrscheinlichkeit noch weitere Gl\u00fchweinverk\u00e4ufe geben, daher hier mal ein Blick auf die Organisation. Einige Wochen vor dem Gl\u00fchweinverkauf befasst sich der Ausschuss mit dem Thema, dabei geht\u2026","rel":"","context":"\u00c4hnlicher Beitrag","block_context":{"text":"\u00c4hnlicher Beitrag","link":""},"img":{"alt_text":"","src":"https:\/\/i0.wp.com\/www.wolpertingersfc.de\/wp-content\/uploads\/2023\/12\/Bild4-300x225.png?resize=350%2C200","width":350,"height":200},"classes":[]},{"id":3777,"url":"http:\/\/www.wolpertingersfc.de\/?p=3777","url_meta":{"origin":3232,"position":2},"title":"Wolpertinger Erste Hilfe Kurs","author":"Wolpertingersfc","date":"15. Oktober 2025","format":false,"excerpt":"Einige Taucher ben\u00f6tigen das DLRG-Rettungsabzeichen in Silber, wof\u00fcr ein aktueller Erste-Hilfe-Kurs Voraussetzung ist. Daher entstand die Idee, einen eigenen Kurs zu organisieren, der von einem zertifizierten Ausbilder geleitet wird. Sollte es noch freie Pl\u00e4tze geben, k\u00f6nnten auch \u00dcbungsleiter aus anderen Abteilungen teilnehmen. Am Ende wurde der Kurs f\u00fcr alle Mitglieder\u2026","rel":"","context":"\u00c4hnlicher Beitrag","block_context":{"text":"\u00c4hnlicher Beitrag","link":""},"img":{"alt_text":"","src":"https:\/\/i0.wp.com\/www.wolpertingersfc.de\/wp-content\/uploads\/2025\/10\/Bild1.png?resize=350%2C200","width":350,"height":200},"classes":[]},{"id":3720,"url":"http:\/\/www.wolpertingersfc.de\/?p=3720","url_meta":{"origin":3232,"position":3},"title":"Notfalltasche zur Laienreanimation","author":"Wolpertingersfc","date":"2. Dezember 2024","format":false,"excerpt":"Im Rahmen des Projektes \"Herzsicher\" hat die Bj\u00f6rn Steiger Stiftung die Vision, m\u00f6glichst viele Personen in der Laienreanimation auszubilden und alle Vereine kostenlos mit einer Notfalltasche zur Laienreanimation auszustatten. Diese Initiative zielt darauf ab, die Sicherheit in Sportvereinen zu erh\u00f6hen und im Ernstfall schnelle, lebensrettende Ma\u00dfnahmen zu erm\u00f6glichen. Das Projekt\u2026","rel":"","context":"\u00c4hnlicher Beitrag","block_context":{"text":"\u00c4hnlicher Beitrag","link":""},"img":{"alt_text":"","src":"https:\/\/i0.wp.com\/www.wolpertingersfc.de\/wp-content\/uploads\/2024\/12\/Bild1.png?resize=350%2C200","width":350,"height":200,"srcset":"https:\/\/i0.wp.com\/www.wolpertingersfc.de\/wp-content\/uploads\/2024\/12\/Bild1.png?resize=350%2C200 1x, https:\/\/i0.wp.com\/www.wolpertingersfc.de\/wp-content\/uploads\/2024\/12\/Bild1.png?resize=525%2C300 1.5x"},"classes":[]},{"id":2351,"url":"http:\/\/www.wolpertingersfc.de\/?p=2351","url_meta":{"origin":3232,"position":4},"title":"Einweihung Kletterwanderweiterung &#038; Tag der offenen T\u00fcr des Evangelischen Kindergartens","author":"Wolpertingersfc","date":"5. Mai 2018","format":false,"excerpt":"Gleich zwei Anl\u00e4sse gab es am Samstag, 5. Mai im Garten des Evangelischen Kindergartens bei sch\u00f6nstem Fr\u00fchsommerwetter zu feiern: Die Einweihung der Wolpertinger-Kletterwanderweiterung und den Tag der offenen T\u00fcr des Evangelischen Kindergartens. Eine tolle Atmosph\u00e4re nutzten viele zum Kennenlernen der Kletterwand und des Kindergartens: Eltern und Kinder, auch viele ehemalige,\u2026","rel":"","context":"In &quot;Klettern&quot;","block_context":{"text":"Klettern","link":"http:\/\/www.wolpertingersfc.de\/?cat=13"},"img":{"alt_text":"","src":"https:\/\/i0.wp.com\/www.wolpertingersfc.de\/wp-content\/uploads\/2018\/05\/P1060145-1280x721-768x433.jpg?resize=350%2C200","width":350,"height":200,"srcset":"https:\/\/i0.wp.com\/www.wolpertingersfc.de\/wp-content\/uploads\/2018\/05\/P1060145-1280x721-768x433.jpg?resize=350%2C200 1x, https:\/\/i0.wp.com\/www.wolpertingersfc.de\/wp-content\/uploads\/2018\/05\/P1060145-1280x721-768x433.jpg?resize=525%2C300 1.5x, https:\/\/i0.wp.com\/www.wolpertingersfc.de\/wp-content\/uploads\/2018\/05\/P1060145-1280x721-768x433.jpg?resize=700%2C400 2x"},"classes":[]},{"id":3237,"url":"http:\/\/www.wolpertingersfc.de\/?p=3237","url_meta":{"origin":3232,"position":5},"title":"Tessin 2019 \u2013 Tauchausfahrt oder kulinarisches Meisterwerk?  Ganz klar: BEIDES  \uf04a","author":"Wolpertingersfc","date":"6. November 2019","format":false,"excerpt":"\u00a0 Dieses Jahr sind wir vom 30.\/31.08. bis zum 07.09.2019 im meist sonnigen Tenero im Tessin auf der Schweizer-Seite gewesen. Wir waren sage und schreibe eine Meute von 17 Personen, von Jung bis \u00c4lter, \u00fcber M\u00e4nnlein und Weiblein bis zu Taucher und Nicht-Taucher, eine bunt gemischte lustige Truppe. Untergebracht waren\u2026","rel":"","context":"In &quot;Tauchen&quot;","block_context":{"text":"Tauchen","link":"http:\/\/www.wolpertingersfc.de\/?cat=8"},"img":{"alt_text":"","src":"https:\/\/i0.wp.com\/www.wolpertingersfc.de\/wp-content\/uploads\/2019\/11\/b13.jpg?resize=350%2C200","width":350,"height":200,"srcset":"https:\/\/i0.wp.com\/www.wolpertingersfc.de\/wp-content\/uploads\/2019\/11\/b13.jpg?resize=350%2C200 1x, https:\/\/i0.wp.com\/www.wolpertingersfc.de\/wp-content\/uploads\/2019\/11\/b13.jpg?resize=525%2C300 1.5x, https:\/\/i0.wp.com\/www.wolpertingersfc.de\/wp-content\/uploads\/2019\/11\/b13.jpg?resize=700%2C400 2x"},"classes":[]}],"_links":{"self":[{"href":"http:\/\/www.wolpertingersfc.de\/index.php?rest_route=\/wp\/v2\/posts\/3232","targetHints":{"allow":["GET"]}}],"collection":[{"href":"http:\/\/www.wolpertingersfc.de\/index.php?rest_route=\/wp\/v2\/posts"}],"about":[{"href":"http:\/\/www.wolpertingersfc.de\/index.php?rest_route=\/wp\/v2\/types\/post"}],"author":[{"embeddable":true,"href":"http:\/\/www.wolpertingersfc.de\/index.php?rest_route=\/wp\/v2\/users\/1"}],"replies":[{"embeddable":true,"href":"http:\/\/www.wolpertingersfc.de\/index.php?rest_route=%2Fwp%2Fv2%2Fcomments&post=3232"}],"version-history":[{"count":1,"href":"http:\/\/www.wolpertingersfc.de\/index.php?rest_route=\/wp\/v2\/posts\/3232\/revisions"}],"predecessor-version":[{"id":3235,"href":"http:\/\/www.wolpertingersfc.de\/index.php?rest_route=\/wp\/v2\/posts\/3232\/revisions\/3235"}],"wp:attachment":[{"href":"http:\/\/www.wolpertingersfc.de\/index.php?rest_route=%2Fwp%2Fv2%2Fmedia&parent=3232"}],"wp:term":[{"taxonomy":"category","embeddable":true,"href":"http:\/\/www.wolpertingersfc.de\/index.php?rest_route=%2Fwp%2Fv2%2Fcategories&post=3232"},{"taxonomy":"post_tag","embeddable":true,"href":"http:\/\/www.wolpertingersfc.de\/index.php?rest_route=%2Fwp%2Fv2%2Ftags&post=3232"}],"curies":[{"name":"wp","href":"https:\/\/api.w.org\/{rel}","templated":true}]}}