{"id":3151,"date":"2019-08-29T15:53:59","date_gmt":"2019-08-29T13:53:59","guid":{"rendered":"http:\/\/www.wolpertingersfc.de\/?p=3151"},"modified":"2019-08-29T15:55:32","modified_gmt":"2019-08-29T13:55:32","slug":"orientalisches-tanzen-termin-und-ortsaenderung","status":"publish","type":"post","link":"http:\/\/www.wolpertingersfc.de\/?p=3151","title":{"rendered":"Orientalisches Tanzen: Termin- und Orts\u00e4nderung"},"content":{"rendered":"<p>Unser Orientalisches Tanzen wurde auf Donnerstags verschoben und beginnt ab 19. September 2019 von 19:30 Uhr bis 21:00 Uhr im B\u00fcrgersaal des Rathauses in G\u00f6nningen.<\/p>\n<p>Bei Interesse bitte melden bei:<\/p>\n<p>Claudia Randecker-Hornberger<br \/>\nTel.07072-2089864<br \/>\nE-Mail: <a href=\"mailto:claudia.randecker-hornberger@wolpertingersfc.de\">claudia.randecker-hornberger@wolpertingersfc.de<\/a><\/p>\n","protected":false},"excerpt":{"rendered":"<p>Unser Orientalisches Tanzen wurde auf Donnerstags verschoben und beginnt ab 19. September 2019 von 19:30 Uhr bis 21:00 Uhr im B\u00fcrgersaal des Rathauses in G\u00f6nningen. Bei Interesse bitte melden bei: Claudia Randecker-Hornberger Tel.07072-2089864 E-Mail: claudia.randecker-hornberger@wolpertingersfc.de<\/p>\n","protected":false},"author":1,"featured_media":0,"comment_status":"open","ping_status":"open","sticky":false,"template":"","format":"standard","meta":{"jetpack_post_was_ever_published":false,"_jetpack_newsletter_access":"","_jetpack_dont_email_post_to_subs":false,"_jetpack_newsletter_tier_id":0,"_jetpack_memberships_contains_paywalled_content":false,"_jetpack_memberships_contains_paid_content":false,"footnotes":"","jetpack_publicize_message":"","jetpack_publicize_feature_enabled":true,"jetpack_social_post_already_shared":true,"jetpack_social_options":{"image_generator_settings":{"template":"highway","default_image_id":0,"font":"","enabled":false},"version":2}},"categories":[1],"tags":[],"class_list":["post-3151","post","type-post","status-publish","format-standard","hentry","category-uncategorized"],"jetpack_publicize_connections":[],"jetpack_featured_media_url":"","jetpack_sharing_enabled":true,"jetpack_shortlink":"https:\/\/wp.me\/p8FTYK-OP","jetpack-related-posts":[{"id":2178,"url":"http:\/\/www.wolpertingersfc.de\/?p=2178","url_meta":{"origin":3151,"position":0},"title":"Neues Sportangebot ab Januar 2018: Orientalisches Tanzen","author":"Wolpertingersfc","date":"3. Dezember 2017","format":false,"excerpt":"M\u00f6chtest Du etwas f\u00fcr K\u00f6rper und Seele tun? Der Orientalische Tanz ist hierzu bestens geeignet. In unserem Kurs sollen die St\u00e4rkung der Muskulatur, des ganzen K\u00f6rpers, die Koordination sowie die Beweglichkeit ge\u00fcbt werden. Mit weichen, flie\u00dfenden und kraftvollen Bewegungen wollen wir unseren K\u00f6rper aktivieren, aber auch zur Entspannung beitragen. Unsere\u2026","rel":"","context":"\u00c4hnlicher Beitrag","block_context":{"text":"\u00c4hnlicher Beitrag","link":""},"img":{"alt_text":"","src":"","width":0,"height":0},"classes":[]},{"id":2327,"url":"http:\/\/www.wolpertingersfc.de\/?p=2327","url_meta":{"origin":3151,"position":1},"title":"Orientalisches Tanzen","author":"Wolpertingersfc","date":"8. April 2018","format":false,"excerpt":"Seit dem 9.1.2018 hat sich nun eine sehr nette kleine Gruppe von Frauen auf den gemeinsamen Weg des orientalischen Tanzes im Lockschuppen gemacht. Im Aufw\u00e4rmtraining hat Johanna, unsere Tanzlehrerin, daf\u00fcr gesorgt, dass es uns warm wird, wir unseren K\u00f6rper wahrnehmen und uns aufrichten. Zudem konnten wir den Alltagstress f\u00fcr eine\u2026","rel":"","context":"\u00c4hnlicher Beitrag","block_context":{"text":"\u00c4hnlicher Beitrag","link":""},"img":{"alt_text":"","src":"https:\/\/i0.wp.com\/www.wolpertingersfc.de\/wp-content\/uploads\/2018\/04\/Orientalisch-Tanzen.jpg?resize=350%2C200","width":350,"height":200},"classes":[]},{"id":2820,"url":"http:\/\/www.wolpertingersfc.de\/?p=2820","url_meta":{"origin":3151,"position":2},"title":"Orientalisches Tanzen &#8211; Neue Zeit neues Thema","author":"Wolpertingersfc","date":"9. April 2019","format":false,"excerpt":"Inspiriert durch den Fr\u00fchling wollen wir nun unseren Tanz durch den Tanz mit dem Schleier erweitern und bereichern. Gemeinsam wollen wir die Technik des Schleiertanzes erlernen, Schritt f\u00fcr Schritt den Umgang und einzelne Figuren mit dem Schleier erlernen oder\/ und wieder auffrischen. Gemeinsam mit unserer Tanzlehrerin Johanna die Elemente in\u2026","rel":"","context":"\u00c4hnlicher Beitrag","block_context":{"text":"\u00c4hnlicher Beitrag","link":""},"img":{"alt_text":"","src":"","width":0,"height":0},"classes":[]},{"id":3026,"url":"http:\/\/www.wolpertingersfc.de\/?p=3026","url_meta":{"origin":3151,"position":3},"title":"Klettertag im Donautal","author":"Wolpertingersfc","date":"21. Juli 2019","format":false,"excerpt":"Eigentlich sollte es am Wochenende in die Allg\u00e4uer Berge gehen. Die Hermann-von-Barth- H\u00fctte war gebucht, Aufstieg vom Lechtal. Aus der Wettervorhersage wurde aber immer deutlicher: das Klettern w\u00fcrde bei 5\u00b0C mit klammen Fingern und akuter Gewittergefahr stattfinden, und das sollte nicht sein. Also suchten wir, Gerold, G\u00fcnter, Hendrik, Sigi und\u2026","rel":"","context":"In &quot;Klettern&quot;","block_context":{"text":"Klettern","link":"http:\/\/www.wolpertingersfc.de\/?cat=13"},"img":{"alt_text":"","src":"https:\/\/i0.wp.com\/www.wolpertingersfc.de\/wp-content\/uploads\/2019\/07\/P1070324-768x1024-225x300.jpg?resize=350%2C200","width":350,"height":200},"classes":[]},{"id":3259,"url":"http:\/\/www.wolpertingersfc.de\/?p=3259","url_meta":{"origin":3151,"position":4},"title":"G\u00f6nninger Weihnachtsmarkt am 30.11.2019","author":"Wolpertingersfc","date":"6. November 2019","format":false,"excerpt":"Am Samstag, den 30.11.2019 findet im historischen Lokschuppen der diesj\u00e4hrige G\u00f6nninger Weihnachtsmarkt statt. Hier stellen B\u00fcrger, K\u00fcnstler und Gruppen Hand- und Bastelarbeiten zum Verkauf aus. Dort findet man sch\u00f6ne Weihnachtsgeschenke oder Dekorationen. Der Markt beginnt dieses Jahr um 15.00 Uhr und geht bis 20.00\u00a0Uhr. Der Wolpertinger Sport- und Freizeitclub e.V.\u2026","rel":"","context":"\u00c4hnlicher Beitrag","block_context":{"text":"\u00c4hnlicher Beitrag","link":""},"img":{"alt_text":"","src":"","width":0,"height":0},"classes":[]},{"id":3624,"url":"http:\/\/www.wolpertingersfc.de\/?p=3624","url_meta":{"origin":3151,"position":5},"title":"6. Januar-Wanderung 2024","author":"Wolpertingersfc","date":"12. November 2023","format":false,"excerpt":"Die traditionelle 6.Januar-Wanderung f\u00fchrt uns in diesem Jahr rund um den Sternberg bei Gomadingen. Wir treffen uns um 13.00 Uhr in G\u00f6nningen am Lokschuppen und fahren in Fahrgemeinschaften an den Wanderparkplatz am Sternberg zwischen Offenhausen und Bernloch. Die Tour f\u00fchrt und dann auf dem Premiumweg \u201eHochgesprudelt\u201c mit knapp 9 km\u2026","rel":"","context":"\u00c4hnlicher Beitrag","block_context":{"text":"\u00c4hnlicher Beitrag","link":""},"img":{"alt_text":"","src":"https:\/\/i0.wp.com\/www.wolpertingersfc.de\/wp-content\/uploads\/2023\/11\/Bild1-2.png?resize=350%2C200","width":350,"height":200},"classes":[]}],"_links":{"self":[{"href":"http:\/\/www.wolpertingersfc.de\/index.php?rest_route=\/wp\/v2\/posts\/3151","targetHints":{"allow":["GET"]}}],"collection":[{"href":"http:\/\/www.wolpertingersfc.de\/index.php?rest_route=\/wp\/v2\/posts"}],"about":[{"href":"http:\/\/www.wolpertingersfc.de\/index.php?rest_route=\/wp\/v2\/types\/post"}],"author":[{"embeddable":true,"href":"http:\/\/www.wolpertingersfc.de\/index.php?rest_route=\/wp\/v2\/users\/1"}],"replies":[{"embeddable":true,"href":"http:\/\/www.wolpertingersfc.de\/index.php?rest_route=%2Fwp%2Fv2%2Fcomments&post=3151"}],"version-history":[{"count":2,"href":"http:\/\/www.wolpertingersfc.de\/index.php?rest_route=\/wp\/v2\/posts\/3151\/revisions"}],"predecessor-version":[{"id":3154,"href":"http:\/\/www.wolpertingersfc.de\/index.php?rest_route=\/wp\/v2\/posts\/3151\/revisions\/3154"}],"wp:attachment":[{"href":"http:\/\/www.wolpertingersfc.de\/index.php?rest_route=%2Fwp%2Fv2%2Fmedia&parent=3151"}],"wp:term":[{"taxonomy":"category","embeddable":true,"href":"http:\/\/www.wolpertingersfc.de\/index.php?rest_route=%2Fwp%2Fv2%2Fcategories&post=3151"},{"taxonomy":"post_tag","embeddable":true,"href":"http:\/\/www.wolpertingersfc.de\/index.php?rest_route=%2Fwp%2Fv2%2Ftags&post=3151"}],"curies":[{"name":"wp","href":"https:\/\/api.w.org\/{rel}","templated":true}]}}