{"id":3144,"date":"2019-08-27T11:11:05","date_gmt":"2019-08-27T09:11:05","guid":{"rendered":"http:\/\/www.wolpertingersfc.de\/?p=3144"},"modified":"2019-08-27T11:11:43","modified_gmt":"2019-08-27T09:11:43","slug":"wanderung-auf-dem-baenklesweg-rund-um-goenningen","status":"publish","type":"post","link":"http:\/\/www.wolpertingersfc.de\/?p=3144","title":{"rendered":"Wanderung auf dem B\u00e4nklesweg rund um G\u00f6nningen"},"content":{"rendered":"<p>Wir wollen am Sonntag, 15. September 2019 eine gem\u00fctliche Wanderung von ca. 10 km rund um G\u00f6nningen auf dem neuen B\u00e4nklesweg unternehmen. Treffpunkt ist um 11.00 Uhr am Parkplatz Lenzensteigle unterhalb des Wasserhochbeh\u00e4lters. Zum Abschluss wollen wir auf einer gegen\u00fcberliegenden Wiese den Nachmittag beim Grillen gem\u00fctlich ausklingen lassen. F\u00fcr Essen und Getr\u00e4nke wird gesorgt. Wer mitwandern will, sollte sich bitte bis zum 09. September bei mir anmelden klausdieter.modrow@wolpertingersfc.de<br \/>\nG\u00e4ste und Freunde des Wolpertinger Sport- und Freizeitclubs e.V. sind gerne willkommen.<\/p>\n<p>Bis dann,<br \/>\nKlaus-Dieter Modrow<\/p>\n","protected":false},"excerpt":{"rendered":"<p>Wir wollen am Sonntag, 15. September 2019 eine gem\u00fctliche Wanderung von ca. 10 km rund um G\u00f6nningen auf dem neuen B\u00e4nklesweg unternehmen. Treffpunkt ist um 11.00 Uhr am Parkplatz Lenzensteigle unterhalb des Wasserhochbeh\u00e4lters. Zum Abschluss wollen wir auf einer gegen\u00fcberliegenden Wiese den Nachmittag beim Grillen gem\u00fctlich ausklingen lassen. F\u00fcr Essen und Getr\u00e4nke wird gesorgt. Wer &hellip; <a href=\"http:\/\/www.wolpertingersfc.de\/?p=3144\" class=\"more-link\"><span class=\"screen-reader-text\">Wanderung auf dem B\u00e4nklesweg rund um G\u00f6nningen<\/span> weiterlesen<\/a><\/p>\n","protected":false},"author":1,"featured_media":0,"comment_status":"open","ping_status":"open","sticky":false,"template":"","format":"standard","meta":{"jetpack_post_was_ever_published":false,"_jetpack_newsletter_access":"","_jetpack_dont_email_post_to_subs":false,"_jetpack_newsletter_tier_id":0,"_jetpack_memberships_contains_paywalled_content":false,"_jetpack_memberships_contains_paid_content":false,"footnotes":"","jetpack_publicize_message":"","jetpack_publicize_feature_enabled":true,"jetpack_social_post_already_shared":true,"jetpack_social_options":{"image_generator_settings":{"template":"highway","default_image_id":0,"font":"","enabled":false},"version":2}},"categories":[1],"tags":[],"class_list":["post-3144","post","type-post","status-publish","format-standard","hentry","category-uncategorized"],"jetpack_publicize_connections":[],"jetpack_featured_media_url":"","jetpack_sharing_enabled":true,"jetpack_shortlink":"https:\/\/wp.me\/p8FTYK-OI","jetpack-related-posts":[{"id":3624,"url":"http:\/\/www.wolpertingersfc.de\/?p=3624","url_meta":{"origin":3144,"position":0},"title":"6. Januar-Wanderung 2024","author":"Wolpertingersfc","date":"12. November 2023","format":false,"excerpt":"Die traditionelle 6.Januar-Wanderung f\u00fchrt uns in diesem Jahr rund um den Sternberg bei Gomadingen. Wir treffen uns um 13.00 Uhr in G\u00f6nningen am Lokschuppen und fahren in Fahrgemeinschaften an den Wanderparkplatz am Sternberg zwischen Offenhausen und Bernloch. Die Tour f\u00fchrt und dann auf dem Premiumweg \u201eHochgesprudelt\u201c mit knapp 9 km\u2026","rel":"","context":"\u00c4hnlicher Beitrag","block_context":{"text":"\u00c4hnlicher Beitrag","link":""},"img":{"alt_text":"","src":"https:\/\/i0.wp.com\/www.wolpertingersfc.de\/wp-content\/uploads\/2023\/11\/Bild1-2.png?resize=350%2C200","width":350,"height":200},"classes":[]},{"id":3203,"url":"http:\/\/www.wolpertingersfc.de\/?p=3203","url_meta":{"origin":3144,"position":1},"title":"B\u00e4nkleswanderung der Wolpertinger am 15. September 2019","author":"Wolpertingersfc","date":"16. September 2019","format":false,"excerpt":"P\u00fcnktlich um 11 Uhr trafen sich vorletzten Sonntag 30 Wolpertinger und G\u00e4ste am Parkplatz Lenzensteigle zu einer Wanderung rund um G\u00f6nningen. Bei sommerlichem Wetter ging es erst \u00fcber die Plattach, dann bergauf Richtung Sch\u00fctzenhaus. Zuvor legten wir eine Pause beim Tennis- Familientag ein, um uns zu st\u00e4rken. Immer wieder konnten\u2026","rel":"","context":"\u00c4hnlicher Beitrag","block_context":{"text":"\u00c4hnlicher Beitrag","link":""},"img":{"alt_text":"","src":"https:\/\/i0.wp.com\/www.wolpertingersfc.de\/wp-content\/uploads\/2019\/09\/P1070282-1024x577.jpg?resize=350%2C200","width":350,"height":200,"srcset":"https:\/\/i0.wp.com\/www.wolpertingersfc.de\/wp-content\/uploads\/2019\/09\/P1070282-1024x577.jpg?resize=350%2C200 1x, https:\/\/i0.wp.com\/www.wolpertingersfc.de\/wp-content\/uploads\/2019\/09\/P1070282-1024x577.jpg?resize=525%2C300 1.5x, https:\/\/i0.wp.com\/www.wolpertingersfc.de\/wp-content\/uploads\/2019\/09\/P1070282-1024x577.jpg?resize=700%2C400 2x"},"classes":[]},{"id":3268,"url":"http:\/\/www.wolpertingersfc.de\/?p=3268","url_meta":{"origin":3144,"position":2},"title":"6. Januar-Wanderung 2020","author":"Wolpertingersfc","date":"15. Dezember 2019","format":false,"excerpt":"Die traditionelle 6.Januar-Wanderung f\u00fchrt uns in diesem Jahr von \u00d6schingen auf die Alb und wieder hinab ins Tal. Wir treffen uns um 13.30 Uhr in \u00d6schingen, Ecke Sch\u00f6nbergstr.\/Panoramaweg beim Wasserh\u00e4usle. Die Tour f\u00fchrt auf den Sch\u00f6nberg und um den Ro\u00dfberg. Bei einer Pause wollen wir das restliche Weihnachtgeb\u00e4ck genie\u00dfen. Gl\u00fchwein,\u2026","rel":"","context":"\u00c4hnlicher Beitrag","block_context":{"text":"\u00c4hnlicher Beitrag","link":""},"img":{"alt_text":"","src":"https:\/\/i0.wp.com\/www.wolpertingersfc.de\/wp-content\/uploads\/2019\/12\/Jan2-e1576411660534.png?resize=350%2C200","width":350,"height":200,"srcset":"https:\/\/i0.wp.com\/www.wolpertingersfc.de\/wp-content\/uploads\/2019\/12\/Jan2-e1576411660534.png?resize=350%2C200 1x, https:\/\/i0.wp.com\/www.wolpertingersfc.de\/wp-content\/uploads\/2019\/12\/Jan2-e1576411660534.png?resize=525%2C300 1.5x, https:\/\/i0.wp.com\/www.wolpertingersfc.de\/wp-content\/uploads\/2019\/12\/Jan2-e1576411660534.png?resize=700%2C400 2x, https:\/\/i0.wp.com\/www.wolpertingersfc.de\/wp-content\/uploads\/2019\/12\/Jan2-e1576411660534.png?resize=1050%2C600 3x"},"classes":[]},{"id":3680,"url":"http:\/\/www.wolpertingersfc.de\/?p=3680","url_meta":{"origin":3144,"position":3},"title":"Bouleplatz G\u00f6nningen &#8211; Spatenstich und Baubeginn","author":"Wolpertingersfc","date":"11. Juni 2024","format":false,"excerpt":"Wie ihr sicherlich schon aus der Presse vernommen habt, baut der Wolpertinger Sport- und Freizeitclub e.V. gemeinsam mit der TG G\u00f6nningen e.V. einen Bouleplatz auf dem Spielplatz B\u00e4ckergasse, direkt hinter unserem Nahversorger Hummel in der Ortsmitte von G\u00f6nningen. Der Spatenstich erfolgte am 07.06.24 unter Mitwirkung von Bezirksb\u00fcrgermeisterin Christel Pahl, Vertretern\u2026","rel":"","context":"\u00c4hnlicher Beitrag","block_context":{"text":"\u00c4hnlicher Beitrag","link":""},"img":{"alt_text":"","src":"https:\/\/i0.wp.com\/www.wolpertingersfc.de\/wp-content\/uploads\/2024\/06\/Baubeginn-scaled.jpg?resize=350%2C200","width":350,"height":200,"srcset":"https:\/\/i0.wp.com\/www.wolpertingersfc.de\/wp-content\/uploads\/2024\/06\/Baubeginn-scaled.jpg?resize=350%2C200 1x, https:\/\/i0.wp.com\/www.wolpertingersfc.de\/wp-content\/uploads\/2024\/06\/Baubeginn-scaled.jpg?resize=525%2C300 1.5x, https:\/\/i0.wp.com\/www.wolpertingersfc.de\/wp-content\/uploads\/2024\/06\/Baubeginn-scaled.jpg?resize=700%2C400 2x, https:\/\/i0.wp.com\/www.wolpertingersfc.de\/wp-content\/uploads\/2024\/06\/Baubeginn-scaled.jpg?resize=1050%2C600 3x, https:\/\/i0.wp.com\/www.wolpertingersfc.de\/wp-content\/uploads\/2024\/06\/Baubeginn-scaled.jpg?resize=1400%2C800 4x"},"classes":[]},{"id":3694,"url":"http:\/\/www.wolpertingersfc.de\/?p=3694","url_meta":{"origin":3144,"position":4},"title":"Wolpertinger Radtour vom 29.6.- 2.7.2024","author":"Wolpertingersfc","date":"4. Juli 2024","format":false,"excerpt":"Am fr\u00fchen Samstag starteten 20 Wolpertinger von U 30 bis \u00dc 80 in G\u00f6nningen ihre Tour. Bei gut 30 Grad radelten wir \u00fcber T\u00fcbingen, Herrenberg zur Mittagsrast nach Affst\u00e4tt, dann weiter nach Calw, wo eine Abk\u00fchlung mit Eisbecher und kalten Getr\u00e4nken dringend n\u00f6tig war. Nach 70 km erreichten wir unser\u2026","rel":"","context":"\u00c4hnlicher Beitrag","block_context":{"text":"\u00c4hnlicher Beitrag","link":""},"img":{"alt_text":"","src":"https:\/\/i0.wp.com\/www.wolpertingersfc.de\/wp-content\/uploads\/2024\/07\/2024-07-03-Gruppenbild-Radtour.jpg?resize=350%2C200","width":350,"height":200,"srcset":"https:\/\/i0.wp.com\/www.wolpertingersfc.de\/wp-content\/uploads\/2024\/07\/2024-07-03-Gruppenbild-Radtour.jpg?resize=350%2C200 1x, https:\/\/i0.wp.com\/www.wolpertingersfc.de\/wp-content\/uploads\/2024\/07\/2024-07-03-Gruppenbild-Radtour.jpg?resize=525%2C300 1.5x, https:\/\/i0.wp.com\/www.wolpertingersfc.de\/wp-content\/uploads\/2024\/07\/2024-07-03-Gruppenbild-Radtour.jpg?resize=700%2C400 2x, https:\/\/i0.wp.com\/www.wolpertingersfc.de\/wp-content\/uploads\/2024\/07\/2024-07-03-Gruppenbild-Radtour.jpg?resize=1050%2C600 3x, https:\/\/i0.wp.com\/www.wolpertingersfc.de\/wp-content\/uploads\/2024\/07\/2024-07-03-Gruppenbild-Radtour.jpg?resize=1400%2C800 4x"},"classes":[]},{"id":3601,"url":"http:\/\/www.wolpertingersfc.de\/?p=3601","url_meta":{"origin":3144,"position":5},"title":"Wolpertinger-Radtour 2023 17.-20.06.2023","author":"Wolpertingersfc","date":"28. Juli 2023","format":false,"excerpt":"Unsere diesj\u00e4hrige Wolpertinger-Radtour ging dieses Mal in das sch\u00f6ne Oberbayern. Unser Startpunkt der Tour war Gauting im S\u00fcden von M\u00fcnchen. Von dort aus radelten wir \u00fcber Schlehdorf am Kochelsee nach Fall am Sylvensteinsee, zum Walchensee zum Baden und wieder zur\u00fcck nach Gauting zu unserem Startpunkt. In 4 Tagen bew\u00e4ltigten wir\u2026","rel":"","context":"\u00c4hnlicher Beitrag","block_context":{"text":"\u00c4hnlicher Beitrag","link":""},"img":{"alt_text":"","src":"https:\/\/i0.wp.com\/www.wolpertingersfc.de\/wp-content\/uploads\/2023\/07\/Bild3.png?resize=350%2C200","width":350,"height":200,"srcset":"https:\/\/i0.wp.com\/www.wolpertingersfc.de\/wp-content\/uploads\/2023\/07\/Bild3.png?resize=350%2C200 1x, https:\/\/i0.wp.com\/www.wolpertingersfc.de\/wp-content\/uploads\/2023\/07\/Bild3.png?resize=525%2C300 1.5x"},"classes":[]}],"_links":{"self":[{"href":"http:\/\/www.wolpertingersfc.de\/index.php?rest_route=\/wp\/v2\/posts\/3144","targetHints":{"allow":["GET"]}}],"collection":[{"href":"http:\/\/www.wolpertingersfc.de\/index.php?rest_route=\/wp\/v2\/posts"}],"about":[{"href":"http:\/\/www.wolpertingersfc.de\/index.php?rest_route=\/wp\/v2\/types\/post"}],"author":[{"embeddable":true,"href":"http:\/\/www.wolpertingersfc.de\/index.php?rest_route=\/wp\/v2\/users\/1"}],"replies":[{"embeddable":true,"href":"http:\/\/www.wolpertingersfc.de\/index.php?rest_route=%2Fwp%2Fv2%2Fcomments&post=3144"}],"version-history":[{"count":1,"href":"http:\/\/www.wolpertingersfc.de\/index.php?rest_route=\/wp\/v2\/posts\/3144\/revisions"}],"predecessor-version":[{"id":3145,"href":"http:\/\/www.wolpertingersfc.de\/index.php?rest_route=\/wp\/v2\/posts\/3144\/revisions\/3145"}],"wp:attachment":[{"href":"http:\/\/www.wolpertingersfc.de\/index.php?rest_route=%2Fwp%2Fv2%2Fmedia&parent=3144"}],"wp:term":[{"taxonomy":"category","embeddable":true,"href":"http:\/\/www.wolpertingersfc.de\/index.php?rest_route=%2Fwp%2Fv2%2Fcategories&post=3144"},{"taxonomy":"post_tag","embeddable":true,"href":"http:\/\/www.wolpertingersfc.de\/index.php?rest_route=%2Fwp%2Fv2%2Ftags&post=3144"}],"curies":[{"name":"wp","href":"https:\/\/api.w.org\/{rel}","templated":true}]}}