{"id":3026,"date":"2019-07-21T19:29:01","date_gmt":"2019-07-21T17:29:01","guid":{"rendered":"http:\/\/www.wolpertingersfc.de\/?p=3026"},"modified":"2019-07-23T08:36:50","modified_gmt":"2019-07-23T06:36:50","slug":"klettertag-im-donautal","status":"publish","type":"post","link":"http:\/\/www.wolpertingersfc.de\/?p=3026","title":{"rendered":"Klettertag im Donautal"},"content":{"rendered":"<p>Eigentlich sollte es am Wochenende in die Allg\u00e4uer Berge gehen. Die Hermann-von-Barth-<a href=\"https:\/\/i0.wp.com\/www.wolpertingersfc.de\/wp-content\/uploads\/2019\/07\/P1070324-768x1024.jpg\" target=\"_blank\" rel=\"noopener noreferrer\"><img data-recalc-dims=\"1\" loading=\"lazy\" decoding=\"async\" data-attachment-id=\"3022\" data-permalink=\"http:\/\/www.wolpertingersfc.de\/?attachment_id=3022\" data-orig-file=\"https:\/\/i0.wp.com\/www.wolpertingersfc.de\/wp-content\/uploads\/2019\/07\/P1070324-768x1024.jpg?fit=768%2C1024\" data-orig-size=\"768,1024\" data-comments-opened=\"1\" data-image-meta=\"{&quot;aperture&quot;:&quot;3.3&quot;,&quot;credit&quot;:&quot;&quot;,&quot;camera&quot;:&quot;DMC-TZ61&quot;,&quot;caption&quot;:&quot;&quot;,&quot;created_timestamp&quot;:&quot;1563107822&quot;,&quot;copyright&quot;:&quot;&quot;,&quot;focal_length&quot;:&quot;4.3&quot;,&quot;iso&quot;:&quot;100&quot;,&quot;shutter_speed&quot;:&quot;0.008&quot;,&quot;title&quot;:&quot;&quot;,&quot;orientation&quot;:&quot;1&quot;}\" data-image-title=\"P1070324 (768&amp;#215;1024)\" data-image-description=\"\" data-image-caption=\"\" data-medium-file=\"https:\/\/i0.wp.com\/www.wolpertingersfc.de\/wp-content\/uploads\/2019\/07\/P1070324-768x1024.jpg?fit=225%2C300\" data-large-file=\"https:\/\/i0.wp.com\/www.wolpertingersfc.de\/wp-content\/uploads\/2019\/07\/P1070324-768x1024.jpg?fit=768%2C1024\" class=\"wp-image-3022 size-medium alignright\" src=\"https:\/\/i0.wp.com\/www.wolpertingersfc.de\/wp-content\/uploads\/2019\/07\/P1070324-768x1024.jpg?resize=225%2C300\" alt=\"\" width=\"225\" height=\"300\" srcset=\"https:\/\/i0.wp.com\/www.wolpertingersfc.de\/wp-content\/uploads\/2019\/07\/P1070324-768x1024.jpg?resize=225%2C300 225w, https:\/\/i0.wp.com\/www.wolpertingersfc.de\/wp-content\/uploads\/2019\/07\/P1070324-768x1024.jpg?resize=768%2C1024 768w, https:\/\/i0.wp.com\/www.wolpertingersfc.de\/wp-content\/uploads\/2019\/07\/P1070324-768x1024.jpg?resize=81%2C108 81w\" sizes=\"auto, (max-width: 225px) 100vw, 225px\" \/><\/a> <a href=\"https:\/\/i0.wp.com\/www.wolpertingersfc.de\/wp-content\/uploads\/2019\/07\/P1070283-768x1024.jpg\" target=\"_blank\" rel=\"noopener noreferrer\"><img data-recalc-dims=\"1\" loading=\"lazy\" decoding=\"async\" data-attachment-id=\"2999\" data-permalink=\"http:\/\/www.wolpertingersfc.de\/?attachment_id=2999\" data-orig-file=\"https:\/\/i0.wp.com\/www.wolpertingersfc.de\/wp-content\/uploads\/2019\/07\/P1070283-768x1024.jpg?fit=768%2C1024\" data-orig-size=\"768,1024\" data-comments-opened=\"1\" data-image-meta=\"{&quot;aperture&quot;:&quot;3.8&quot;,&quot;credit&quot;:&quot;&quot;,&quot;camera&quot;:&quot;DMC-TZ61&quot;,&quot;caption&quot;:&quot;&quot;,&quot;created_timestamp&quot;:&quot;1563101042&quot;,&quot;copyright&quot;:&quot;&quot;,&quot;focal_length&quot;:&quot;7.2&quot;,&quot;iso&quot;:&quot;100&quot;,&quot;shutter_speed&quot;:&quot;0.001&quot;,&quot;title&quot;:&quot;&quot;,&quot;orientation&quot;:&quot;1&quot;}\" data-image-title=\"P1070283 (768&amp;#215;1024)\" data-image-description=\"\" data-image-caption=\"\" data-medium-file=\"https:\/\/i0.wp.com\/www.wolpertingersfc.de\/wp-content\/uploads\/2019\/07\/P1070283-768x1024.jpg?fit=225%2C300\" data-large-file=\"https:\/\/i0.wp.com\/www.wolpertingersfc.de\/wp-content\/uploads\/2019\/07\/P1070283-768x1024.jpg?fit=768%2C1024\" class=\"wp-image-2999 size-medium alignleft\" src=\"https:\/\/i0.wp.com\/www.wolpertingersfc.de\/wp-content\/uploads\/2019\/07\/P1070283-768x1024.jpg?resize=225%2C300\" alt=\"\" width=\"225\" height=\"300\" srcset=\"https:\/\/i0.wp.com\/www.wolpertingersfc.de\/wp-content\/uploads\/2019\/07\/P1070283-768x1024.jpg?resize=225%2C300 225w, https:\/\/i0.wp.com\/www.wolpertingersfc.de\/wp-content\/uploads\/2019\/07\/P1070283-768x1024.jpg?resize=768%2C1024 768w, https:\/\/i0.wp.com\/www.wolpertingersfc.de\/wp-content\/uploads\/2019\/07\/P1070283-768x1024.jpg?resize=81%2C108 81w\" sizes=\"auto, (max-width: 225px) 100vw, 225px\" \/><\/a>H\u00fctte war gebucht, Aufstieg vom Lechtal. Aus der Wettervorhersage wurde aber immer deutlicher: das Klettern w\u00fcrde bei 5\u00b0C mit klammen Fingern und akuter Gewittergefahr stattfinden, und das sollte nicht sein. Also suchten wir, Gerold, G\u00fcnter, Hendrik, Sigi und Martin nach einer Alternative und landeten am Sonntagmorgen im Donautal bei angenehmen Temperaturen.<\/p>\n<p>Zun\u00e4chst stand unser erster Fels an, mit einem spitzen Grat, den es am Ende der Kletterei zu \u00fcbersteigen galt. Die ersten beiden Seill\u00e4ngen mit herrlicher aber anspruchsvoller Kletterei lagen bald hinter uns, auch dank der sorgf\u00e4ltigen Routenwahl unseres Vorsteigers Sigi, teilweise in Risskletterei.<\/p>\n<p>Beim Vorstieg in der 3. Seill\u00e4nge h\u00f6rte man Sigi laut denken \u201eWill ich da r\u00fcber &#8230;?\u201c und nach weiteren Seilmetern und dem Rollen einiger Steine kam das Kommando \u201eSeil wieder <a href=\"https:\/\/i0.wp.com\/www.wolpertingersfc.de\/wp-content\/uploads\/2019\/07\/P1070276-768x1024.jpg\" target=\"_blank\" rel=\"noopener noreferrer\"><img data-recalc-dims=\"1\" loading=\"lazy\" decoding=\"async\" data-attachment-id=\"2992\" data-permalink=\"http:\/\/www.wolpertingersfc.de\/?attachment_id=2992\" data-orig-file=\"https:\/\/i0.wp.com\/www.wolpertingersfc.de\/wp-content\/uploads\/2019\/07\/P1070276-768x1024.jpg?fit=768%2C1024\" data-orig-size=\"768,1024\" data-comments-opened=\"1\" data-image-meta=\"{&quot;aperture&quot;:&quot;5.6&quot;,&quot;credit&quot;:&quot;&quot;,&quot;camera&quot;:&quot;DMC-TZ61&quot;,&quot;caption&quot;:&quot;&quot;,&quot;created_timestamp&quot;:&quot;1563100598&quot;,&quot;copyright&quot;:&quot;&quot;,&quot;focal_length&quot;:&quot;47.5&quot;,&quot;iso&quot;:&quot;160&quot;,&quot;shutter_speed&quot;:&quot;0.0025&quot;,&quot;title&quot;:&quot;&quot;,&quot;orientation&quot;:&quot;1&quot;}\" data-image-title=\"P1070276 (768&amp;#215;1024)\" data-image-description=\"\" data-image-caption=\"\" data-medium-file=\"https:\/\/i0.wp.com\/www.wolpertingersfc.de\/wp-content\/uploads\/2019\/07\/P1070276-768x1024.jpg?fit=225%2C300\" data-large-file=\"https:\/\/i0.wp.com\/www.wolpertingersfc.de\/wp-content\/uploads\/2019\/07\/P1070276-768x1024.jpg?fit=768%2C1024\" class=\"wp-image-2992 size-medium alignleft\" src=\"https:\/\/i0.wp.com\/www.wolpertingersfc.de\/wp-content\/uploads\/2019\/07\/P1070276-768x1024.jpg?resize=225%2C300\" alt=\"\" width=\"225\" height=\"300\" srcset=\"https:\/\/i0.wp.com\/www.wolpertingersfc.de\/wp-content\/uploads\/2019\/07\/P1070276-768x1024.jpg?resize=225%2C300 225w, https:\/\/i0.wp.com\/www.wolpertingersfc.de\/wp-content\/uploads\/2019\/07\/P1070276-768x1024.jpg?resize=768%2C1024 768w, https:\/\/i0.wp.com\/www.wolpertingersfc.de\/wp-content\/uploads\/2019\/07\/P1070276-768x1024.jpg?resize=81%2C108 81w\" sizes=\"auto, (max-width: 225px) 100vw, 225px\" \/><\/a>einholen, komme zur\u00fcck\u201c. Zu br\u00fcchig war der Grat geworden und auch lange nicht mehr <a href=\"https:\/\/i0.wp.com\/www.wolpertingersfc.de\/wp-content\/uploads\/2019\/07\/P1070330-1024x768.jpg\" target=\"_blank\" rel=\"noopener noreferrer\"><img data-recalc-dims=\"1\" loading=\"lazy\" decoding=\"async\" data-attachment-id=\"3025\" data-permalink=\"http:\/\/www.wolpertingersfc.de\/?attachment_id=3025\" data-orig-file=\"https:\/\/i0.wp.com\/www.wolpertingersfc.de\/wp-content\/uploads\/2019\/07\/P1070330-1024x768.jpg?fit=1024%2C768\" data-orig-size=\"1024,768\" data-comments-opened=\"1\" data-image-meta=\"{&quot;aperture&quot;:&quot;3.3&quot;,&quot;credit&quot;:&quot;&quot;,&quot;camera&quot;:&quot;DMC-TZ61&quot;,&quot;caption&quot;:&quot;&quot;,&quot;created_timestamp&quot;:&quot;1563123571&quot;,&quot;copyright&quot;:&quot;&quot;,&quot;focal_length&quot;:&quot;4.3&quot;,&quot;iso&quot;:&quot;100&quot;,&quot;shutter_speed&quot;:&quot;0.0025&quot;,&quot;title&quot;:&quot;&quot;,&quot;orientation&quot;:&quot;1&quot;}\" data-image-title=\"P1070330 (1024&amp;#215;768)\" data-image-description=\"\" data-image-caption=\"\" data-medium-file=\"https:\/\/i0.wp.com\/www.wolpertingersfc.de\/wp-content\/uploads\/2019\/07\/P1070330-1024x768.jpg?fit=300%2C225\" data-large-file=\"https:\/\/i0.wp.com\/www.wolpertingersfc.de\/wp-content\/uploads\/2019\/07\/P1070330-1024x768.jpg?fit=863%2C647\" class=\"wp-image-3025 size-medium alignright\" src=\"https:\/\/i0.wp.com\/www.wolpertingersfc.de\/wp-content\/uploads\/2019\/07\/P1070330-1024x768.jpg?resize=300%2C225\" alt=\"\" width=\"300\" height=\"225\" srcset=\"https:\/\/i0.wp.com\/www.wolpertingersfc.de\/wp-content\/uploads\/2019\/07\/P1070330-1024x768.jpg?resize=300%2C225 300w, https:\/\/i0.wp.com\/www.wolpertingersfc.de\/wp-content\/uploads\/2019\/07\/P1070330-1024x768.jpg?resize=768%2C576 768w, https:\/\/i0.wp.com\/www.wolpertingersfc.de\/wp-content\/uploads\/2019\/07\/P1070330-1024x768.jpg?resize=1024%2C768 1024w, https:\/\/i0.wp.com\/www.wolpertingersfc.de\/wp-content\/uploads\/2019\/07\/P1070330-1024x768.jpg?resize=863%2C647 863w, https:\/\/i0.wp.com\/www.wolpertingersfc.de\/wp-content\/uploads\/2019\/07\/P1070330-1024x768.jpg?resize=144%2C108 144w\" sizes=\"auto, (max-width: 300px) 100vw, 300px\" \/><\/a>begangen. So war die 3. Seill\u00e4nge relativ kurz und wir konnten im Anschluss in einem St\u00fcck \u00fcber 40 m abseilen. Dies war wesentlich komfortabler als die sehr \u201eluftige\u201c \u00dcberschreitung der Kante.<\/p>\n<p>Nun war erst einmal Vesperpause an einer Donaubr\u00fccke angesagt, wo wir von einem vorwitzigen Wiesel beobachtet wurden, das sich erst nach und nach aus seiner Deckung wagte.<\/p>\n<p>Als zweite Herausforderung stand der Schaufels an. Aus den \u201epolierten\u201c Griffen konnte man schlie\u00dfen, dass wir bei weitem nicht die einzigen waren, die dort kletterten. Die zweite Seill\u00e4nge forderte zu Beginn einen beherzten Schritt nach links, sp\u00e4ter gab es eine Kaminkletterei, bei der Ziehen und Dr\u00fccken gefragt war, nat\u00fcrlich immer an der richtigen Stelle. So waren wir gut gefordert und kamen <a href=\"https:\/\/i0.wp.com\/www.wolpertingersfc.de\/wp-content\/uploads\/2019\/07\/P1070291-1024x768.jpg\" target=\"_blank\" rel=\"noopener noreferrer\"><img data-recalc-dims=\"1\" loading=\"lazy\" decoding=\"async\" data-attachment-id=\"3004\" data-permalink=\"http:\/\/www.wolpertingersfc.de\/?attachment_id=3004\" data-orig-file=\"https:\/\/i0.wp.com\/www.wolpertingersfc.de\/wp-content\/uploads\/2019\/07\/P1070291-1024x768.jpg?fit=1024%2C768\" data-orig-size=\"1024,768\" data-comments-opened=\"1\" data-image-meta=\"{&quot;aperture&quot;:&quot;5&quot;,&quot;credit&quot;:&quot;&quot;,&quot;camera&quot;:&quot;DMC-TZ61&quot;,&quot;caption&quot;:&quot;&quot;,&quot;created_timestamp&quot;:&quot;1563101894&quot;,&quot;copyright&quot;:&quot;&quot;,&quot;focal_length&quot;:&quot;17.5&quot;,&quot;iso&quot;:&quot;100&quot;,&quot;shutter_speed&quot;:&quot;0.002&quot;,&quot;title&quot;:&quot;&quot;,&quot;orientation&quot;:&quot;1&quot;}\" data-image-title=\"P1070291 (1024&amp;#215;768)\" data-image-description=\"\" data-image-caption=\"\" data-medium-file=\"https:\/\/i0.wp.com\/www.wolpertingersfc.de\/wp-content\/uploads\/2019\/07\/P1070291-1024x768.jpg?fit=300%2C225\" data-large-file=\"https:\/\/i0.wp.com\/www.wolpertingersfc.de\/wp-content\/uploads\/2019\/07\/P1070291-1024x768.jpg?fit=863%2C647\" class=\"wp-image-3004 size-medium alignright\" src=\"https:\/\/i0.wp.com\/www.wolpertingersfc.de\/wp-content\/uploads\/2019\/07\/P1070291-1024x768.jpg?resize=300%2C225\" alt=\"\" width=\"300\" height=\"225\" srcset=\"https:\/\/i0.wp.com\/www.wolpertingersfc.de\/wp-content\/uploads\/2019\/07\/P1070291-1024x768.jpg?resize=300%2C225 300w, https:\/\/i0.wp.com\/www.wolpertingersfc.de\/wp-content\/uploads\/2019\/07\/P1070291-1024x768.jpg?resize=768%2C576 768w, https:\/\/i0.wp.com\/www.wolpertingersfc.de\/wp-content\/uploads\/2019\/07\/P1070291-1024x768.jpg?resize=1024%2C768 1024w, https:\/\/i0.wp.com\/www.wolpertingersfc.de\/wp-content\/uploads\/2019\/07\/P1070291-1024x768.jpg?resize=863%2C647 863w, https:\/\/i0.wp.com\/www.wolpertingersfc.de\/wp-content\/uploads\/2019\/07\/P1070291-1024x768.jpg?resize=144%2C108 144w\" sizes=\"auto, (max-width: 300px) 100vw, 300px\" \/><\/a>mehr oder weniger ausgepowert aber gl\u00fccklich oben an. Nach zwei Abseill\u00e4ngen mit Zwischenstand in der Botanik waren wir alle wieder wohlbehalten und ohne Regen unten im T\u00e4le.<\/p>\n<p>In einem sch\u00f6nen Lokal im Donautal mit umherlaufenden H\u00fchnern lie\u00dfen wir den wundersch\u00f6nen Tag bei Weizenbier und Essen ausklingen. Vielen Dank den Vorsteigern Sigi und G\u00fcnter f\u00fcr die sichere und erlebnisreiche Routenplanung und -f\u00fchrung.<\/p>\n<p>&nbsp;<\/p>\n<p>Martin Hornberger<\/p>\n<p><a href=\"http:\/\/www.wolpertingersfc.de\/?page_id=3043\" target=\"_blank\" rel=\"noopener noreferrer\">weitere Bilder hier<\/a><\/p>\n","protected":false},"excerpt":{"rendered":"<p>Eigentlich sollte es am Wochenende in die Allg\u00e4uer Berge gehen. Die Hermann-von-Barth- H\u00fctte war gebucht, Aufstieg vom Lechtal. Aus der Wettervorhersage wurde aber immer deutlicher: das Klettern w\u00fcrde bei 5\u00b0C mit klammen Fingern und akuter Gewittergefahr stattfinden, und das sollte nicht sein. Also suchten wir, Gerold, G\u00fcnter, Hendrik, Sigi und Martin nach einer Alternative und &hellip; <a href=\"http:\/\/www.wolpertingersfc.de\/?p=3026\" class=\"more-link\"><span class=\"screen-reader-text\">Klettertag im Donautal<\/span> weiterlesen<\/a><\/p>\n","protected":false},"author":1,"featured_media":0,"comment_status":"open","ping_status":"open","sticky":false,"template":"","format":"standard","meta":{"jetpack_post_was_ever_published":false,"_jetpack_newsletter_access":"","_jetpack_dont_email_post_to_subs":false,"_jetpack_newsletter_tier_id":0,"_jetpack_memberships_contains_paywalled_content":false,"_jetpack_memberships_contains_paid_content":false,"footnotes":"","jetpack_publicize_message":"","jetpack_publicize_feature_enabled":true,"jetpack_social_post_already_shared":true,"jetpack_social_options":{"image_generator_settings":{"template":"highway","default_image_id":0,"font":"","enabled":false},"version":2}},"categories":[13],"tags":[],"class_list":["post-3026","post","type-post","status-publish","format-standard","hentry","category-klettern"],"jetpack_publicize_connections":[],"jetpack_featured_media_url":"","jetpack_sharing_enabled":true,"jetpack_shortlink":"https:\/\/wp.me\/p8FTYK-MO","jetpack-related-posts":[{"id":2351,"url":"http:\/\/www.wolpertingersfc.de\/?p=2351","url_meta":{"origin":3026,"position":0},"title":"Einweihung Kletterwanderweiterung &#038; Tag der offenen T\u00fcr des Evangelischen Kindergartens","author":"Wolpertingersfc","date":"5. Mai 2018","format":false,"excerpt":"Gleich zwei Anl\u00e4sse gab es am Samstag, 5. Mai im Garten des Evangelischen Kindergartens bei sch\u00f6nstem Fr\u00fchsommerwetter zu feiern: Die Einweihung der Wolpertinger-Kletterwanderweiterung und den Tag der offenen T\u00fcr des Evangelischen Kindergartens. Eine tolle Atmosph\u00e4re nutzten viele zum Kennenlernen der Kletterwand und des Kindergartens: Eltern und Kinder, auch viele ehemalige,\u2026","rel":"","context":"In &quot;Klettern&quot;","block_context":{"text":"Klettern","link":"http:\/\/www.wolpertingersfc.de\/?cat=13"},"img":{"alt_text":"","src":"https:\/\/i0.wp.com\/www.wolpertingersfc.de\/wp-content\/uploads\/2018\/05\/P1060145-1280x721-768x433.jpg?resize=350%2C200","width":350,"height":200,"srcset":"https:\/\/i0.wp.com\/www.wolpertingersfc.de\/wp-content\/uploads\/2018\/05\/P1060145-1280x721-768x433.jpg?resize=350%2C200 1x, https:\/\/i0.wp.com\/www.wolpertingersfc.de\/wp-content\/uploads\/2018\/05\/P1060145-1280x721-768x433.jpg?resize=525%2C300 1.5x, https:\/\/i0.wp.com\/www.wolpertingersfc.de\/wp-content\/uploads\/2018\/05\/P1060145-1280x721-768x433.jpg?resize=700%2C400 2x"},"classes":[]},{"id":3777,"url":"http:\/\/www.wolpertingersfc.de\/?p=3777","url_meta":{"origin":3026,"position":1},"title":"Wolpertinger Erste Hilfe Kurs","author":"Wolpertingersfc","date":"15. Oktober 2025","format":false,"excerpt":"Einige Taucher ben\u00f6tigen das DLRG-Rettungsabzeichen in Silber, wof\u00fcr ein aktueller Erste-Hilfe-Kurs Voraussetzung ist. Daher entstand die Idee, einen eigenen Kurs zu organisieren, der von einem zertifizierten Ausbilder geleitet wird. Sollte es noch freie Pl\u00e4tze geben, k\u00f6nnten auch \u00dcbungsleiter aus anderen Abteilungen teilnehmen. Am Ende wurde der Kurs f\u00fcr alle Mitglieder\u2026","rel":"","context":"\u00c4hnlicher Beitrag","block_context":{"text":"\u00c4hnlicher Beitrag","link":""},"img":{"alt_text":"","src":"https:\/\/i0.wp.com\/www.wolpertingersfc.de\/wp-content\/uploads\/2025\/10\/Bild1.png?resize=350%2C200","width":350,"height":200},"classes":[]},{"id":2034,"url":"http:\/\/www.wolpertingersfc.de\/?p=2034","url_meta":{"origin":3026,"position":2},"title":"Kletterwand wurde erweitert","author":"Wolpertingersfc","date":"13. November 2017","format":false,"excerpt":"Aktuelles von der Abteilung Klettern: Die Erweiterung der Kletterwand ist fertiggestellt, ein Einweihungsfest ist f\u00fcr das Fr\u00fchjahr 2018 geplant. \u00a0 Weitere Bilder unter Klettern - Galerie \u00a0","rel":"","context":"In &quot;Klettern&quot;","block_context":{"text":"Klettern","link":"http:\/\/www.wolpertingersfc.de\/?cat=13"},"img":{"alt_text":"","src":"https:\/\/i0.wp.com\/www.wolpertingersfc.de\/wp-content\/uploads\/2017\/11\/P1070773-1000x750-150x150.jpg?resize=350%2C200","width":350,"height":200},"classes":[]},{"id":2629,"url":"http:\/\/www.wolpertingersfc.de\/?p=2629","url_meta":{"origin":3026,"position":3},"title":"Frohes Fest und guter Rutsch","author":"Siegfried Randecker","date":"17. Dezember 2018","format":false,"excerpt":"Wir w\u00fcnschen allen unseren Mitgliedern, Trainern, \u00dcbungsleitern und Helfern sowie allen Freunden und Bekannten ein frohes Weihnachtsfest und ein erfolgreiches, gl\u00fcckliches, sportlich aktives sowie gesundes Jahr 2019. P\u00fcnktlich zum Schulanfang im Januar 2019 beginnen wir wieder mit unserem bew\u00e4hrten Sportprogramm und w\u00fcrden uns freuen, wenn wir euch\/sie in unserem Verein\u2026","rel":"","context":"\u00c4hnlicher Beitrag","block_context":{"text":"\u00c4hnlicher Beitrag","link":""},"img":{"alt_text":"","src":"https:\/\/i0.wp.com\/www.wolpertingersfc.de\/wp-content\/uploads\/2018\/12\/Weihnachtsbaum-266x300.jpg?resize=350%2C200","width":350,"height":200},"classes":[]},{"id":2927,"url":"http:\/\/www.wolpertingersfc.de\/?p=2927","url_meta":{"origin":3026,"position":4},"title":"Wolpertinger-Radtour 2019 &#8211; 8.-11.06.2019","author":"Wolpertingersfc","date":"18. Juni 2019","format":false,"excerpt":"Unsere allj\u00e4hrliche beliebte Wolpertinger-Radtour ging dieses Mal von Ingolstadt durch das sch\u00f6ne Altm\u00fchltal nach N\u00fcrnberg. Am fr\u00fchen Samstagmorgen trafen sich 20 Radler, um mit Bus und Bahn nach Ingolstadt zu fahren. Dort gesellte sich der 21. Radler der Gruppe hinzu. Ute und Gerold fuhren mit dem Begleitfahrzeug und dem Fahrradanh\u00e4nger\u2026","rel":"","context":"In &quot;Radsport&quot;","block_context":{"text":"Radsport","link":"http:\/\/www.wolpertingersfc.de\/?cat=14"},"img":{"alt_text":"","src":"https:\/\/i0.wp.com\/www.wolpertingersfc.de\/wp-content\/uploads\/2019\/06\/Bild_3.jpg?resize=350%2C200","width":350,"height":200,"srcset":"https:\/\/i0.wp.com\/www.wolpertingersfc.de\/wp-content\/uploads\/2019\/06\/Bild_3.jpg?resize=350%2C200 1x, https:\/\/i0.wp.com\/www.wolpertingersfc.de\/wp-content\/uploads\/2019\/06\/Bild_3.jpg?resize=525%2C300 1.5x, https:\/\/i0.wp.com\/www.wolpertingersfc.de\/wp-content\/uploads\/2019\/06\/Bild_3.jpg?resize=700%2C400 2x, https:\/\/i0.wp.com\/www.wolpertingersfc.de\/wp-content\/uploads\/2019\/06\/Bild_3.jpg?resize=1050%2C600 3x, https:\/\/i0.wp.com\/www.wolpertingersfc.de\/wp-content\/uploads\/2019\/06\/Bild_3.jpg?resize=1400%2C800 4x"},"classes":[]},{"id":3530,"url":"http:\/\/www.wolpertingersfc.de\/?p=3530","url_meta":{"origin":3026,"position":5},"title":"Abseilen vom K\u00e4pfle","author":"Wolpertingersfc","date":"18. Oktober 2022","format":false,"excerpt":"Am Abend des 05. Juli trafen wir uns bei bestem Sommerwetter mit Sigi, unserem Klettertrainer, am K\u00e4pfle. Wir alle waren schon gespannt auf die Herausforderung beim \u201eAbseilen aus gro\u00dfer H\u00f6he\u201c. Auf dem Turm erkl\u00e4rte uns Sigi als erstes die Abseiltechnik. Anschlie\u00dfend baute Sigi die Seile zur Sicherung auf. Nach der\u2026","rel":"","context":"\u00c4hnlicher Beitrag","block_context":{"text":"\u00c4hnlicher Beitrag","link":""},"img":{"alt_text":"","src":"https:\/\/i0.wp.com\/www.wolpertingersfc.de\/wp-content\/uploads\/2022\/10\/20220705_191504-169x300.jpeg?resize=350%2C200","width":350,"height":200},"classes":[]}],"_links":{"self":[{"href":"http:\/\/www.wolpertingersfc.de\/index.php?rest_route=\/wp\/v2\/posts\/3026","targetHints":{"allow":["GET"]}}],"collection":[{"href":"http:\/\/www.wolpertingersfc.de\/index.php?rest_route=\/wp\/v2\/posts"}],"about":[{"href":"http:\/\/www.wolpertingersfc.de\/index.php?rest_route=\/wp\/v2\/types\/post"}],"author":[{"embeddable":true,"href":"http:\/\/www.wolpertingersfc.de\/index.php?rest_route=\/wp\/v2\/users\/1"}],"replies":[{"embeddable":true,"href":"http:\/\/www.wolpertingersfc.de\/index.php?rest_route=%2Fwp%2Fv2%2Fcomments&post=3026"}],"version-history":[{"count":27,"href":"http:\/\/www.wolpertingersfc.de\/index.php?rest_route=\/wp\/v2\/posts\/3026\/revisions"}],"predecessor-version":[{"id":3063,"href":"http:\/\/www.wolpertingersfc.de\/index.php?rest_route=\/wp\/v2\/posts\/3026\/revisions\/3063"}],"wp:attachment":[{"href":"http:\/\/www.wolpertingersfc.de\/index.php?rest_route=%2Fwp%2Fv2%2Fmedia&parent=3026"}],"wp:term":[{"taxonomy":"category","embeddable":true,"href":"http:\/\/www.wolpertingersfc.de\/index.php?rest_route=%2Fwp%2Fv2%2Fcategories&post=3026"},{"taxonomy":"post_tag","embeddable":true,"href":"http:\/\/www.wolpertingersfc.de\/index.php?rest_route=%2Fwp%2Fv2%2Ftags&post=3026"}],"curies":[{"name":"wp","href":"https:\/\/api.w.org\/{rel}","templated":true}]}}