{"id":2971,"date":"2019-07-11T12:48:20","date_gmt":"2019-07-11T10:48:20","guid":{"rendered":"http:\/\/www.wolpertingersfc.de\/?p=2971"},"modified":"2019-07-11T12:57:06","modified_gmt":"2019-07-11T10:57:06","slug":"paddelwochenende-in-ueberlingen-vom-28-30-06-2019","status":"publish","type":"post","link":"http:\/\/www.wolpertingersfc.de\/?p=2971","title":{"rendered":"Paddelwochenende in \u00dcberlingen vom 28.-30.06.2019"},"content":{"rendered":"<p>Am Freitagmittag machten sich 11 Wolpertinger, teils mit dem Fahrrad,<br \/>\nbei hochsommerlichen Temperaturen auf an den Bodensee.<a href=\"https:\/\/i0.wp.com\/www.wolpertingersfc.de\/wp-content\/uploads\/2019\/07\/IMG-20190702-WA0000.jpg\" target=\"_blank\" rel=\"noopener noreferrer\"><img data-recalc-dims=\"1\" loading=\"lazy\" decoding=\"async\" data-attachment-id=\"2972\" data-permalink=\"http:\/\/www.wolpertingersfc.de\/?attachment_id=2972\" data-orig-file=\"https:\/\/i0.wp.com\/www.wolpertingersfc.de\/wp-content\/uploads\/2019\/07\/IMG-20190702-WA0000.jpg?fit=900%2C1600\" data-orig-size=\"900,1600\" data-comments-opened=\"1\" data-image-meta=\"{&quot;aperture&quot;:&quot;0&quot;,&quot;credit&quot;:&quot;&quot;,&quot;camera&quot;:&quot;&quot;,&quot;caption&quot;:&quot;&quot;,&quot;created_timestamp&quot;:&quot;0&quot;,&quot;copyright&quot;:&quot;&quot;,&quot;focal_length&quot;:&quot;0&quot;,&quot;iso&quot;:&quot;0&quot;,&quot;shutter_speed&quot;:&quot;0&quot;,&quot;title&quot;:&quot;&quot;,&quot;orientation&quot;:&quot;0&quot;}\" data-image-title=\"IMG-20190702-WA0000\" data-image-description=\"\" data-image-caption=\"\" data-medium-file=\"https:\/\/i0.wp.com\/www.wolpertingersfc.de\/wp-content\/uploads\/2019\/07\/IMG-20190702-WA0000.jpg?fit=169%2C300\" data-large-file=\"https:\/\/i0.wp.com\/www.wolpertingersfc.de\/wp-content\/uploads\/2019\/07\/IMG-20190702-WA0000.jpg?fit=576%2C1024\" class=\"wp-image-2972 size-medium alignright\" src=\"https:\/\/i0.wp.com\/www.wolpertingersfc.de\/wp-content\/uploads\/2019\/07\/IMG-20190702-WA0000.jpg?resize=169%2C300\" alt=\"\" width=\"169\" height=\"300\" srcset=\"https:\/\/i0.wp.com\/www.wolpertingersfc.de\/wp-content\/uploads\/2019\/07\/IMG-20190702-WA0000.jpg?resize=169%2C300 169w, https:\/\/i0.wp.com\/www.wolpertingersfc.de\/wp-content\/uploads\/2019\/07\/IMG-20190702-WA0000.jpg?resize=768%2C1365 768w, https:\/\/i0.wp.com\/www.wolpertingersfc.de\/wp-content\/uploads\/2019\/07\/IMG-20190702-WA0000.jpg?resize=576%2C1024 576w, https:\/\/i0.wp.com\/www.wolpertingersfc.de\/wp-content\/uploads\/2019\/07\/IMG-20190702-WA0000.jpg?resize=863%2C1534 863w, https:\/\/i0.wp.com\/www.wolpertingersfc.de\/wp-content\/uploads\/2019\/07\/IMG-20190702-WA0000.jpg?resize=61%2C108 61w, https:\/\/i0.wp.com\/www.wolpertingersfc.de\/wp-content\/uploads\/2019\/07\/IMG-20190702-WA0000.jpg?w=900 900w\" sizes=\"auto, (max-width: 169px) 100vw, 169px\" \/><\/a><\/p>\n<p>Sobald die Zelte standen, zog es jeden magisch ins herrliche Wasser. Bis Sonnenuntergang konnte man die schneebedeckten Berge sehen und es war ein tolles Schwimmerlebnis. Um 7 Uhr morgens zog es die ersten schon wieder in den See. Ein ausgiebiges Fr\u00fchst\u00fcck mit frischen Weckle st\u00e4rkte uns f\u00fcr die Paddeltour \u00fcber den See nach Dingelsdorf, Wallhausen, Richtung Marienschlucht und wieder r\u00fcber nach \u00dcberlingen. Dort zogen wir die Kajaks an Land, um traditionell die Eisdiele zu besuchen. Der R\u00fcckweg zum Paddelclub war schnell geschafft, es wurde auch sehr hei\u00df. Gem\u00fctlich konnte nun jeder lesen, Karten spielen, Eskimorolle \u00fcben, Kaffee trinken und immer mal wieder ins Wasser springen. Gegrillt wurde dann Mitgebrachtes, es gab leckere Salate dazu und der Abend war wieder kurzweilig mit Karten klopfen, netten Gespr\u00e4chen und einem wunderbaren Sternenhimmel.<\/p>\n<p>Auch am Sonntag zog es die meisten schon sehr fr\u00fch zum ersten Schwimmen. Nach dem Fr\u00fchst\u00fcckteilte sich die Gruppe. Sechs Kajakfahrer machten eine gro\u00dfe Tour vorbei an Nu\u00dfdorf nach Unteruhldingen zu denPfahlbauten. Es war bestimmt interessant aber auch anstrengend bei 35 Grad. Die andere Gruppe \u00fcbte sich teils in Stand-up-paddeln oder genoss die Ruhe mit einem guten Buch. Wie jedes Jahr tranken wir zusammen Kaffee, s\u00e4mtliche Reste wurden vertilgt und danach begann das Zusammenpacken und die Heimfahrt &#8211; einer wieder mit dem Rad.<\/p>\n<p>Leider hatte auch dieses sch\u00f6ne Wochenende ein Ende aber wir freuen uns schon aufs n\u00e4chste Jahr!<\/p>\n<p>Herzlich bedanken m\u00f6chten wir uns bei Markus f\u00fcr die j\u00e4hrliche Einladung zum Paddelclub \u00dcberlingen und nat\u00fcrlich<\/p>\n<p>Ute und Gerold f\u00fcr die prima Organisation.<\/p>\n<p>Karin Spohn<\/p>\n<p><a href=\"https:\/\/i0.wp.com\/www.wolpertingersfc.de\/wp-content\/uploads\/2019\/07\/IMG-20190702-WA0001.jpg\" target=\"_blank\" rel=\"noopener noreferrer\"><img data-recalc-dims=\"1\" loading=\"lazy\" decoding=\"async\" data-attachment-id=\"2973\" data-permalink=\"http:\/\/www.wolpertingersfc.de\/?attachment_id=2973\" data-orig-file=\"https:\/\/i0.wp.com\/www.wolpertingersfc.de\/wp-content\/uploads\/2019\/07\/IMG-20190702-WA0001.jpg?fit=1600%2C900\" data-orig-size=\"1600,900\" data-comments-opened=\"1\" data-image-meta=\"{&quot;aperture&quot;:&quot;0&quot;,&quot;credit&quot;:&quot;&quot;,&quot;camera&quot;:&quot;&quot;,&quot;caption&quot;:&quot;&quot;,&quot;created_timestamp&quot;:&quot;0&quot;,&quot;copyright&quot;:&quot;&quot;,&quot;focal_length&quot;:&quot;0&quot;,&quot;iso&quot;:&quot;0&quot;,&quot;shutter_speed&quot;:&quot;0&quot;,&quot;title&quot;:&quot;&quot;,&quot;orientation&quot;:&quot;0&quot;}\" data-image-title=\"IMG-20190702-WA0001\" data-image-description=\"\" data-image-caption=\"\" data-medium-file=\"https:\/\/i0.wp.com\/www.wolpertingersfc.de\/wp-content\/uploads\/2019\/07\/IMG-20190702-WA0001.jpg?fit=300%2C169\" data-large-file=\"https:\/\/i0.wp.com\/www.wolpertingersfc.de\/wp-content\/uploads\/2019\/07\/IMG-20190702-WA0001.jpg?fit=863%2C485\" class=\"wp-image-2973 alignnone\" src=\"https:\/\/i0.wp.com\/www.wolpertingersfc.de\/wp-content\/uploads\/2019\/07\/IMG-20190702-WA0001.jpg?resize=222%2C125\" alt=\"\" width=\"222\" height=\"125\" srcset=\"https:\/\/i0.wp.com\/www.wolpertingersfc.de\/wp-content\/uploads\/2019\/07\/IMG-20190702-WA0001.jpg?resize=300%2C169 300w, https:\/\/i0.wp.com\/www.wolpertingersfc.de\/wp-content\/uploads\/2019\/07\/IMG-20190702-WA0001.jpg?resize=768%2C432 768w, https:\/\/i0.wp.com\/www.wolpertingersfc.de\/wp-content\/uploads\/2019\/07\/IMG-20190702-WA0001.jpg?resize=1024%2C576 1024w, https:\/\/i0.wp.com\/www.wolpertingersfc.de\/wp-content\/uploads\/2019\/07\/IMG-20190702-WA0001.jpg?resize=863%2C485 863w, https:\/\/i0.wp.com\/www.wolpertingersfc.de\/wp-content\/uploads\/2019\/07\/IMG-20190702-WA0001.jpg?resize=192%2C108 192w, https:\/\/i0.wp.com\/www.wolpertingersfc.de\/wp-content\/uploads\/2019\/07\/IMG-20190702-WA0001.jpg?w=1600 1600w\" sizes=\"auto, (max-width: 222px) 100vw, 222px\" \/><\/a><a href=\"https:\/\/i0.wp.com\/www.wolpertingersfc.de\/wp-content\/uploads\/2019\/07\/IMG-20190702-WA0003.jpg\" target=\"_blank\" rel=\"noopener noreferrer\"><img data-recalc-dims=\"1\" loading=\"lazy\" decoding=\"async\" data-attachment-id=\"2975\" data-permalink=\"http:\/\/www.wolpertingersfc.de\/?attachment_id=2975\" data-orig-file=\"https:\/\/i0.wp.com\/www.wolpertingersfc.de\/wp-content\/uploads\/2019\/07\/IMG-20190702-WA0003.jpg?fit=1600%2C900\" data-orig-size=\"1600,900\" data-comments-opened=\"1\" data-image-meta=\"{&quot;aperture&quot;:&quot;0&quot;,&quot;credit&quot;:&quot;&quot;,&quot;camera&quot;:&quot;&quot;,&quot;caption&quot;:&quot;&quot;,&quot;created_timestamp&quot;:&quot;0&quot;,&quot;copyright&quot;:&quot;&quot;,&quot;focal_length&quot;:&quot;0&quot;,&quot;iso&quot;:&quot;0&quot;,&quot;shutter_speed&quot;:&quot;0&quot;,&quot;title&quot;:&quot;&quot;,&quot;orientation&quot;:&quot;0&quot;}\" data-image-title=\"IMG-20190702-WA0003\" data-image-description=\"\" data-image-caption=\"\" data-medium-file=\"https:\/\/i0.wp.com\/www.wolpertingersfc.de\/wp-content\/uploads\/2019\/07\/IMG-20190702-WA0003.jpg?fit=300%2C169\" data-large-file=\"https:\/\/i0.wp.com\/www.wolpertingersfc.de\/wp-content\/uploads\/2019\/07\/IMG-20190702-WA0003.jpg?fit=863%2C485\" class=\"wp-image-2975 alignnone\" src=\"https:\/\/i0.wp.com\/www.wolpertingersfc.de\/wp-content\/uploads\/2019\/07\/IMG-20190702-WA0003.jpg?resize=222%2C125\" alt=\"\" width=\"222\" height=\"125\" srcset=\"https:\/\/i0.wp.com\/www.wolpertingersfc.de\/wp-content\/uploads\/2019\/07\/IMG-20190702-WA0003.jpg?resize=300%2C169 300w, https:\/\/i0.wp.com\/www.wolpertingersfc.de\/wp-content\/uploads\/2019\/07\/IMG-20190702-WA0003.jpg?resize=768%2C432 768w, https:\/\/i0.wp.com\/www.wolpertingersfc.de\/wp-content\/uploads\/2019\/07\/IMG-20190702-WA0003.jpg?resize=1024%2C576 1024w, https:\/\/i0.wp.com\/www.wolpertingersfc.de\/wp-content\/uploads\/2019\/07\/IMG-20190702-WA0003.jpg?resize=863%2C485 863w, https:\/\/i0.wp.com\/www.wolpertingersfc.de\/wp-content\/uploads\/2019\/07\/IMG-20190702-WA0003.jpg?resize=192%2C108 192w, https:\/\/i0.wp.com\/www.wolpertingersfc.de\/wp-content\/uploads\/2019\/07\/IMG-20190702-WA0003.jpg?w=1600 1600w\" sizes=\"auto, (max-width: 222px) 100vw, 222px\" \/><\/a><a href=\"https:\/\/i0.wp.com\/www.wolpertingersfc.de\/wp-content\/uploads\/2019\/07\/IMG-20190702-WA0002.jpg\" target=\"_blank\" rel=\"noopener noreferrer\"><img data-recalc-dims=\"1\" loading=\"lazy\" decoding=\"async\" data-attachment-id=\"2974\" data-permalink=\"http:\/\/www.wolpertingersfc.de\/?attachment_id=2974\" data-orig-file=\"https:\/\/i0.wp.com\/www.wolpertingersfc.de\/wp-content\/uploads\/2019\/07\/IMG-20190702-WA0002.jpg?fit=1600%2C900\" data-orig-size=\"1600,900\" data-comments-opened=\"1\" data-image-meta=\"{&quot;aperture&quot;:&quot;0&quot;,&quot;credit&quot;:&quot;&quot;,&quot;camera&quot;:&quot;&quot;,&quot;caption&quot;:&quot;&quot;,&quot;created_timestamp&quot;:&quot;0&quot;,&quot;copyright&quot;:&quot;&quot;,&quot;focal_length&quot;:&quot;0&quot;,&quot;iso&quot;:&quot;0&quot;,&quot;shutter_speed&quot;:&quot;0&quot;,&quot;title&quot;:&quot;&quot;,&quot;orientation&quot;:&quot;0&quot;}\" data-image-title=\"IMG-20190702-WA0002\" data-image-description=\"\" data-image-caption=\"\" data-medium-file=\"https:\/\/i0.wp.com\/www.wolpertingersfc.de\/wp-content\/uploads\/2019\/07\/IMG-20190702-WA0002.jpg?fit=300%2C169\" data-large-file=\"https:\/\/i0.wp.com\/www.wolpertingersfc.de\/wp-content\/uploads\/2019\/07\/IMG-20190702-WA0002.jpg?fit=863%2C485\" class=\"wp-image-2974 alignnone\" src=\"https:\/\/i0.wp.com\/www.wolpertingersfc.de\/wp-content\/uploads\/2019\/07\/IMG-20190702-WA0002.jpg?resize=222%2C125\" alt=\"\" width=\"222\" height=\"125\" srcset=\"https:\/\/i0.wp.com\/www.wolpertingersfc.de\/wp-content\/uploads\/2019\/07\/IMG-20190702-WA0002.jpg?resize=300%2C169 300w, https:\/\/i0.wp.com\/www.wolpertingersfc.de\/wp-content\/uploads\/2019\/07\/IMG-20190702-WA0002.jpg?resize=768%2C432 768w, https:\/\/i0.wp.com\/www.wolpertingersfc.de\/wp-content\/uploads\/2019\/07\/IMG-20190702-WA0002.jpg?resize=1024%2C576 1024w, https:\/\/i0.wp.com\/www.wolpertingersfc.de\/wp-content\/uploads\/2019\/07\/IMG-20190702-WA0002.jpg?resize=863%2C485 863w, https:\/\/i0.wp.com\/www.wolpertingersfc.de\/wp-content\/uploads\/2019\/07\/IMG-20190702-WA0002.jpg?resize=192%2C108 192w, https:\/\/i0.wp.com\/www.wolpertingersfc.de\/wp-content\/uploads\/2019\/07\/IMG-20190702-WA0002.jpg?w=1600 1600w\" sizes=\"auto, (max-width: 222px) 100vw, 222px\" \/><\/a><\/p>\n","protected":false},"excerpt":{"rendered":"<p>Am Freitagmittag machten sich 11 Wolpertinger, teils mit dem Fahrrad, bei hochsommerlichen Temperaturen auf an den Bodensee. Sobald die Zelte standen, zog es jeden magisch ins herrliche Wasser. Bis Sonnenuntergang konnte man die schneebedeckten Berge sehen und es war ein tolles Schwimmerlebnis. Um 7 Uhr morgens zog es die ersten schon wieder in den See. &hellip; <a href=\"http:\/\/www.wolpertingersfc.de\/?p=2971\" class=\"more-link\"><span class=\"screen-reader-text\">Paddelwochenende in \u00dcberlingen vom 28.-30.06.2019<\/span> weiterlesen<\/a><\/p>\n","protected":false},"author":1,"featured_media":0,"comment_status":"open","ping_status":"open","sticky":false,"template":"","format":"standard","meta":{"jetpack_post_was_ever_published":false,"_jetpack_newsletter_access":"","_jetpack_dont_email_post_to_subs":false,"_jetpack_newsletter_tier_id":0,"_jetpack_memberships_contains_paywalled_content":false,"_jetpack_memberships_contains_paid_content":false,"footnotes":"","jetpack_publicize_message":"","jetpack_publicize_feature_enabled":true,"jetpack_social_post_already_shared":true,"jetpack_social_options":{"image_generator_settings":{"template":"highway","default_image_id":0,"font":"","enabled":false},"version":2}},"categories":[1,12],"tags":[],"class_list":["post-2971","post","type-post","status-publish","format-standard","hentry","category-uncategorized","category-kajak"],"jetpack_publicize_connections":[],"jetpack_featured_media_url":"","jetpack_sharing_enabled":true,"jetpack_shortlink":"https:\/\/wp.me\/p8FTYK-LV","jetpack-related-posts":[{"id":3690,"url":"http:\/\/www.wolpertingersfc.de\/?p=3690","url_meta":{"origin":2971,"position":0},"title":"Paddelwochenende in \u00dcberlingen vom 14.-16.6.24","author":"Wolpertingersfc","date":"18. Juni 2024","format":false,"excerpt":"Der Wettergott meinte es doch noch gut mit den zw\u00f6lf Wolpertingern, die am Freitag Mittag ins Paddelwochenende starteten. Kaum waren die Zelte im Paddelclub \u00dcberlingen aufgebaut, suchten wir uns ein sch\u00f6nes Pl\u00e4tzchen im Strandbad Ost, wo wir bei Public viewing den Erfolg der deutschen Mannschaft mitfeiern konnten. Der Samstag begann\u2026","rel":"","context":"\u00c4hnlicher Beitrag","block_context":{"text":"\u00c4hnlicher Beitrag","link":""},"img":{"alt_text":"","src":"https:\/\/i0.wp.com\/www.wolpertingersfc.de\/wp-content\/uploads\/2024\/06\/2024-Paddelausfahrt-Gruppenbild-scaled.jpg?resize=350%2C200","width":350,"height":200,"srcset":"https:\/\/i0.wp.com\/www.wolpertingersfc.de\/wp-content\/uploads\/2024\/06\/2024-Paddelausfahrt-Gruppenbild-scaled.jpg?resize=350%2C200 1x, https:\/\/i0.wp.com\/www.wolpertingersfc.de\/wp-content\/uploads\/2024\/06\/2024-Paddelausfahrt-Gruppenbild-scaled.jpg?resize=525%2C300 1.5x, https:\/\/i0.wp.com\/www.wolpertingersfc.de\/wp-content\/uploads\/2024\/06\/2024-Paddelausfahrt-Gruppenbild-scaled.jpg?resize=700%2C400 2x, https:\/\/i0.wp.com\/www.wolpertingersfc.de\/wp-content\/uploads\/2024\/06\/2024-Paddelausfahrt-Gruppenbild-scaled.jpg?resize=1050%2C600 3x, https:\/\/i0.wp.com\/www.wolpertingersfc.de\/wp-content\/uploads\/2024\/06\/2024-Paddelausfahrt-Gruppenbild-scaled.jpg?resize=1400%2C800 4x"},"classes":[]},{"id":2535,"url":"http:\/\/www.wolpertingersfc.de\/?p=2535","url_meta":{"origin":2971,"position":1},"title":"Paddelwochenende in \u00dcberlingen vom 22. -24. Juni 2018","author":"Wolpertingersfc","date":"2. Juli 2018","format":false,"excerpt":"Unser ehemaliger Wolpertinger Markus lud auch dieses Jahr zum Paddeln auf das Gel\u00e4nde des Paddelclubs \u00dcberlingen ein. F\u00fcnfzehn Wolpertinger reisten am Freitag, teils sehr sportlich mit Fahrrad, oder gut bepackten Autos an. Manch einer testete sofort das sehr erfrischende Wasser\u2026 Nach Zeltaufbau und Vesper folgte ein gem\u00fctlicher Abend bei frischen\u2026","rel":"","context":"In &quot;Kajak&quot;","block_context":{"text":"Kajak","link":"http:\/\/www.wolpertingersfc.de\/?cat=12"},"img":{"alt_text":"","src":"https:\/\/i0.wp.com\/www.wolpertingersfc.de\/wp-content\/uploads\/2018\/07\/Rheinfahrt52-1200x900.jpg?resize=350%2C200","width":350,"height":200,"srcset":"https:\/\/i0.wp.com\/www.wolpertingersfc.de\/wp-content\/uploads\/2018\/07\/Rheinfahrt52-1200x900.jpg?resize=350%2C200 1x, https:\/\/i0.wp.com\/www.wolpertingersfc.de\/wp-content\/uploads\/2018\/07\/Rheinfahrt52-1200x900.jpg?resize=525%2C300 1.5x, https:\/\/i0.wp.com\/www.wolpertingersfc.de\/wp-content\/uploads\/2018\/07\/Rheinfahrt52-1200x900.jpg?resize=700%2C400 2x, https:\/\/i0.wp.com\/www.wolpertingersfc.de\/wp-content\/uploads\/2018\/07\/Rheinfahrt52-1200x900.jpg?resize=1050%2C600 3x"},"classes":[]},{"id":2955,"url":"http:\/\/www.wolpertingersfc.de\/?p=2955","url_meta":{"origin":2971,"position":2},"title":"Bodenseeausfahrt  28.-30.06.2019","author":"Wolpertingersfc","date":"21. Juni 2019","format":false,"excerpt":"Am Wochenende 28.-30.06.2019 wollen wir wieder ein Wochenende am Bodensee beim Paddelclub \u00dcberlingen verbringen. Wir \u00fcbernachten auf der Vereinswiese des Paddelclubs \u00dcberlingen in Zelten. Die K\u00fcche und die Sanit\u00e4ranlagen des PC\u00dc stehen uns zur Verf\u00fcgung Anreise Freitag oder Samstag Freitags sorgt jeder selbst\u00e4ndig f\u00fcr seine Verpflegung. Am Samstag schmieden wir\u2026","rel":"","context":"In &quot;Kajak&quot;","block_context":{"text":"Kajak","link":"http:\/\/www.wolpertingersfc.de\/?cat=12"},"img":{"alt_text":"","src":"https:\/\/i0.wp.com\/www.wolpertingersfc.de\/wp-content\/uploads\/2019\/06\/B1-300x225.jpg?resize=350%2C200","width":350,"height":200},"classes":[]},{"id":2407,"url":"http:\/\/www.wolpertingersfc.de\/?p=2407","url_meta":{"origin":2971,"position":3},"title":"Bodenseeausfahrt  22.-24.06.2018","author":"Wolpertingersfc","date":"10. Mai 2018","format":false,"excerpt":"Am Wochenende 22.-24.06.18 wollen wir wieder ein Wochenende am Bodensee beim Paddelclub \u00dcberlingen verbringen. Wir \u00fcbernachten auf der Vereinswiese des Paddelclubs \u00dcberlingen in Zelten. Die K\u00fcche und die Sanit\u00e4ranlagen des PC\u00dc stehen uns zur Verf\u00fcgung Anreise Freitag oder Samstag. Freitags sorgt jeder selbst\u00e4ndig f\u00fcr seine Verpflegung. Am Samstag schmieden wir\u2026","rel":"","context":"In &quot;Kajak&quot;","block_context":{"text":"Kajak","link":"http:\/\/www.wolpertingersfc.de\/?cat=12"},"img":{"alt_text":"","src":"https:\/\/i0.wp.com\/www.wolpertingersfc.de\/wp-content\/uploads\/2018\/05\/Ausschreibung_1-300x225.jpg?resize=350%2C200","width":350,"height":200},"classes":[]},{"id":3757,"url":"http:\/\/www.wolpertingersfc.de\/?p=3757","url_meta":{"origin":2971,"position":4},"title":"Wolpertinger Pedelec- und Fahrradtour nach Oberschwaben 10.-13. Mai 2025","author":"Wolpertingersfc","date":"16. Mai 2025","format":false,"excerpt":"Bei perfektem Radlwetter starteten 19 Wolpertinger am Samstag ihre Tour nach Oberschwaben. Nach dem Albaufstieg, ging es ab Gomadingen das wundersch\u00f6ne Lautertal entlang, dann weiter zum Kloster Obermarchtal. Nach knapp 70 km war es toll, dass das Abendessen- Buffet schon auf uns wartete- zum Ausklang des sch\u00f6nen Tages waren wir\u2026","rel":"","context":"\u00c4hnlicher Beitrag","block_context":{"text":"\u00c4hnlicher Beitrag","link":""},"img":{"alt_text":"","src":"https:\/\/i0.wp.com\/www.wolpertingersfc.de\/wp-content\/uploads\/2025\/05\/Radtour25.jpg?resize=350%2C200","width":350,"height":200,"srcset":"https:\/\/i0.wp.com\/www.wolpertingersfc.de\/wp-content\/uploads\/2025\/05\/Radtour25.jpg?resize=350%2C200 1x, https:\/\/i0.wp.com\/www.wolpertingersfc.de\/wp-content\/uploads\/2025\/05\/Radtour25.jpg?resize=525%2C300 1.5x, https:\/\/i0.wp.com\/www.wolpertingersfc.de\/wp-content\/uploads\/2025\/05\/Radtour25.jpg?resize=700%2C400 2x, https:\/\/i0.wp.com\/www.wolpertingersfc.de\/wp-content\/uploads\/2025\/05\/Radtour25.jpg?resize=1050%2C600 3x, https:\/\/i0.wp.com\/www.wolpertingersfc.de\/wp-content\/uploads\/2025\/05\/Radtour25.jpg?resize=1400%2C800 4x"},"classes":[]},{"id":3601,"url":"http:\/\/www.wolpertingersfc.de\/?p=3601","url_meta":{"origin":2971,"position":5},"title":"Wolpertinger-Radtour 2023 17.-20.06.2023","author":"Wolpertingersfc","date":"28. Juli 2023","format":false,"excerpt":"Unsere diesj\u00e4hrige Wolpertinger-Radtour ging dieses Mal in das sch\u00f6ne Oberbayern. Unser Startpunkt der Tour war Gauting im S\u00fcden von M\u00fcnchen. Von dort aus radelten wir \u00fcber Schlehdorf am Kochelsee nach Fall am Sylvensteinsee, zum Walchensee zum Baden und wieder zur\u00fcck nach Gauting zu unserem Startpunkt. In 4 Tagen bew\u00e4ltigten wir\u2026","rel":"","context":"\u00c4hnlicher Beitrag","block_context":{"text":"\u00c4hnlicher Beitrag","link":""},"img":{"alt_text":"","src":"https:\/\/i0.wp.com\/www.wolpertingersfc.de\/wp-content\/uploads\/2023\/07\/Bild3.png?resize=350%2C200","width":350,"height":200,"srcset":"https:\/\/i0.wp.com\/www.wolpertingersfc.de\/wp-content\/uploads\/2023\/07\/Bild3.png?resize=350%2C200 1x, https:\/\/i0.wp.com\/www.wolpertingersfc.de\/wp-content\/uploads\/2023\/07\/Bild3.png?resize=525%2C300 1.5x"},"classes":[]}],"_links":{"self":[{"href":"http:\/\/www.wolpertingersfc.de\/index.php?rest_route=\/wp\/v2\/posts\/2971","targetHints":{"allow":["GET"]}}],"collection":[{"href":"http:\/\/www.wolpertingersfc.de\/index.php?rest_route=\/wp\/v2\/posts"}],"about":[{"href":"http:\/\/www.wolpertingersfc.de\/index.php?rest_route=\/wp\/v2\/types\/post"}],"author":[{"embeddable":true,"href":"http:\/\/www.wolpertingersfc.de\/index.php?rest_route=\/wp\/v2\/users\/1"}],"replies":[{"embeddable":true,"href":"http:\/\/www.wolpertingersfc.de\/index.php?rest_route=%2Fwp%2Fv2%2Fcomments&post=2971"}],"version-history":[{"count":8,"href":"http:\/\/www.wolpertingersfc.de\/index.php?rest_route=\/wp\/v2\/posts\/2971\/revisions"}],"predecessor-version":[{"id":2983,"href":"http:\/\/www.wolpertingersfc.de\/index.php?rest_route=\/wp\/v2\/posts\/2971\/revisions\/2983"}],"wp:attachment":[{"href":"http:\/\/www.wolpertingersfc.de\/index.php?rest_route=%2Fwp%2Fv2%2Fmedia&parent=2971"}],"wp:term":[{"taxonomy":"category","embeddable":true,"href":"http:\/\/www.wolpertingersfc.de\/index.php?rest_route=%2Fwp%2Fv2%2Fcategories&post=2971"},{"taxonomy":"post_tag","embeddable":true,"href":"http:\/\/www.wolpertingersfc.de\/index.php?rest_route=%2Fwp%2Fv2%2Ftags&post=2971"}],"curies":[{"name":"wp","href":"https:\/\/api.w.org\/{rel}","templated":true}]}}