{"id":2927,"date":"2019-06-18T14:28:13","date_gmt":"2019-06-18T12:28:13","guid":{"rendered":"http:\/\/www.wolpertingersfc.de\/?p=2927"},"modified":"2019-06-21T10:46:22","modified_gmt":"2019-06-21T08:46:22","slug":"wolpertinger-radtour-2019-8-11-06-2019","status":"publish","type":"post","link":"http:\/\/www.wolpertingersfc.de\/?p=2927","title":{"rendered":"Wolpertinger-Radtour 2019 &#8211; 8.-11.06.2019"},"content":{"rendered":"<p>Unsere allj\u00e4hrliche beliebte Wolpertinger-Radtour ging dieses Mal von Ingolstadt durch das sch\u00f6ne Altm\u00fchltal nach N\u00fcrnberg.<\/p>\n<p><a href=\"https:\/\/i0.wp.com\/www.wolpertingersfc.de\/wp-content\/uploads\/2019\/06\/Bild_1.jpg\" target=\"_blank\" rel=\"noopener noreferrer\"><img data-recalc-dims=\"1\" loading=\"lazy\" decoding=\"async\" data-attachment-id=\"2946\" data-permalink=\"http:\/\/www.wolpertingersfc.de\/?attachment_id=2946\" data-orig-file=\"https:\/\/i0.wp.com\/www.wolpertingersfc.de\/wp-content\/uploads\/2019\/06\/Bild_1-e1560864191755.jpg?fit=1080%2C607\" data-orig-size=\"1080,607\" data-comments-opened=\"1\" data-image-meta=\"{&quot;aperture&quot;:&quot;0&quot;,&quot;credit&quot;:&quot;&quot;,&quot;camera&quot;:&quot;&quot;,&quot;caption&quot;:&quot;&quot;,&quot;created_timestamp&quot;:&quot;0&quot;,&quot;copyright&quot;:&quot;&quot;,&quot;focal_length&quot;:&quot;0&quot;,&quot;iso&quot;:&quot;0&quot;,&quot;shutter_speed&quot;:&quot;0&quot;,&quot;title&quot;:&quot;&quot;,&quot;orientation&quot;:&quot;0&quot;}\" data-image-title=\"Bild_1\" data-image-description=\"\" data-image-caption=\"\" data-medium-file=\"https:\/\/i0.wp.com\/www.wolpertingersfc.de\/wp-content\/uploads\/2019\/06\/Bild_1-e1560864191755.jpg?fit=300%2C169\" data-large-file=\"https:\/\/i0.wp.com\/www.wolpertingersfc.de\/wp-content\/uploads\/2019\/06\/Bild_1-e1560864191755.jpg?fit=863%2C485\" class=\"wp-image-2946 alignright\" src=\"https:\/\/i0.wp.com\/www.wolpertingersfc.de\/wp-content\/uploads\/2019\/06\/Bild_1.jpg?resize=570%2C428\" alt=\"\" width=\"570\" height=\"428\" \/><\/a>Am fr\u00fchen Samstagmorgen trafen sich 20 Radler, um mit Bus und Bahn nach Ingolstadt zu fahren. Dort gesellte sich der 21. Radler der Gruppe hinzu. Ute und Gerold fuhren mit dem Begleitfahrzeug und dem Fahrradanh\u00e4nger zum Hauptbahnhof nach Ingolstadt.<\/p>\n<p>Dieter als unser Guide f\u00fchrte uns sicher \u00fcber die 55 km lange Strecke durch das Altm\u00fchltal nach Plankstetten. Dort \u00fcbernachteten wir in der Benediktinerabtei Plankstetten. Das Kloster betreibt heute eine \u00f6kologische Landwirtschaft mit G\u00e4rtnerei, Klosterb\u00e4ckerei und Klostermetzgerei. Unser Abendessen bestand aus eigenen Erzeugnissen. Es gab selbstgemachte W\u00fcrstchen, Kartoffelbrei, Salate, Gem\u00fcselasagne und leckere Tomatensuppe.<\/p>\n<p>Am n\u00e4chsten Morgen st\u00e4rkten wir uns bei einem ausgiebigen Fr\u00fchst\u00fcck. Anschlie\u00dfend fuhren wir am Main-Donau-Kanal entlang. An der Schleuse Berching konnten wir uns auf einer Besucherplattform \u00fcber die imposante Schleusenanlage informieren. Am Main-Donau-Kanal entlang fuhren wir bis zum Rothsee. Dort machten wir bei einem Strandrestaurant Rast. Die letzten 20 km der Tagesetappe fuhren wir entspannt nach Neumarkt in der Oberpfalz in das Kloster St. Josef. Im Wirtshaus Oberer Ganskeller wurden uns bayerische Schmankerl serviert.<\/p>\n<p>Am Abend zeigte uns der Nachtw\u00e4chter von Neumarkt die historische Altstadt. \u00dcber das Mittelalter und die dort herrschenden Pfalzgrafen wurde uns viel erz\u00e4hlt.<\/p>\n<p><a href=\"https:\/\/i0.wp.com\/www.wolpertingersfc.de\/wp-content\/uploads\/2019\/06\/Bild_2.jpg\" target=\"_blank\" rel=\"noopener noreferrer\"><img data-recalc-dims=\"1\" loading=\"lazy\" decoding=\"async\" data-attachment-id=\"2947\" data-permalink=\"http:\/\/www.wolpertingersfc.de\/?attachment_id=2947\" data-orig-file=\"https:\/\/i0.wp.com\/www.wolpertingersfc.de\/wp-content\/uploads\/2019\/06\/Bild_2.jpg?fit=1080%2C608\" data-orig-size=\"1080,608\" data-comments-opened=\"1\" data-image-meta=\"{&quot;aperture&quot;:&quot;0&quot;,&quot;credit&quot;:&quot;&quot;,&quot;camera&quot;:&quot;&quot;,&quot;caption&quot;:&quot;&quot;,&quot;created_timestamp&quot;:&quot;0&quot;,&quot;copyright&quot;:&quot;&quot;,&quot;focal_length&quot;:&quot;0&quot;,&quot;iso&quot;:&quot;0&quot;,&quot;shutter_speed&quot;:&quot;0&quot;,&quot;title&quot;:&quot;&quot;,&quot;orientation&quot;:&quot;0&quot;}\" data-image-title=\"Bild_2\" data-image-description=\"\" data-image-caption=\"\" data-medium-file=\"https:\/\/i0.wp.com\/www.wolpertingersfc.de\/wp-content\/uploads\/2019\/06\/Bild_2.jpg?fit=300%2C169\" data-large-file=\"https:\/\/i0.wp.com\/www.wolpertingersfc.de\/wp-content\/uploads\/2019\/06\/Bild_2.jpg?fit=863%2C485\" class=\"alignright wp-image-2947\" src=\"https:\/\/i0.wp.com\/www.wolpertingersfc.de\/wp-content\/uploads\/2019\/06\/Bild_2.jpg?resize=570%2C321\" alt=\"\" width=\"570\" height=\"321\" srcset=\"https:\/\/i0.wp.com\/www.wolpertingersfc.de\/wp-content\/uploads\/2019\/06\/Bild_2.jpg?w=1080 1080w, https:\/\/i0.wp.com\/www.wolpertingersfc.de\/wp-content\/uploads\/2019\/06\/Bild_2.jpg?resize=300%2C169 300w, https:\/\/i0.wp.com\/www.wolpertingersfc.de\/wp-content\/uploads\/2019\/06\/Bild_2.jpg?resize=768%2C432 768w, https:\/\/i0.wp.com\/www.wolpertingersfc.de\/wp-content\/uploads\/2019\/06\/Bild_2.jpg?resize=1024%2C576 1024w, https:\/\/i0.wp.com\/www.wolpertingersfc.de\/wp-content\/uploads\/2019\/06\/Bild_2.jpg?resize=863%2C486 863w, https:\/\/i0.wp.com\/www.wolpertingersfc.de\/wp-content\/uploads\/2019\/06\/Bild_2.jpg?resize=192%2C108 192w\" sizes=\"auto, (max-width: 570px) 100vw, 570px\" \/><\/a>Am Montagmorgen ging es weiter am Ludwig-Main-Donau-Kanal. Der Radweg entlang des Kanals wurde fr\u00fcher von Pferden genutzt, die die Schiffe durch den Kanal zogen. Rast machten wir in einem Biergarten. Bei Schwarzenbruck wird der alte Kanal mit Hilfe einer Kanalbr\u00fccke \u00fcber das Schwarzachtal gef\u00fchrt. Kurz vor N\u00fcrnberg st\u00e4rkten wir uns gemeinsam bei Kaffee und Kuchen.<\/p>\n<p>Die letzten Kilometer gingen bergauf zur Jugendherberge in der 500 Jahre alten Kaiserstallung der Burg in N\u00fcrnberg. Zum modernen Ambiente gab es gratis einen herrlichen Blick auf die Altstadt von N\u00fcrnberg. Das Erreichen unseres Etappenziels wurde mit einem reichhaltigen Buffet belohnt. Den Abend verbrachten einige beim Kartenspiel, die anderen zog es zum Eis essen und fr\u00e4nkisches Bier trinken in die Stadt.<\/p>\n<p>&nbsp;<\/p>\n<p><a href=\"https:\/\/i0.wp.com\/www.wolpertingersfc.de\/wp-content\/uploads\/2019\/06\/Bild_3.jpg\" target=\"_blank\" rel=\"noopener noreferrer\"><img data-recalc-dims=\"1\" loading=\"lazy\" decoding=\"async\" data-attachment-id=\"2948\" data-permalink=\"http:\/\/www.wolpertingersfc.de\/?attachment_id=2948\" data-orig-file=\"https:\/\/i0.wp.com\/www.wolpertingersfc.de\/wp-content\/uploads\/2019\/06\/Bild_3.jpg?fit=1600%2C900\" data-orig-size=\"1600,900\" data-comments-opened=\"1\" data-image-meta=\"{&quot;aperture&quot;:&quot;0&quot;,&quot;credit&quot;:&quot;&quot;,&quot;camera&quot;:&quot;&quot;,&quot;caption&quot;:&quot;&quot;,&quot;created_timestamp&quot;:&quot;0&quot;,&quot;copyright&quot;:&quot;&quot;,&quot;focal_length&quot;:&quot;0&quot;,&quot;iso&quot;:&quot;0&quot;,&quot;shutter_speed&quot;:&quot;0&quot;,&quot;title&quot;:&quot;&quot;,&quot;orientation&quot;:&quot;0&quot;}\" data-image-title=\"Bild_3\" data-image-description=\"\" data-image-caption=\"\" data-medium-file=\"https:\/\/i0.wp.com\/www.wolpertingersfc.de\/wp-content\/uploads\/2019\/06\/Bild_3.jpg?fit=300%2C169\" data-large-file=\"https:\/\/i0.wp.com\/www.wolpertingersfc.de\/wp-content\/uploads\/2019\/06\/Bild_3.jpg?fit=863%2C485\" class=\"wp-image-2948 alignright\" src=\"https:\/\/i0.wp.com\/www.wolpertingersfc.de\/wp-content\/uploads\/2019\/06\/Bild_3.jpg?resize=570%2C321\" alt=\"\" width=\"570\" height=\"321\" srcset=\"https:\/\/i0.wp.com\/www.wolpertingersfc.de\/wp-content\/uploads\/2019\/06\/Bild_3.jpg?w=1600 1600w, https:\/\/i0.wp.com\/www.wolpertingersfc.de\/wp-content\/uploads\/2019\/06\/Bild_3.jpg?resize=300%2C169 300w, https:\/\/i0.wp.com\/www.wolpertingersfc.de\/wp-content\/uploads\/2019\/06\/Bild_3.jpg?resize=768%2C432 768w, https:\/\/i0.wp.com\/www.wolpertingersfc.de\/wp-content\/uploads\/2019\/06\/Bild_3.jpg?resize=1024%2C576 1024w, https:\/\/i0.wp.com\/www.wolpertingersfc.de\/wp-content\/uploads\/2019\/06\/Bild_3.jpg?resize=863%2C485 863w, https:\/\/i0.wp.com\/www.wolpertingersfc.de\/wp-content\/uploads\/2019\/06\/Bild_3.jpg?resize=192%2C108 192w\" sizes=\"auto, (max-width: 570px) 100vw, 570px\" \/><\/a><\/p>\n<p>Am n\u00e4chsten Morgen machten wir eine Stadtf\u00fchrung mit dem Fahrrad. Die F\u00fchrung ging durch die Altstadt. Die Altstadt wird durch den Fluss Pegnitz geteilt. Sie ist stark im Krieg zerst\u00f6rt worden, die Geb\u00e4ude wurden wieder nach den alten Vorbildern aufgebaut. Man sieht jedoch bei genauerer Betrachtung den Unterschied der Verarbeitung des Baumaterials. Beim Blick von der Burg wurden uns die wichtigsten Geb\u00e4ude in der Stadt gezeigt. Zum Abschluss schauten wir uns das Reichsparteitagsgel\u00e4nde an. Um das Zeppelinfeld anzuschauen, durchquerten wir das Festivalgel\u00e4nde von Rock im Park. Wir waren \u00fcber die Massen der M\u00fcllberge der Besucher des Festivals schockiert. Die Stadtf\u00fchrung hat sehr viel Spa\u00df gemacht, da mit dem Fahrrad in kurzer Zeit viel besichtigt werden kann.<\/p>\n<p>Nach dem Verladen der R\u00e4der fuhren wir mit dem Zug von N\u00fcrnberg \u00fcber Stuttgart nach Reutlingen zur\u00fcck.<\/p>\n<p>Wir m\u00f6chten uns ganz herzlich bedanken bei Ute und Gerold f\u00fcr die tolle Organisation der Radtour, bei Dieter f\u00fcr das Navigieren der Gruppe, bei den Fahrern des Begleitfahrzeugs und bei allen, die f\u00fcr die gute Stimmung bei der Radtour gesorgt haben.<\/p>\n<p>Wir freuen uns jetzt schon auf die n\u00e4chste gemeinsame Radtour!<\/p>\n<p>Phillip Neuberger<\/p>\n","protected":false},"excerpt":{"rendered":"<p>Unsere allj\u00e4hrliche beliebte Wolpertinger-Radtour ging dieses Mal von Ingolstadt durch das sch\u00f6ne Altm\u00fchltal nach N\u00fcrnberg. Am fr\u00fchen Samstagmorgen trafen sich 20 Radler, um mit Bus und Bahn nach Ingolstadt zu fahren. Dort gesellte sich der 21. Radler der Gruppe hinzu. Ute und Gerold fuhren mit dem Begleitfahrzeug und dem Fahrradanh\u00e4nger zum Hauptbahnhof nach Ingolstadt. Dieter &hellip; <a href=\"http:\/\/www.wolpertingersfc.de\/?p=2927\" class=\"more-link\"><span class=\"screen-reader-text\">Wolpertinger-Radtour 2019 &#8211; 8.-11.06.2019<\/span> weiterlesen<\/a><\/p>\n","protected":false},"author":1,"featured_media":0,"comment_status":"open","ping_status":"open","sticky":false,"template":"","format":"standard","meta":{"jetpack_post_was_ever_published":false,"_jetpack_newsletter_access":"","_jetpack_dont_email_post_to_subs":false,"_jetpack_newsletter_tier_id":0,"_jetpack_memberships_contains_paywalled_content":false,"_jetpack_memberships_contains_paid_content":false,"footnotes":"","jetpack_publicize_message":"","jetpack_publicize_feature_enabled":true,"jetpack_social_post_already_shared":true,"jetpack_social_options":{"image_generator_settings":{"template":"highway","default_image_id":0,"font":"","enabled":false},"version":2}},"categories":[1,14],"tags":[],"class_list":["post-2927","post","type-post","status-publish","format-standard","hentry","category-uncategorized","category-radsport"],"jetpack_publicize_connections":[],"jetpack_featured_media_url":"","jetpack_sharing_enabled":true,"jetpack_shortlink":"https:\/\/wp.me\/p8FTYK-Ld","jetpack-related-posts":[{"id":2429,"url":"http:\/\/www.wolpertingersfc.de\/?p=2429","url_meta":{"origin":2927,"position":0},"title":"Wolpertinger-Radtour 2018","author":"Wolpertingersfc","date":"15. Juni 2018","format":false,"excerpt":"Unsere 4-t\u00e4gige Wolpertinger-Radtour f\u00fchrte uns in diesem Jahr \u00fcber das Iller-, Wertach- und Lechtal von Ulm nach Augsburg. Nachdem alle 19 Teilnehmer, der j\u00fcngste Radler 17 Jahre und der \u00e4lteste Radler 76 Jahre alt, das Gep\u00e4ck und die Fahrr\u00e4der im Begleitfahrzeug verladen hatten, fuhren wir mit Bus und Bahn nach\u2026","rel":"","context":"In &quot;Radsport&quot;","block_context":{"text":"Radsport","link":"http:\/\/www.wolpertingersfc.de\/?cat=14"},"img":{"alt_text":"","src":"https:\/\/i0.wp.com\/www.wolpertingersfc.de\/wp-content\/uploads\/2018\/06\/2018-06-03-Radtour-Titelbild-444x333.jpg?resize=350%2C200","width":350,"height":200},"classes":[]},{"id":3601,"url":"http:\/\/www.wolpertingersfc.de\/?p=3601","url_meta":{"origin":2927,"position":1},"title":"Wolpertinger-Radtour 2023 17.-20.06.2023","author":"Wolpertingersfc","date":"28. Juli 2023","format":false,"excerpt":"Unsere diesj\u00e4hrige Wolpertinger-Radtour ging dieses Mal in das sch\u00f6ne Oberbayern. Unser Startpunkt der Tour war Gauting im S\u00fcden von M\u00fcnchen. Von dort aus radelten wir \u00fcber Schlehdorf am Kochelsee nach Fall am Sylvensteinsee, zum Walchensee zum Baden und wieder zur\u00fcck nach Gauting zu unserem Startpunkt. In 4 Tagen bew\u00e4ltigten wir\u2026","rel":"","context":"\u00c4hnlicher Beitrag","block_context":{"text":"\u00c4hnlicher Beitrag","link":""},"img":{"alt_text":"","src":"https:\/\/i0.wp.com\/www.wolpertingersfc.de\/wp-content\/uploads\/2023\/07\/Bild3.png?resize=350%2C200","width":350,"height":200,"srcset":"https:\/\/i0.wp.com\/www.wolpertingersfc.de\/wp-content\/uploads\/2023\/07\/Bild3.png?resize=350%2C200 1x, https:\/\/i0.wp.com\/www.wolpertingersfc.de\/wp-content\/uploads\/2023\/07\/Bild3.png?resize=525%2C300 1.5x"},"classes":[]},{"id":3757,"url":"http:\/\/www.wolpertingersfc.de\/?p=3757","url_meta":{"origin":2927,"position":2},"title":"Wolpertinger Pedelec- und Fahrradtour nach Oberschwaben 10.-13. Mai 2025","author":"Wolpertingersfc","date":"16. Mai 2025","format":false,"excerpt":"Bei perfektem Radlwetter starteten 19 Wolpertinger am Samstag ihre Tour nach Oberschwaben. Nach dem Albaufstieg, ging es ab Gomadingen das wundersch\u00f6ne Lautertal entlang, dann weiter zum Kloster Obermarchtal. Nach knapp 70 km war es toll, dass das Abendessen- Buffet schon auf uns wartete- zum Ausklang des sch\u00f6nen Tages waren wir\u2026","rel":"","context":"\u00c4hnlicher Beitrag","block_context":{"text":"\u00c4hnlicher Beitrag","link":""},"img":{"alt_text":"","src":"https:\/\/i0.wp.com\/www.wolpertingersfc.de\/wp-content\/uploads\/2025\/05\/Radtour25.jpg?resize=350%2C200","width":350,"height":200,"srcset":"https:\/\/i0.wp.com\/www.wolpertingersfc.de\/wp-content\/uploads\/2025\/05\/Radtour25.jpg?resize=350%2C200 1x, https:\/\/i0.wp.com\/www.wolpertingersfc.de\/wp-content\/uploads\/2025\/05\/Radtour25.jpg?resize=525%2C300 1.5x, https:\/\/i0.wp.com\/www.wolpertingersfc.de\/wp-content\/uploads\/2025\/05\/Radtour25.jpg?resize=700%2C400 2x, https:\/\/i0.wp.com\/www.wolpertingersfc.de\/wp-content\/uploads\/2025\/05\/Radtour25.jpg?resize=1050%2C600 3x, https:\/\/i0.wp.com\/www.wolpertingersfc.de\/wp-content\/uploads\/2025\/05\/Radtour25.jpg?resize=1400%2C800 4x"},"classes":[]},{"id":3694,"url":"http:\/\/www.wolpertingersfc.de\/?p=3694","url_meta":{"origin":2927,"position":3},"title":"Wolpertinger Radtour vom 29.6.- 2.7.2024","author":"Wolpertingersfc","date":"4. Juli 2024","format":false,"excerpt":"Am fr\u00fchen Samstag starteten 20 Wolpertinger von U 30 bis \u00dc 80 in G\u00f6nningen ihre Tour. Bei gut 30 Grad radelten wir \u00fcber T\u00fcbingen, Herrenberg zur Mittagsrast nach Affst\u00e4tt, dann weiter nach Calw, wo eine Abk\u00fchlung mit Eisbecher und kalten Getr\u00e4nken dringend n\u00f6tig war. Nach 70 km erreichten wir unser\u2026","rel":"","context":"\u00c4hnlicher Beitrag","block_context":{"text":"\u00c4hnlicher Beitrag","link":""},"img":{"alt_text":"","src":"https:\/\/i0.wp.com\/www.wolpertingersfc.de\/wp-content\/uploads\/2024\/07\/2024-07-03-Gruppenbild-Radtour.jpg?resize=350%2C200","width":350,"height":200,"srcset":"https:\/\/i0.wp.com\/www.wolpertingersfc.de\/wp-content\/uploads\/2024\/07\/2024-07-03-Gruppenbild-Radtour.jpg?resize=350%2C200 1x, https:\/\/i0.wp.com\/www.wolpertingersfc.de\/wp-content\/uploads\/2024\/07\/2024-07-03-Gruppenbild-Radtour.jpg?resize=525%2C300 1.5x, https:\/\/i0.wp.com\/www.wolpertingersfc.de\/wp-content\/uploads\/2024\/07\/2024-07-03-Gruppenbild-Radtour.jpg?resize=700%2C400 2x, https:\/\/i0.wp.com\/www.wolpertingersfc.de\/wp-content\/uploads\/2024\/07\/2024-07-03-Gruppenbild-Radtour.jpg?resize=1050%2C600 3x, https:\/\/i0.wp.com\/www.wolpertingersfc.de\/wp-content\/uploads\/2024\/07\/2024-07-03-Gruppenbild-Radtour.jpg?resize=1400%2C800 4x"},"classes":[]},{"id":3291,"url":"http:\/\/www.wolpertingersfc.de\/?p=3291","url_meta":{"origin":2927,"position":4},"title":"Wanderung der Wolpertinger am 6. Januar 2020","author":"Wolpertingersfc","date":"23. Januar 2020","format":false,"excerpt":"Bei sonnigem Wetter trafen sich \u00fcber 20 Wolpertinger zur traditionellen Wanderung am 6. Januar. Unser Startpunkt war am \u00d6schinger Wasserh\u00e4usle. Der steile Aufstieg am S\u00fcdhang f\u00fchrte uns zum Sch\u00f6nberger Kapf. \u00dcber das Ro\u00dffeld gelangten wir zu unserem Rastplatz. Dort wurde das restliche Weihnachtsgeb\u00e4ck angeboten und an alle Leckerm\u00e4uler verteilt. Nat\u00fcrlich\u2026","rel":"","context":"\u00c4hnlicher Beitrag","block_context":{"text":"\u00c4hnlicher Beitrag","link":""},"img":{"alt_text":"","src":"https:\/\/i0.wp.com\/www.wolpertingersfc.de\/wp-content\/uploads\/2020\/01\/P1070482-1024x576-300x169.jpg?resize=350%2C200","width":350,"height":200},"classes":[]},{"id":3518,"url":"http:\/\/www.wolpertingersfc.de\/?p=3518","url_meta":{"origin":2927,"position":5},"title":"Wolpertinger Radtour vom 4. bis 7. Juni 2022","author":"Wolpertingersfc","date":"14. Juni 2022","format":false,"excerpt":"Am fr\u00fchen Samstagmorgen starteten 14 Wolpertinger mit privaten Autos nach W\u00fcrzburg, wo unsere diesj\u00e4hrige Radtour begann und auch endete. Auf der Fahrt hatten wir jede Menge Regen, aber Petrus meinte es gut mit uns, wir hatten ideales Radwetter und wurden in den 4 Tagen nie nass. Los ging es von\u2026","rel":"","context":"\u00c4hnlicher Beitrag","block_context":{"text":"\u00c4hnlicher Beitrag","link":""},"img":{"alt_text":"","src":"https:\/\/i0.wp.com\/www.wolpertingersfc.de\/wp-content\/uploads\/2022\/06\/IMG-20220604-WA0025.jpg?resize=350%2C200","width":350,"height":200,"srcset":"https:\/\/i0.wp.com\/www.wolpertingersfc.de\/wp-content\/uploads\/2022\/06\/IMG-20220604-WA0025.jpg?resize=350%2C200 1x, https:\/\/i0.wp.com\/www.wolpertingersfc.de\/wp-content\/uploads\/2022\/06\/IMG-20220604-WA0025.jpg?resize=525%2C300 1.5x, https:\/\/i0.wp.com\/www.wolpertingersfc.de\/wp-content\/uploads\/2022\/06\/IMG-20220604-WA0025.jpg?resize=700%2C400 2x, https:\/\/i0.wp.com\/www.wolpertingersfc.de\/wp-content\/uploads\/2022\/06\/IMG-20220604-WA0025.jpg?resize=1050%2C600 3x, https:\/\/i0.wp.com\/www.wolpertingersfc.de\/wp-content\/uploads\/2022\/06\/IMG-20220604-WA0025.jpg?resize=1400%2C800 4x"},"classes":[]}],"_links":{"self":[{"href":"http:\/\/www.wolpertingersfc.de\/index.php?rest_route=\/wp\/v2\/posts\/2927","targetHints":{"allow":["GET"]}}],"collection":[{"href":"http:\/\/www.wolpertingersfc.de\/index.php?rest_route=\/wp\/v2\/posts"}],"about":[{"href":"http:\/\/www.wolpertingersfc.de\/index.php?rest_route=\/wp\/v2\/types\/post"}],"author":[{"embeddable":true,"href":"http:\/\/www.wolpertingersfc.de\/index.php?rest_route=\/wp\/v2\/users\/1"}],"replies":[{"embeddable":true,"href":"http:\/\/www.wolpertingersfc.de\/index.php?rest_route=%2Fwp%2Fv2%2Fcomments&post=2927"}],"version-history":[{"count":12,"href":"http:\/\/www.wolpertingersfc.de\/index.php?rest_route=\/wp\/v2\/posts\/2927\/revisions"}],"predecessor-version":[{"id":2949,"href":"http:\/\/www.wolpertingersfc.de\/index.php?rest_route=\/wp\/v2\/posts\/2927\/revisions\/2949"}],"wp:attachment":[{"href":"http:\/\/www.wolpertingersfc.de\/index.php?rest_route=%2Fwp%2Fv2%2Fmedia&parent=2927"}],"wp:term":[{"taxonomy":"category","embeddable":true,"href":"http:\/\/www.wolpertingersfc.de\/index.php?rest_route=%2Fwp%2Fv2%2Fcategories&post=2927"},{"taxonomy":"post_tag","embeddable":true,"href":"http:\/\/www.wolpertingersfc.de\/index.php?rest_route=%2Fwp%2Fv2%2Ftags&post=2927"}],"curies":[{"name":"wp","href":"https:\/\/api.w.org\/{rel}","templated":true}]}}