{"id":2793,"date":"2019-03-01T12:26:09","date_gmt":"2019-03-01T11:26:09","guid":{"rendered":"http:\/\/www.wolpertingersfc.de\/?p=2793"},"modified":"2019-03-01T12:26:09","modified_gmt":"2019-03-01T11:26:09","slug":"tauchkurs-grundtauchschein-cmas-2019","status":"publish","type":"post","link":"http:\/\/www.wolpertingersfc.de\/?p=2793","title":{"rendered":"Tauchkurs Grundtauchschein \/ CMAS* 2019"},"content":{"rendered":"<p>Das Ausbilderteam des Wolpertinger SFC bietet auch im Jahr 2019 mit qualifizierten \u00dcbungsleitern und Tauchlehrern einen Tauch-Grundkurs an.<\/p>\n<p><strong><u>Ziel:<br \/>\n<\/u><\/strong>Die Grundkenntnisse des Tauchens in Theorie und Praxis zu erlernen.<br \/>\nNach Abschluss des Tauchkurses soll er\/sie sicher an von erfahrenen Tauchern gef\u00fchrten Tauchg\u00e4ngen teilnehmen k\u00f6nnen.<\/p>\n<p><strong><u>Voraussetzungen:<br \/>\n<\/u><\/strong>Mindestalter von 14 Jahren. Bei Minderj\u00e4hrigen ist eine Einverst\u00e4ndniserkl\u00e4rung aller Erziehungsberechtigter (in der Regel beide Elternteile) erforderlich.<br \/>\nG\u00fcltige Tauchtauglichkeitsbescheinigung, muss sp\u00e4testens zur Praxisausbildung vorliegen.<\/p>\n<p><strong><u>Kursgeb\u00fchr und Inhalt:<\/u><\/strong><\/p>\n<p><u>Grundtauchschein<br \/>\n<\/u>Theorieunterricht inkl. Unterlagen<br \/>\nLehrbuch\u00a0 Deutsches Tauchsportabzeichen Basic \/ CMAS *<br \/>\nTauchpass und Logbuch, Dekotabellen und Pr\u00fcfungsgeb\u00fchren.<br \/>\nPraxisgrundausbildung mit ABC und DTG (Drucklufttauchger\u00e4t) im Freibad.<\/p>\n<p style=\"text-align: right;\">\u00a0\u00a0\u00a0\u00a0\u00a0\u00a0\u00a0\u00a0\u00a0\u00a0\u00a0\u00a0\u00a0\u00a0\u00a0\u00a0\u00a0\u00a0\u00a0\u00a0\u00a0\u00a0\u00a0\u00a0\u00a0\u00a0\u00a0\u00a0\u00a0\u00a0\u00a0\u00a0\u00a0\u00a0\u00a0\u00a0\u00a0\u00a0\u00a0\u00a0\u00a0\u00a0\u00a0\u00a0\u00a0\u00a0\u00a0\u00a0\u00a0\u00a0\u00a0\u00a0\u00a0\u00a0\u00a0\u00a0\u00a0\u00a0\u00a0\u00a0\u00a0\u00a0\u00a0\u00a0\u00a0\u00a0\u00a0\u00a0\u00a0\u00a0\u00a0\u00a0\u00a0\u00a0\u00a0\u00a0\u00a0\u00a0\u00a0\u00a0\u00a0\u00a0\u00a0\u00a0\u00a0\u00a0\u00a0\u00a0\u00a0\u00a0\u00a0\u00a0\u00a0\u00a0\u00a0\u00a0\u00a0\u00a0\u00a0\u00a0\u00a0\u00a0\u00a0 180,-\u20ac<\/p>\n<p><u>CMAS * (DTSA Bronze)<br \/>\n<\/u>5 Freigew\u00e4ssertauchg\u00e4nge mit dem DTG inkl. Ausr\u00fcstung.<br \/>\nPr\u00fcfungsgeb\u00fchren Praxispr\u00fcfung.<\/p>\n<p style=\"text-align: right;\"><u>80,-\u20ac<br \/>\n<\/u>\u00a0\u00a0\u00a0\u00a0\u00a0\u00a0\u00a0\u00a0\u00a0\u00a0\u00a0\u00a0\u00a0\u00a0\u00a0\u00a0\u00a0\u00a0\u00a0\u00a0\u00a0\u00a0\u00a0\u00a0\u00a0\u00a0\u00a0\u00a0\u00a0\u00a0\u00a0\u00a0\u00a0\u00a0\u00a0\u00a0\u00a0\u00a0\u00a0\u00a0\u00a0\u00a0\u00a0\u00a0\u00a0\u00a0\u00a0\u00a0\u00a0\u00a0\u00a0\u00a0\u00a0\u00a0\u00a0\u00a0\u00a0\u00a0\u00a0\u00a0\u00a0\u00a0\u00a0\u00a0\u00a0\u00a0\u00a0\u00a0\u00a0\u00a0\u00a0\u00a0\u00a0 <u>Kosten Tauchkurs: 260,-\u20ac<\/u><\/p>\n<p><strong><u>Termine und <a href=\"http:\/\/www.wolpertingersfc.de\/wp-content\/uploads\/2019\/03\/03-Ablaufplan-Tauchkurs-2019.pdf\" target=\"_blank\" rel=\"noopener\">Ablauf<\/a>:<br \/>\n<\/u>Theorieunterricht<\/strong> findet am <strong>13. und 14.04<\/strong>.<strong>2019<\/strong> statt<br \/>\n<strong>Grundtauchschein<\/strong>, ab Mai im Freibad Reutlingen, immer <strong>Samstags 8.50 \u2013 10.30 Uhr<br \/>\nFreigew\u00e4ssertauchg\u00e4nge<\/strong> : Ort und Zeit wird \u00a0noch festgelegt<\/p>\n<p><strong>Anmeldung<\/strong>: bis zum <strong>01.04.2019<\/strong> an den Kursleiter mit dem <a href=\"http:\/\/www.wolpertingersfc.de\/wp-content\/uploads\/2019\/03\/Anmeldung-Tauchkurs-2019.pdf\" target=\"_blank\" rel=\"noopener\">Anmeldebogen<\/a> und durch \u00dcberweisung der Kursgeb\u00fchr auf das Konto des Wolpertinger SFC<\/p>\n","protected":false},"excerpt":{"rendered":"<p>Das Ausbilderteam des Wolpertinger SFC bietet auch im Jahr 2019 mit qualifizierten \u00dcbungsleitern und Tauchlehrern einen Tauch-Grundkurs an. Ziel: Die Grundkenntnisse des Tauchens in Theorie und Praxis zu erlernen. Nach Abschluss des Tauchkurses soll er\/sie sicher an von erfahrenen Tauchern gef\u00fchrten Tauchg\u00e4ngen teilnehmen k\u00f6nnen. Voraussetzungen: Mindestalter von 14 Jahren. Bei Minderj\u00e4hrigen ist eine Einverst\u00e4ndniserkl\u00e4rung aller &hellip; <a href=\"http:\/\/www.wolpertingersfc.de\/?p=2793\" class=\"more-link\"><span class=\"screen-reader-text\">Tauchkurs Grundtauchschein \/ CMAS* 2019<\/span> weiterlesen<\/a><\/p>\n","protected":false},"author":1,"featured_media":0,"comment_status":"open","ping_status":"open","sticky":false,"template":"","format":"standard","meta":{"jetpack_post_was_ever_published":false,"_jetpack_newsletter_access":"","_jetpack_dont_email_post_to_subs":false,"_jetpack_newsletter_tier_id":0,"_jetpack_memberships_contains_paywalled_content":false,"_jetpack_memberships_contains_paid_content":false,"footnotes":"","jetpack_publicize_message":"","jetpack_publicize_feature_enabled":true,"jetpack_social_post_already_shared":true,"jetpack_social_options":{"image_generator_settings":{"template":"highway","default_image_id":0,"font":"","enabled":false},"version":2}},"categories":[8],"tags":[],"class_list":["post-2793","post","type-post","status-publish","format-standard","hentry","category-tauchen"],"jetpack_publicize_connections":[],"jetpack_featured_media_url":"","jetpack_sharing_enabled":true,"jetpack_shortlink":"https:\/\/wp.me\/p8FTYK-J3","jetpack-related-posts":[{"id":3284,"url":"http:\/\/www.wolpertingersfc.de\/?p=3284","url_meta":{"origin":2793,"position":0},"title":"Tauchkurs DTSA* \/ DTSA 1Stern 2020","author":"Wolpertingersfc","date":"15. Januar 2020","format":false,"excerpt":"\u00a0 \u00a0 Das Ausbilderteam des Wolpertinger SFC bietet auch im Jahr 2020 mit qualifizierten \u00dcbungsleitern und Tauchlehrern einen Tauchkurs nach international g\u00fcltigen VDST-\/CMAS-Standards an. Ziel ist es, die Grundkenntnisse des Tauchens in Theorie und Praxis zu erlernen, um nach Abschluss des Tauchkurses an von erfahrenen Tauchern gef\u00fchrten Tauchg\u00e4ngen teilnehmen zu\u2026","rel":"","context":"In &quot;Tauchen&quot;","block_context":{"text":"Tauchen","link":"http:\/\/www.wolpertingersfc.de\/?cat=8"},"img":{"alt_text":"","src":"https:\/\/i0.wp.com\/www.wolpertingersfc.de\/wp-content\/uploads\/2017\/04\/Tauchender_Wolpertinger-150x118.jpg?resize=350%2C200","width":350,"height":200},"classes":[]},{"id":3580,"url":"http:\/\/www.wolpertingersfc.de\/?p=3580","url_meta":{"origin":2793,"position":1},"title":"Tauchkurs 2023 DTSA* \/ GDL* Sports Diver","author":"Wolpertingersfc","date":"26. M\u00e4rz 2023","format":false,"excerpt":"Das Ausbilderteam des Wolpertinger SFC bietet auch im Jahr 2023 mit qualifizierten \u00dcbungsleitern und Tauchlehrern einen Tauchkurs nach international g\u00fcltigen VDST-\/CMAS-Standards an. Ziel ist es, die Grundkenntnisse des Tauchens in Theorie und Praxis zu erlernen, um nach Abschluss des Tauchkurses an von erfahrenen Tauchern gef\u00fchrten Tauchg\u00e4ngen teilnehmen zu k\u00f6nnen. Die\u2026","rel":"","context":"\u00c4hnlicher Beitrag","block_context":{"text":"\u00c4hnlicher Beitrag","link":""},"img":{"alt_text":"","src":"","width":0,"height":0},"classes":[]},{"id":3777,"url":"http:\/\/www.wolpertingersfc.de\/?p=3777","url_meta":{"origin":2793,"position":2},"title":"Wolpertinger Erste Hilfe Kurs","author":"Wolpertingersfc","date":"15. Oktober 2025","format":false,"excerpt":"Einige Taucher ben\u00f6tigen das DLRG-Rettungsabzeichen in Silber, wof\u00fcr ein aktueller Erste-Hilfe-Kurs Voraussetzung ist. Daher entstand die Idee, einen eigenen Kurs zu organisieren, der von einem zertifizierten Ausbilder geleitet wird. Sollte es noch freie Pl\u00e4tze geben, k\u00f6nnten auch \u00dcbungsleiter aus anderen Abteilungen teilnehmen. Am Ende wurde der Kurs f\u00fcr alle Mitglieder\u2026","rel":"","context":"\u00c4hnlicher Beitrag","block_context":{"text":"\u00c4hnlicher Beitrag","link":""},"img":{"alt_text":"","src":"https:\/\/i0.wp.com\/www.wolpertingersfc.de\/wp-content\/uploads\/2025\/10\/Bild1.png?resize=350%2C200","width":350,"height":200},"classes":[]},{"id":3720,"url":"http:\/\/www.wolpertingersfc.de\/?p=3720","url_meta":{"origin":2793,"position":3},"title":"Notfalltasche zur Laienreanimation","author":"Wolpertingersfc","date":"2. Dezember 2024","format":false,"excerpt":"Im Rahmen des Projektes \"Herzsicher\" hat die Bj\u00f6rn Steiger Stiftung die Vision, m\u00f6glichst viele Personen in der Laienreanimation auszubilden und alle Vereine kostenlos mit einer Notfalltasche zur Laienreanimation auszustatten. Diese Initiative zielt darauf ab, die Sicherheit in Sportvereinen zu erh\u00f6hen und im Ernstfall schnelle, lebensrettende Ma\u00dfnahmen zu erm\u00f6glichen. Das Projekt\u2026","rel":"","context":"\u00c4hnlicher Beitrag","block_context":{"text":"\u00c4hnlicher Beitrag","link":""},"img":{"alt_text":"","src":"https:\/\/i0.wp.com\/www.wolpertingersfc.de\/wp-content\/uploads\/2024\/12\/Bild1.png?resize=350%2C200","width":350,"height":200,"srcset":"https:\/\/i0.wp.com\/www.wolpertingersfc.de\/wp-content\/uploads\/2024\/12\/Bild1.png?resize=350%2C200 1x, https:\/\/i0.wp.com\/www.wolpertingersfc.de\/wp-content\/uploads\/2024\/12\/Bild1.png?resize=525%2C300 1.5x"},"classes":[]},{"id":2429,"url":"http:\/\/www.wolpertingersfc.de\/?p=2429","url_meta":{"origin":2793,"position":4},"title":"Wolpertinger-Radtour 2018","author":"Wolpertingersfc","date":"15. Juni 2018","format":false,"excerpt":"Unsere 4-t\u00e4gige Wolpertinger-Radtour f\u00fchrte uns in diesem Jahr \u00fcber das Iller-, Wertach- und Lechtal von Ulm nach Augsburg. Nachdem alle 19 Teilnehmer, der j\u00fcngste Radler 17 Jahre und der \u00e4lteste Radler 76 Jahre alt, das Gep\u00e4ck und die Fahrr\u00e4der im Begleitfahrzeug verladen hatten, fuhren wir mit Bus und Bahn nach\u2026","rel":"","context":"In &quot;Radsport&quot;","block_context":{"text":"Radsport","link":"http:\/\/www.wolpertingersfc.de\/?cat=14"},"img":{"alt_text":"","src":"https:\/\/i0.wp.com\/www.wolpertingersfc.de\/wp-content\/uploads\/2018\/06\/2018-06-03-Radtour-Titelbild-444x333.jpg?resize=350%2C200","width":350,"height":200},"classes":[]},{"id":2642,"url":"http:\/\/www.wolpertingersfc.de\/?p=2642","url_meta":{"origin":2793,"position":5},"title":"Wanderung am 6. Januar 2019","author":"Wolpertingersfc","date":"9. Januar 2019","format":false,"excerpt":"Etwa zwanzig Wolpertinger aus den verschiedenen Abteilungen starteten mit der traditionellen Neujahrswanderung am 6. Januar in das Vereinsjahr 2019. Geplanter Treffpunkt war der Parkplatz bei der Druckerei Herrmann in Genkingen. Auf Grund der Wetterlage bzw. des Schneeregens wurde der Startpunkt f\u00fcr die Wanderung kurzerhand n\u00e4her an den Bolberg verlegt, einen\u2026","rel":"","context":"\u00c4hnlicher Beitrag","block_context":{"text":"\u00c4hnlicher Beitrag","link":""},"img":{"alt_text":"","src":"https:\/\/i0.wp.com\/www.wolpertingersfc.de\/wp-content\/uploads\/2019\/01\/20190106_144301-1000x750-e1547065246574-225x300.jpg?resize=350%2C200","width":350,"height":200},"classes":[]}],"_links":{"self":[{"href":"http:\/\/www.wolpertingersfc.de\/index.php?rest_route=\/wp\/v2\/posts\/2793","targetHints":{"allow":["GET"]}}],"collection":[{"href":"http:\/\/www.wolpertingersfc.de\/index.php?rest_route=\/wp\/v2\/posts"}],"about":[{"href":"http:\/\/www.wolpertingersfc.de\/index.php?rest_route=\/wp\/v2\/types\/post"}],"author":[{"embeddable":true,"href":"http:\/\/www.wolpertingersfc.de\/index.php?rest_route=\/wp\/v2\/users\/1"}],"replies":[{"embeddable":true,"href":"http:\/\/www.wolpertingersfc.de\/index.php?rest_route=%2Fwp%2Fv2%2Fcomments&post=2793"}],"version-history":[{"count":2,"href":"http:\/\/www.wolpertingersfc.de\/index.php?rest_route=\/wp\/v2\/posts\/2793\/revisions"}],"predecessor-version":[{"id":2797,"href":"http:\/\/www.wolpertingersfc.de\/index.php?rest_route=\/wp\/v2\/posts\/2793\/revisions\/2797"}],"wp:attachment":[{"href":"http:\/\/www.wolpertingersfc.de\/index.php?rest_route=%2Fwp%2Fv2%2Fmedia&parent=2793"}],"wp:term":[{"taxonomy":"category","embeddable":true,"href":"http:\/\/www.wolpertingersfc.de\/index.php?rest_route=%2Fwp%2Fv2%2Fcategories&post=2793"},{"taxonomy":"post_tag","embeddable":true,"href":"http:\/\/www.wolpertingersfc.de\/index.php?rest_route=%2Fwp%2Fv2%2Ftags&post=2793"}],"curies":[{"name":"wp","href":"https:\/\/api.w.org\/{rel}","templated":true}]}}