{"id":2774,"date":"2019-01-16T12:00:12","date_gmt":"2019-01-16T11:00:12","guid":{"rendered":"http:\/\/www.wolpertingersfc.de\/?p=2774"},"modified":"2019-01-16T12:16:22","modified_gmt":"2019-01-16T11:16:22","slug":"weihnachtstraining","status":"publish","type":"post","link":"http:\/\/www.wolpertingersfc.de\/?p=2774","title":{"rendered":"Weihnachtstraining"},"content":{"rendered":"<p><a href=\"https:\/\/i0.wp.com\/www.wolpertingersfc.de\/wp-content\/uploads\/2019\/01\/Tauchen_WT_2018_1.png\"><img data-recalc-dims=\"1\" loading=\"lazy\" decoding=\"async\" data-attachment-id=\"2775\" data-permalink=\"http:\/\/www.wolpertingersfc.de\/?attachment_id=2775\" data-orig-file=\"https:\/\/i0.wp.com\/www.wolpertingersfc.de\/wp-content\/uploads\/2019\/01\/Tauchen_WT_2018_1.png?fit=636%2C899\" data-orig-size=\"636,899\" data-comments-opened=\"1\" data-image-meta=\"{&quot;aperture&quot;:&quot;0&quot;,&quot;credit&quot;:&quot;&quot;,&quot;camera&quot;:&quot;&quot;,&quot;caption&quot;:&quot;&quot;,&quot;created_timestamp&quot;:&quot;0&quot;,&quot;copyright&quot;:&quot;&quot;,&quot;focal_length&quot;:&quot;0&quot;,&quot;iso&quot;:&quot;0&quot;,&quot;shutter_speed&quot;:&quot;0&quot;,&quot;title&quot;:&quot;&quot;,&quot;orientation&quot;:&quot;0&quot;}\" data-image-title=\"Tauchen_WT_2018_1\" data-image-description=\"\" data-image-caption=\"\" data-medium-file=\"https:\/\/i0.wp.com\/www.wolpertingersfc.de\/wp-content\/uploads\/2019\/01\/Tauchen_WT_2018_1.png?fit=212%2C300\" data-large-file=\"https:\/\/i0.wp.com\/www.wolpertingersfc.de\/wp-content\/uploads\/2019\/01\/Tauchen_WT_2018_1.png?fit=636%2C899\" class=\"alignright wp-image-2775\" src=\"https:\/\/i0.wp.com\/www.wolpertingersfc.de\/wp-content\/uploads\/2019\/01\/Tauchen_WT_2018_1.png?resize=300%2C424\" alt=\"\" width=\"300\" height=\"424\" srcset=\"https:\/\/i0.wp.com\/www.wolpertingersfc.de\/wp-content\/uploads\/2019\/01\/Tauchen_WT_2018_1.png?w=636 636w, https:\/\/i0.wp.com\/www.wolpertingersfc.de\/wp-content\/uploads\/2019\/01\/Tauchen_WT_2018_1.png?resize=212%2C300 212w, https:\/\/i0.wp.com\/www.wolpertingersfc.de\/wp-content\/uploads\/2019\/01\/Tauchen_WT_2018_1.png?resize=76%2C108 76w\" sizes=\"auto, (max-width: 300px) 100vw, 300px\" \/><\/a>Traditionell gestaltet Bert das letzte Training im Taucherjahr. Das Training wird dann weihnachtlich gestaltet. Auch wir Taucher wollen nicht auf das Ambiente verzichten, daher bringt er seinen sch\u00f6n geschm\u00fcckten Weihnachtsbaum mit und platziert ihn mittig unter Wasser im Hallenbad.<\/p>\n<p>Aus hygienischen Gr\u00fcnden handelt es sich um einen Kunststoffbaum, der gegen Auftrieb und Umfallen unter Wasser aufw\u00e4ndig gesichert werden muss.<\/p>\n<p>&nbsp;<\/p>\n<p>&nbsp;<\/p>\n<p>&nbsp;<\/p>\n<p style=\"text-align: left;\">Weihnachtsbaum bevor er unter Wasser platziert wurde<\/p>\n<p>&nbsp;<\/p>\n<p>Auch das sportliche Training hat einen Bezug zu Weihnachten, hier eine Taucherin beim Transport der Weihnachtsgeschenke:<\/p>\n<p><a href=\"https:\/\/i0.wp.com\/www.wolpertingersfc.de\/wp-content\/uploads\/2019\/01\/Tauchen_WT_2018_2.png\"><img data-recalc-dims=\"1\" loading=\"lazy\" decoding=\"async\" data-attachment-id=\"2776\" data-permalink=\"http:\/\/www.wolpertingersfc.de\/?attachment_id=2776\" data-orig-file=\"https:\/\/i0.wp.com\/www.wolpertingersfc.de\/wp-content\/uploads\/2019\/01\/Tauchen_WT_2018_2.png?fit=1040%2C541\" data-orig-size=\"1040,541\" data-comments-opened=\"1\" data-image-meta=\"{&quot;aperture&quot;:&quot;0&quot;,&quot;credit&quot;:&quot;&quot;,&quot;camera&quot;:&quot;&quot;,&quot;caption&quot;:&quot;&quot;,&quot;created_timestamp&quot;:&quot;0&quot;,&quot;copyright&quot;:&quot;&quot;,&quot;focal_length&quot;:&quot;0&quot;,&quot;iso&quot;:&quot;0&quot;,&quot;shutter_speed&quot;:&quot;0&quot;,&quot;title&quot;:&quot;&quot;,&quot;orientation&quot;:&quot;0&quot;}\" data-image-title=\"Tauchen_WT_2018_2\" data-image-description=\"\" data-image-caption=\"\" data-medium-file=\"https:\/\/i0.wp.com\/www.wolpertingersfc.de\/wp-content\/uploads\/2019\/01\/Tauchen_WT_2018_2.png?fit=300%2C156\" data-large-file=\"https:\/\/i0.wp.com\/www.wolpertingersfc.de\/wp-content\/uploads\/2019\/01\/Tauchen_WT_2018_2.png?fit=863%2C449\" class=\"alignnone wp-image-2776\" src=\"https:\/\/i0.wp.com\/www.wolpertingersfc.de\/wp-content\/uploads\/2019\/01\/Tauchen_WT_2018_2.png?resize=800%2C416\" alt=\"\" width=\"800\" height=\"416\" srcset=\"https:\/\/i0.wp.com\/www.wolpertingersfc.de\/wp-content\/uploads\/2019\/01\/Tauchen_WT_2018_2.png?w=1040 1040w, https:\/\/i0.wp.com\/www.wolpertingersfc.de\/wp-content\/uploads\/2019\/01\/Tauchen_WT_2018_2.png?resize=300%2C156 300w, https:\/\/i0.wp.com\/www.wolpertingersfc.de\/wp-content\/uploads\/2019\/01\/Tauchen_WT_2018_2.png?resize=768%2C400 768w, https:\/\/i0.wp.com\/www.wolpertingersfc.de\/wp-content\/uploads\/2019\/01\/Tauchen_WT_2018_2.png?resize=1024%2C533 1024w, https:\/\/i0.wp.com\/www.wolpertingersfc.de\/wp-content\/uploads\/2019\/01\/Tauchen_WT_2018_2.png?resize=863%2C449 863w, https:\/\/i0.wp.com\/www.wolpertingersfc.de\/wp-content\/uploads\/2019\/01\/Tauchen_WT_2018_2.png?resize=208%2C108 208w\" sizes=\"auto, (max-width: 800px) 100vw, 800px\" \/><\/a><\/p>\n<p>&nbsp;<\/p>\n<p>Nach dem sportlichen Teil, klingt das Training mit Spielen aus.<br \/>\nHier 2 Bilder vom Tauziehen:<\/p>\n<p><a href=\"https:\/\/i0.wp.com\/www.wolpertingersfc.de\/wp-content\/uploads\/2019\/01\/Tauchen_WT_2018_3.png\"><img data-recalc-dims=\"1\" loading=\"lazy\" decoding=\"async\" data-attachment-id=\"2777\" data-permalink=\"http:\/\/www.wolpertingersfc.de\/?attachment_id=2777\" data-orig-file=\"https:\/\/i0.wp.com\/www.wolpertingersfc.de\/wp-content\/uploads\/2019\/01\/Tauchen_WT_2018_3.png?fit=1225%2C647\" data-orig-size=\"1225,647\" data-comments-opened=\"1\" data-image-meta=\"{&quot;aperture&quot;:&quot;0&quot;,&quot;credit&quot;:&quot;&quot;,&quot;camera&quot;:&quot;&quot;,&quot;caption&quot;:&quot;&quot;,&quot;created_timestamp&quot;:&quot;0&quot;,&quot;copyright&quot;:&quot;&quot;,&quot;focal_length&quot;:&quot;0&quot;,&quot;iso&quot;:&quot;0&quot;,&quot;shutter_speed&quot;:&quot;0&quot;,&quot;title&quot;:&quot;&quot;,&quot;orientation&quot;:&quot;0&quot;}\" data-image-title=\"Tauchen_WT_2018_3\" data-image-description=\"\" data-image-caption=\"\" data-medium-file=\"https:\/\/i0.wp.com\/www.wolpertingersfc.de\/wp-content\/uploads\/2019\/01\/Tauchen_WT_2018_3.png?fit=300%2C158\" data-large-file=\"https:\/\/i0.wp.com\/www.wolpertingersfc.de\/wp-content\/uploads\/2019\/01\/Tauchen_WT_2018_3.png?fit=863%2C456\" class=\"alignnone wp-image-2777\" src=\"https:\/\/i0.wp.com\/www.wolpertingersfc.de\/wp-content\/uploads\/2019\/01\/Tauchen_WT_2018_3.png?resize=800%2C423\" alt=\"\" width=\"800\" height=\"423\" srcset=\"https:\/\/i0.wp.com\/www.wolpertingersfc.de\/wp-content\/uploads\/2019\/01\/Tauchen_WT_2018_3.png?w=1225 1225w, https:\/\/i0.wp.com\/www.wolpertingersfc.de\/wp-content\/uploads\/2019\/01\/Tauchen_WT_2018_3.png?resize=300%2C158 300w, https:\/\/i0.wp.com\/www.wolpertingersfc.de\/wp-content\/uploads\/2019\/01\/Tauchen_WT_2018_3.png?resize=768%2C406 768w, https:\/\/i0.wp.com\/www.wolpertingersfc.de\/wp-content\/uploads\/2019\/01\/Tauchen_WT_2018_3.png?resize=1024%2C541 1024w, https:\/\/i0.wp.com\/www.wolpertingersfc.de\/wp-content\/uploads\/2019\/01\/Tauchen_WT_2018_3.png?resize=863%2C456 863w, https:\/\/i0.wp.com\/www.wolpertingersfc.de\/wp-content\/uploads\/2019\/01\/Tauchen_WT_2018_3.png?resize=204%2C108 204w\" sizes=\"auto, (max-width: 800px) 100vw, 800px\" \/><\/a><\/p>\n<p><a href=\"https:\/\/i0.wp.com\/www.wolpertingersfc.de\/wp-content\/uploads\/2019\/01\/Tauchen_WT_2018_4.png\"><img data-recalc-dims=\"1\" loading=\"lazy\" decoding=\"async\" data-attachment-id=\"2778\" data-permalink=\"http:\/\/www.wolpertingersfc.de\/?attachment_id=2778\" data-orig-file=\"https:\/\/i0.wp.com\/www.wolpertingersfc.de\/wp-content\/uploads\/2019\/01\/Tauchen_WT_2018_4.png?fit=1146%2C449\" data-orig-size=\"1146,449\" data-comments-opened=\"1\" data-image-meta=\"{&quot;aperture&quot;:&quot;0&quot;,&quot;credit&quot;:&quot;&quot;,&quot;camera&quot;:&quot;&quot;,&quot;caption&quot;:&quot;&quot;,&quot;created_timestamp&quot;:&quot;0&quot;,&quot;copyright&quot;:&quot;&quot;,&quot;focal_length&quot;:&quot;0&quot;,&quot;iso&quot;:&quot;0&quot;,&quot;shutter_speed&quot;:&quot;0&quot;,&quot;title&quot;:&quot;&quot;,&quot;orientation&quot;:&quot;0&quot;}\" data-image-title=\"Tauchen_WT_2018_4\" data-image-description=\"\" data-image-caption=\"\" data-medium-file=\"https:\/\/i0.wp.com\/www.wolpertingersfc.de\/wp-content\/uploads\/2019\/01\/Tauchen_WT_2018_4.png?fit=300%2C118\" data-large-file=\"https:\/\/i0.wp.com\/www.wolpertingersfc.de\/wp-content\/uploads\/2019\/01\/Tauchen_WT_2018_4.png?fit=863%2C338\" class=\"alignnone wp-image-2778\" src=\"https:\/\/i0.wp.com\/www.wolpertingersfc.de\/wp-content\/uploads\/2019\/01\/Tauchen_WT_2018_4.png?resize=800%2C313\" alt=\"\" width=\"800\" height=\"313\" srcset=\"https:\/\/i0.wp.com\/www.wolpertingersfc.de\/wp-content\/uploads\/2019\/01\/Tauchen_WT_2018_4.png?w=1146 1146w, https:\/\/i0.wp.com\/www.wolpertingersfc.de\/wp-content\/uploads\/2019\/01\/Tauchen_WT_2018_4.png?resize=300%2C118 300w, https:\/\/i0.wp.com\/www.wolpertingersfc.de\/wp-content\/uploads\/2019\/01\/Tauchen_WT_2018_4.png?resize=768%2C301 768w, https:\/\/i0.wp.com\/www.wolpertingersfc.de\/wp-content\/uploads\/2019\/01\/Tauchen_WT_2018_4.png?resize=1024%2C401 1024w, https:\/\/i0.wp.com\/www.wolpertingersfc.de\/wp-content\/uploads\/2019\/01\/Tauchen_WT_2018_4.png?resize=863%2C338 863w, https:\/\/i0.wp.com\/www.wolpertingersfc.de\/wp-content\/uploads\/2019\/01\/Tauchen_WT_2018_4.png?resize=276%2C108 276w\" sizes=\"auto, (max-width: 800px) 100vw, 800px\" \/><\/a><\/p>\n<p>Als wir wieder trocken und umgezogen waren, gab es zum Jahresabschluss noch Punsch, Gl\u00fchwein und diverses Weihnachtsgeb\u00e4ck.<\/p>\n<p>Hartmut<\/p>\n","protected":false},"excerpt":{"rendered":"<p>Traditionell gestaltet Bert das letzte Training im Taucherjahr. Das Training wird dann weihnachtlich gestaltet. Auch wir Taucher wollen nicht auf das Ambiente verzichten, daher bringt er seinen sch\u00f6n geschm\u00fcckten Weihnachtsbaum mit und platziert ihn mittig unter Wasser im Hallenbad. Aus hygienischen Gr\u00fcnden handelt es sich um einen Kunststoffbaum, der gegen Auftrieb und Umfallen unter Wasser &hellip; <a href=\"http:\/\/www.wolpertingersfc.de\/?p=2774\" class=\"more-link\"><span class=\"screen-reader-text\">Weihnachtstraining<\/span> weiterlesen<\/a><\/p>\n","protected":false},"author":1,"featured_media":0,"comment_status":"open","ping_status":"open","sticky":false,"template":"","format":"standard","meta":{"jetpack_post_was_ever_published":false,"_jetpack_newsletter_access":"","_jetpack_dont_email_post_to_subs":false,"_jetpack_newsletter_tier_id":0,"_jetpack_memberships_contains_paywalled_content":false,"_jetpack_memberships_contains_paid_content":false,"footnotes":"","jetpack_publicize_message":"","jetpack_publicize_feature_enabled":true,"jetpack_social_post_already_shared":true,"jetpack_social_options":{"image_generator_settings":{"template":"highway","default_image_id":0,"font":"","enabled":false},"version":2}},"categories":[8],"tags":[],"class_list":["post-2774","post","type-post","status-publish","format-standard","hentry","category-tauchen"],"jetpack_publicize_connections":[],"jetpack_featured_media_url":"","jetpack_sharing_enabled":true,"jetpack_shortlink":"https:\/\/wp.me\/p8FTYK-IK","jetpack-related-posts":[{"id":3518,"url":"http:\/\/www.wolpertingersfc.de\/?p=3518","url_meta":{"origin":2774,"position":0},"title":"Wolpertinger Radtour vom 4. bis 7. Juni 2022","author":"Wolpertingersfc","date":"14. Juni 2022","format":false,"excerpt":"Am fr\u00fchen Samstagmorgen starteten 14 Wolpertinger mit privaten Autos nach W\u00fcrzburg, wo unsere diesj\u00e4hrige Radtour begann und auch endete. Auf der Fahrt hatten wir jede Menge Regen, aber Petrus meinte es gut mit uns, wir hatten ideales Radwetter und wurden in den 4 Tagen nie nass. Los ging es von\u2026","rel":"","context":"\u00c4hnlicher Beitrag","block_context":{"text":"\u00c4hnlicher Beitrag","link":""},"img":{"alt_text":"","src":"https:\/\/i0.wp.com\/www.wolpertingersfc.de\/wp-content\/uploads\/2022\/06\/IMG-20220604-WA0025.jpg?resize=350%2C200","width":350,"height":200,"srcset":"https:\/\/i0.wp.com\/www.wolpertingersfc.de\/wp-content\/uploads\/2022\/06\/IMG-20220604-WA0025.jpg?resize=350%2C200 1x, https:\/\/i0.wp.com\/www.wolpertingersfc.de\/wp-content\/uploads\/2022\/06\/IMG-20220604-WA0025.jpg?resize=525%2C300 1.5x, https:\/\/i0.wp.com\/www.wolpertingersfc.de\/wp-content\/uploads\/2022\/06\/IMG-20220604-WA0025.jpg?resize=700%2C400 2x, https:\/\/i0.wp.com\/www.wolpertingersfc.de\/wp-content\/uploads\/2022\/06\/IMG-20220604-WA0025.jpg?resize=1050%2C600 3x, https:\/\/i0.wp.com\/www.wolpertingersfc.de\/wp-content\/uploads\/2022\/06\/IMG-20220604-WA0025.jpg?resize=1400%2C800 4x"},"classes":[]},{"id":2535,"url":"http:\/\/www.wolpertingersfc.de\/?p=2535","url_meta":{"origin":2774,"position":1},"title":"Paddelwochenende in \u00dcberlingen vom 22. -24. Juni 2018","author":"Wolpertingersfc","date":"2. Juli 2018","format":false,"excerpt":"Unser ehemaliger Wolpertinger Markus lud auch dieses Jahr zum Paddeln auf das Gel\u00e4nde des Paddelclubs \u00dcberlingen ein. F\u00fcnfzehn Wolpertinger reisten am Freitag, teils sehr sportlich mit Fahrrad, oder gut bepackten Autos an. Manch einer testete sofort das sehr erfrischende Wasser\u2026 Nach Zeltaufbau und Vesper folgte ein gem\u00fctlicher Abend bei frischen\u2026","rel":"","context":"In &quot;Kajak&quot;","block_context":{"text":"Kajak","link":"http:\/\/www.wolpertingersfc.de\/?cat=12"},"img":{"alt_text":"","src":"https:\/\/i0.wp.com\/www.wolpertingersfc.de\/wp-content\/uploads\/2018\/07\/Rheinfahrt52-1200x900.jpg?resize=350%2C200","width":350,"height":200,"srcset":"https:\/\/i0.wp.com\/www.wolpertingersfc.de\/wp-content\/uploads\/2018\/07\/Rheinfahrt52-1200x900.jpg?resize=350%2C200 1x, https:\/\/i0.wp.com\/www.wolpertingersfc.de\/wp-content\/uploads\/2018\/07\/Rheinfahrt52-1200x900.jpg?resize=525%2C300 1.5x, https:\/\/i0.wp.com\/www.wolpertingersfc.de\/wp-content\/uploads\/2018\/07\/Rheinfahrt52-1200x900.jpg?resize=700%2C400 2x, https:\/\/i0.wp.com\/www.wolpertingersfc.de\/wp-content\/uploads\/2018\/07\/Rheinfahrt52-1200x900.jpg?resize=1050%2C600 3x"},"classes":[]},{"id":2351,"url":"http:\/\/www.wolpertingersfc.de\/?p=2351","url_meta":{"origin":2774,"position":2},"title":"Einweihung Kletterwanderweiterung &#038; Tag der offenen T\u00fcr des Evangelischen Kindergartens","author":"Wolpertingersfc","date":"5. Mai 2018","format":false,"excerpt":"Gleich zwei Anl\u00e4sse gab es am Samstag, 5. Mai im Garten des Evangelischen Kindergartens bei sch\u00f6nstem Fr\u00fchsommerwetter zu feiern: Die Einweihung der Wolpertinger-Kletterwanderweiterung und den Tag der offenen T\u00fcr des Evangelischen Kindergartens. Eine tolle Atmosph\u00e4re nutzten viele zum Kennenlernen der Kletterwand und des Kindergartens: Eltern und Kinder, auch viele ehemalige,\u2026","rel":"","context":"In &quot;Klettern&quot;","block_context":{"text":"Klettern","link":"http:\/\/www.wolpertingersfc.de\/?cat=13"},"img":{"alt_text":"","src":"https:\/\/i0.wp.com\/www.wolpertingersfc.de\/wp-content\/uploads\/2018\/05\/P1060145-1280x721-768x433.jpg?resize=350%2C200","width":350,"height":200,"srcset":"https:\/\/i0.wp.com\/www.wolpertingersfc.de\/wp-content\/uploads\/2018\/05\/P1060145-1280x721-768x433.jpg?resize=350%2C200 1x, https:\/\/i0.wp.com\/www.wolpertingersfc.de\/wp-content\/uploads\/2018\/05\/P1060145-1280x721-768x433.jpg?resize=525%2C300 1.5x, https:\/\/i0.wp.com\/www.wolpertingersfc.de\/wp-content\/uploads\/2018\/05\/P1060145-1280x721-768x433.jpg?resize=700%2C400 2x"},"classes":[]},{"id":3690,"url":"http:\/\/www.wolpertingersfc.de\/?p=3690","url_meta":{"origin":2774,"position":3},"title":"Paddelwochenende in \u00dcberlingen vom 14.-16.6.24","author":"Wolpertingersfc","date":"18. Juni 2024","format":false,"excerpt":"Der Wettergott meinte es doch noch gut mit den zw\u00f6lf Wolpertingern, die am Freitag Mittag ins Paddelwochenende starteten. Kaum waren die Zelte im Paddelclub \u00dcberlingen aufgebaut, suchten wir uns ein sch\u00f6nes Pl\u00e4tzchen im Strandbad Ost, wo wir bei Public viewing den Erfolg der deutschen Mannschaft mitfeiern konnten. Der Samstag begann\u2026","rel":"","context":"\u00c4hnlicher Beitrag","block_context":{"text":"\u00c4hnlicher Beitrag","link":""},"img":{"alt_text":"","src":"https:\/\/i0.wp.com\/www.wolpertingersfc.de\/wp-content\/uploads\/2024\/06\/2024-Paddelausfahrt-Gruppenbild-scaled.jpg?resize=350%2C200","width":350,"height":200,"srcset":"https:\/\/i0.wp.com\/www.wolpertingersfc.de\/wp-content\/uploads\/2024\/06\/2024-Paddelausfahrt-Gruppenbild-scaled.jpg?resize=350%2C200 1x, https:\/\/i0.wp.com\/www.wolpertingersfc.de\/wp-content\/uploads\/2024\/06\/2024-Paddelausfahrt-Gruppenbild-scaled.jpg?resize=525%2C300 1.5x, https:\/\/i0.wp.com\/www.wolpertingersfc.de\/wp-content\/uploads\/2024\/06\/2024-Paddelausfahrt-Gruppenbild-scaled.jpg?resize=700%2C400 2x, https:\/\/i0.wp.com\/www.wolpertingersfc.de\/wp-content\/uploads\/2024\/06\/2024-Paddelausfahrt-Gruppenbild-scaled.jpg?resize=1050%2C600 3x, https:\/\/i0.wp.com\/www.wolpertingersfc.de\/wp-content\/uploads\/2024\/06\/2024-Paddelausfahrt-Gruppenbild-scaled.jpg?resize=1400%2C800 4x"},"classes":[]},{"id":3601,"url":"http:\/\/www.wolpertingersfc.de\/?p=3601","url_meta":{"origin":2774,"position":4},"title":"Wolpertinger-Radtour 2023 17.-20.06.2023","author":"Wolpertingersfc","date":"28. Juli 2023","format":false,"excerpt":"Unsere diesj\u00e4hrige Wolpertinger-Radtour ging dieses Mal in das sch\u00f6ne Oberbayern. Unser Startpunkt der Tour war Gauting im S\u00fcden von M\u00fcnchen. Von dort aus radelten wir \u00fcber Schlehdorf am Kochelsee nach Fall am Sylvensteinsee, zum Walchensee zum Baden und wieder zur\u00fcck nach Gauting zu unserem Startpunkt. In 4 Tagen bew\u00e4ltigten wir\u2026","rel":"","context":"\u00c4hnlicher Beitrag","block_context":{"text":"\u00c4hnlicher Beitrag","link":""},"img":{"alt_text":"","src":"https:\/\/i0.wp.com\/www.wolpertingersfc.de\/wp-content\/uploads\/2023\/07\/Bild3.png?resize=350%2C200","width":350,"height":200,"srcset":"https:\/\/i0.wp.com\/www.wolpertingersfc.de\/wp-content\/uploads\/2023\/07\/Bild3.png?resize=350%2C200 1x, https:\/\/i0.wp.com\/www.wolpertingersfc.de\/wp-content\/uploads\/2023\/07\/Bild3.png?resize=525%2C300 1.5x"},"classes":[]},{"id":3777,"url":"http:\/\/www.wolpertingersfc.de\/?p=3777","url_meta":{"origin":2774,"position":5},"title":"Wolpertinger Erste Hilfe Kurs","author":"Wolpertingersfc","date":"15. Oktober 2025","format":false,"excerpt":"Einige Taucher ben\u00f6tigen das DLRG-Rettungsabzeichen in Silber, wof\u00fcr ein aktueller Erste-Hilfe-Kurs Voraussetzung ist. Daher entstand die Idee, einen eigenen Kurs zu organisieren, der von einem zertifizierten Ausbilder geleitet wird. Sollte es noch freie Pl\u00e4tze geben, k\u00f6nnten auch \u00dcbungsleiter aus anderen Abteilungen teilnehmen. Am Ende wurde der Kurs f\u00fcr alle Mitglieder\u2026","rel":"","context":"\u00c4hnlicher Beitrag","block_context":{"text":"\u00c4hnlicher Beitrag","link":""},"img":{"alt_text":"","src":"https:\/\/i0.wp.com\/www.wolpertingersfc.de\/wp-content\/uploads\/2025\/10\/Bild1.png?resize=350%2C200","width":350,"height":200},"classes":[]}],"_links":{"self":[{"href":"http:\/\/www.wolpertingersfc.de\/index.php?rest_route=\/wp\/v2\/posts\/2774","targetHints":{"allow":["GET"]}}],"collection":[{"href":"http:\/\/www.wolpertingersfc.de\/index.php?rest_route=\/wp\/v2\/posts"}],"about":[{"href":"http:\/\/www.wolpertingersfc.de\/index.php?rest_route=\/wp\/v2\/types\/post"}],"author":[{"embeddable":true,"href":"http:\/\/www.wolpertingersfc.de\/index.php?rest_route=\/wp\/v2\/users\/1"}],"replies":[{"embeddable":true,"href":"http:\/\/www.wolpertingersfc.de\/index.php?rest_route=%2Fwp%2Fv2%2Fcomments&post=2774"}],"version-history":[{"count":8,"href":"http:\/\/www.wolpertingersfc.de\/index.php?rest_route=\/wp\/v2\/posts\/2774\/revisions"}],"predecessor-version":[{"id":2786,"href":"http:\/\/www.wolpertingersfc.de\/index.php?rest_route=\/wp\/v2\/posts\/2774\/revisions\/2786"}],"wp:attachment":[{"href":"http:\/\/www.wolpertingersfc.de\/index.php?rest_route=%2Fwp%2Fv2%2Fmedia&parent=2774"}],"wp:term":[{"taxonomy":"category","embeddable":true,"href":"http:\/\/www.wolpertingersfc.de\/index.php?rest_route=%2Fwp%2Fv2%2Fcategories&post=2774"},{"taxonomy":"post_tag","embeddable":true,"href":"http:\/\/www.wolpertingersfc.de\/index.php?rest_route=%2Fwp%2Fv2%2Ftags&post=2774"}],"curies":[{"name":"wp","href":"https:\/\/api.w.org\/{rel}","templated":true}]}}