{"id":2629,"date":"2018-12-17T20:33:42","date_gmt":"2018-12-17T19:33:42","guid":{"rendered":"http:\/\/www.wolpertingersfc.de\/?p=2629"},"modified":"2018-12-17T20:33:42","modified_gmt":"2018-12-17T19:33:42","slug":"frohes-fest-und-guter-rutsch","status":"publish","type":"post","link":"http:\/\/www.wolpertingersfc.de\/?p=2629","title":{"rendered":"Frohes Fest und guter Rutsch"},"content":{"rendered":"<h3 style=\"text-align: center\"><strong><img data-recalc-dims=\"1\" loading=\"lazy\" decoding=\"async\" data-attachment-id=\"2635\" data-permalink=\"http:\/\/www.wolpertingersfc.de\/?attachment_id=2635\" data-orig-file=\"https:\/\/i0.wp.com\/www.wolpertingersfc.de\/wp-content\/uploads\/2018\/12\/Weihnachtsbaum.jpg?fit=653%2C737\" data-orig-size=\"653,737\" data-comments-opened=\"1\" data-image-meta=\"{&quot;aperture&quot;:&quot;0&quot;,&quot;credit&quot;:&quot;Sigi&quot;,&quot;camera&quot;:&quot;&quot;,&quot;caption&quot;:&quot;&quot;,&quot;created_timestamp&quot;:&quot;1545078356&quot;,&quot;copyright&quot;:&quot;&quot;,&quot;focal_length&quot;:&quot;0&quot;,&quot;iso&quot;:&quot;0&quot;,&quot;shutter_speed&quot;:&quot;0&quot;,&quot;title&quot;:&quot;&quot;,&quot;orientation&quot;:&quot;0&quot;}\" data-image-title=\"Weihnachtsbaum\" data-image-description=\"\" data-image-caption=\"\" data-medium-file=\"https:\/\/i0.wp.com\/www.wolpertingersfc.de\/wp-content\/uploads\/2018\/12\/Weihnachtsbaum.jpg?fit=266%2C300\" data-large-file=\"https:\/\/i0.wp.com\/www.wolpertingersfc.de\/wp-content\/uploads\/2018\/12\/Weihnachtsbaum.jpg?fit=653%2C737\" class=\"wp-image-2635 alignleft\" src=\"https:\/\/i0.wp.com\/www.wolpertingersfc.de\/wp-content\/uploads\/2018\/12\/Weihnachtsbaum.jpg?resize=135%2C152\" alt=\"\" width=\"135\" height=\"152\" srcset=\"https:\/\/i0.wp.com\/www.wolpertingersfc.de\/wp-content\/uploads\/2018\/12\/Weihnachtsbaum.jpg?resize=266%2C300 266w, https:\/\/i0.wp.com\/www.wolpertingersfc.de\/wp-content\/uploads\/2018\/12\/Weihnachtsbaum.jpg?resize=96%2C108 96w, https:\/\/i0.wp.com\/www.wolpertingersfc.de\/wp-content\/uploads\/2018\/12\/Weihnachtsbaum.jpg?w=653 653w\" sizes=\"auto, (max-width: 135px) 100vw, 135px\" \/><\/strong><\/h3>\n<h3 style=\"text-align: center\"><strong>Wir w\u00fcnschen allen unseren Mitgliedern, Trainern, \u00dcbungsleitern und Helfern<br \/>\n<\/strong><\/h3>\n<h3 style=\"text-align: center\"><strong>sowie allen Freunden und Bekannten<br \/>\nein frohes Weihnachtsfest und ein erfolgreiches, gl\u00fcckliches,<br \/>\nsportlich aktives sowie gesundes Jahr 2019.<\/strong><\/h3>\n<h3 style=\"text-align: center\"><strong>P\u00fcnktlich zum Schulanfang im Januar 2019 beginnen wir wieder mit unserem bew\u00e4hrten Sportprogramm und w\u00fcrden uns freuen, wenn wir euch\/sie in unserem Verein begr\u00fc\u00dfen d\u00fcrften.<\/strong><\/h3>\n<p style=\"text-align: center\"><strong>Unsere Trainingszeiten f\u00fcr Zirkus, Tauchen, Klettern, Fitnesstraining<br \/>\ns<\/strong><strong>owie O<\/strong><strong style=\"font-size: 16px\">rientalischer Tanz und Yoga findet ihr in unserem Schaukasten beim Lokschuppen<br \/>\noder hier auf unserer Internetseite<\/strong><\/p>\n<h3 style=\"text-align: center\"><strong>Die Vereinsleitung<br \/>\n<\/strong><\/h3>\n","protected":false},"excerpt":{"rendered":"<p>Wir w\u00fcnschen allen unseren Mitgliedern, Trainern, \u00dcbungsleitern und Helfern sowie allen Freunden und Bekannten ein frohes Weihnachtsfest und ein erfolgreiches, gl\u00fcckliches, sportlich aktives sowie gesundes Jahr 2019. P\u00fcnktlich zum Schulanfang im Januar 2019 beginnen wir wieder mit unserem bew\u00e4hrten Sportprogramm und w\u00fcrden uns freuen, wenn wir euch\/sie in unserem Verein begr\u00fc\u00dfen d\u00fcrften. Unsere Trainingszeiten f\u00fcr &hellip; <a href=\"http:\/\/www.wolpertingersfc.de\/?p=2629\" class=\"more-link\"><span class=\"screen-reader-text\">Frohes Fest und guter Rutsch<\/span> weiterlesen<\/a><\/p>\n","protected":false},"author":4,"featured_media":0,"comment_status":"open","ping_status":"open","sticky":false,"template":"","format":"standard","meta":{"jetpack_post_was_ever_published":false,"_jetpack_newsletter_access":"","_jetpack_dont_email_post_to_subs":false,"_jetpack_newsletter_tier_id":0,"_jetpack_memberships_contains_paywalled_content":false,"_jetpack_memberships_contains_paid_content":false,"footnotes":"","jetpack_publicize_message":"","jetpack_publicize_feature_enabled":true,"jetpack_social_post_already_shared":true,"jetpack_social_options":{"image_generator_settings":{"template":"highway","default_image_id":0,"font":"","enabled":false},"version":2}},"categories":[1],"tags":[],"class_list":["post-2629","post","type-post","status-publish","format-standard","hentry","category-uncategorized"],"jetpack_publicize_connections":[],"jetpack_featured_media_url":"","jetpack_sharing_enabled":true,"jetpack_shortlink":"https:\/\/wp.me\/p8FTYK-Gp","jetpack-related-posts":[{"id":2178,"url":"http:\/\/www.wolpertingersfc.de\/?p=2178","url_meta":{"origin":2629,"position":0},"title":"Neues Sportangebot ab Januar 2018: Orientalisches Tanzen","author":"Wolpertingersfc","date":"3. Dezember 2017","format":false,"excerpt":"M\u00f6chtest Du etwas f\u00fcr K\u00f6rper und Seele tun? Der Orientalische Tanz ist hierzu bestens geeignet. In unserem Kurs sollen die St\u00e4rkung der Muskulatur, des ganzen K\u00f6rpers, die Koordination sowie die Beweglichkeit ge\u00fcbt werden. Mit weichen, flie\u00dfenden und kraftvollen Bewegungen wollen wir unseren K\u00f6rper aktivieren, aber auch zur Entspannung beitragen. Unsere\u2026","rel":"","context":"\u00c4hnlicher Beitrag","block_context":{"text":"\u00c4hnlicher Beitrag","link":""},"img":{"alt_text":"","src":"","width":0,"height":0},"classes":[]},{"id":3704,"url":"http:\/\/www.wolpertingersfc.de\/?p=3704","url_meta":{"origin":2629,"position":1},"title":"Bouleplatzeinweihung und Bouleturnier","author":"Wolpertingersfc","date":"23. September 2024","format":false,"excerpt":"Endlich war es soweit, der Bouleplatz G\u00f6nningen konnte am 08.September 2024 mit einem \u00fcberaus spannenden und kurzweiligen Bouleturnier mit sage und schreibe 18 Mann(Frau)schaften sowie den Reden der Bezirksb\u00fcrgermeisterin Christel Pahl und den Vereinsvorsitzenden Klaus-Dieter Modrow vom Wolpertinger Sport- und Freizeitclub e.V. und Markus Scheurer von der TG G\u00f6nningen eingeweiht\u2026","rel":"","context":"\u00c4hnlicher Beitrag","block_context":{"text":"\u00c4hnlicher Beitrag","link":""},"img":{"alt_text":"","src":"https:\/\/i0.wp.com\/www.wolpertingersfc.de\/wp-content\/uploads\/2024\/09\/20240723_152711-300x225.jpg?resize=350%2C200","width":350,"height":200},"classes":[]},{"id":3680,"url":"http:\/\/www.wolpertingersfc.de\/?p=3680","url_meta":{"origin":2629,"position":2},"title":"Bouleplatz G\u00f6nningen &#8211; Spatenstich und Baubeginn","author":"Wolpertingersfc","date":"11. Juni 2024","format":false,"excerpt":"Wie ihr sicherlich schon aus der Presse vernommen habt, baut der Wolpertinger Sport- und Freizeitclub e.V. gemeinsam mit der TG G\u00f6nningen e.V. einen Bouleplatz auf dem Spielplatz B\u00e4ckergasse, direkt hinter unserem Nahversorger Hummel in der Ortsmitte von G\u00f6nningen. Der Spatenstich erfolgte am 07.06.24 unter Mitwirkung von Bezirksb\u00fcrgermeisterin Christel Pahl, Vertretern\u2026","rel":"","context":"\u00c4hnlicher Beitrag","block_context":{"text":"\u00c4hnlicher Beitrag","link":""},"img":{"alt_text":"","src":"https:\/\/i0.wp.com\/www.wolpertingersfc.de\/wp-content\/uploads\/2024\/06\/Baubeginn-scaled.jpg?resize=350%2C200","width":350,"height":200,"srcset":"https:\/\/i0.wp.com\/www.wolpertingersfc.de\/wp-content\/uploads\/2024\/06\/Baubeginn-scaled.jpg?resize=350%2C200 1x, https:\/\/i0.wp.com\/www.wolpertingersfc.de\/wp-content\/uploads\/2024\/06\/Baubeginn-scaled.jpg?resize=525%2C300 1.5x, https:\/\/i0.wp.com\/www.wolpertingersfc.de\/wp-content\/uploads\/2024\/06\/Baubeginn-scaled.jpg?resize=700%2C400 2x, https:\/\/i0.wp.com\/www.wolpertingersfc.de\/wp-content\/uploads\/2024\/06\/Baubeginn-scaled.jpg?resize=1050%2C600 3x, https:\/\/i0.wp.com\/www.wolpertingersfc.de\/wp-content\/uploads\/2024\/06\/Baubeginn-scaled.jpg?resize=1400%2C800 4x"},"classes":[]},{"id":3291,"url":"http:\/\/www.wolpertingersfc.de\/?p=3291","url_meta":{"origin":2629,"position":3},"title":"Wanderung der Wolpertinger am 6. Januar 2020","author":"Wolpertingersfc","date":"23. Januar 2020","format":false,"excerpt":"Bei sonnigem Wetter trafen sich \u00fcber 20 Wolpertinger zur traditionellen Wanderung am 6. Januar. Unser Startpunkt war am \u00d6schinger Wasserh\u00e4usle. Der steile Aufstieg am S\u00fcdhang f\u00fchrte uns zum Sch\u00f6nberger Kapf. \u00dcber das Ro\u00dffeld gelangten wir zu unserem Rastplatz. Dort wurde das restliche Weihnachtsgeb\u00e4ck angeboten und an alle Leckerm\u00e4uler verteilt. Nat\u00fcrlich\u2026","rel":"","context":"\u00c4hnlicher Beitrag","block_context":{"text":"\u00c4hnlicher Beitrag","link":""},"img":{"alt_text":"","src":"https:\/\/i0.wp.com\/www.wolpertingersfc.de\/wp-content\/uploads\/2020\/01\/P1070482-1024x576-300x169.jpg?resize=350%2C200","width":350,"height":200},"classes":[]},{"id":2820,"url":"http:\/\/www.wolpertingersfc.de\/?p=2820","url_meta":{"origin":2629,"position":4},"title":"Orientalisches Tanzen &#8211; Neue Zeit neues Thema","author":"Wolpertingersfc","date":"9. April 2019","format":false,"excerpt":"Inspiriert durch den Fr\u00fchling wollen wir nun unseren Tanz durch den Tanz mit dem Schleier erweitern und bereichern. Gemeinsam wollen wir die Technik des Schleiertanzes erlernen, Schritt f\u00fcr Schritt den Umgang und einzelne Figuren mit dem Schleier erlernen oder\/ und wieder auffrischen. Gemeinsam mit unserer Tanzlehrerin Johanna die Elemente in\u2026","rel":"","context":"\u00c4hnlicher Beitrag","block_context":{"text":"\u00c4hnlicher Beitrag","link":""},"img":{"alt_text":"","src":"","width":0,"height":0},"classes":[]},{"id":3601,"url":"http:\/\/www.wolpertingersfc.de\/?p=3601","url_meta":{"origin":2629,"position":5},"title":"Wolpertinger-Radtour 2023 17.-20.06.2023","author":"Wolpertingersfc","date":"28. Juli 2023","format":false,"excerpt":"Unsere diesj\u00e4hrige Wolpertinger-Radtour ging dieses Mal in das sch\u00f6ne Oberbayern. Unser Startpunkt der Tour war Gauting im S\u00fcden von M\u00fcnchen. Von dort aus radelten wir \u00fcber Schlehdorf am Kochelsee nach Fall am Sylvensteinsee, zum Walchensee zum Baden und wieder zur\u00fcck nach Gauting zu unserem Startpunkt. In 4 Tagen bew\u00e4ltigten wir\u2026","rel":"","context":"\u00c4hnlicher Beitrag","block_context":{"text":"\u00c4hnlicher Beitrag","link":""},"img":{"alt_text":"","src":"https:\/\/i0.wp.com\/www.wolpertingersfc.de\/wp-content\/uploads\/2023\/07\/Bild3.png?resize=350%2C200","width":350,"height":200,"srcset":"https:\/\/i0.wp.com\/www.wolpertingersfc.de\/wp-content\/uploads\/2023\/07\/Bild3.png?resize=350%2C200 1x, https:\/\/i0.wp.com\/www.wolpertingersfc.de\/wp-content\/uploads\/2023\/07\/Bild3.png?resize=525%2C300 1.5x"},"classes":[]}],"_links":{"self":[{"href":"http:\/\/www.wolpertingersfc.de\/index.php?rest_route=\/wp\/v2\/posts\/2629","targetHints":{"allow":["GET"]}}],"collection":[{"href":"http:\/\/www.wolpertingersfc.de\/index.php?rest_route=\/wp\/v2\/posts"}],"about":[{"href":"http:\/\/www.wolpertingersfc.de\/index.php?rest_route=\/wp\/v2\/types\/post"}],"author":[{"embeddable":true,"href":"http:\/\/www.wolpertingersfc.de\/index.php?rest_route=\/wp\/v2\/users\/4"}],"replies":[{"embeddable":true,"href":"http:\/\/www.wolpertingersfc.de\/index.php?rest_route=%2Fwp%2Fv2%2Fcomments&post=2629"}],"version-history":[{"count":9,"href":"http:\/\/www.wolpertingersfc.de\/index.php?rest_route=\/wp\/v2\/posts\/2629\/revisions"}],"predecessor-version":[{"id":2639,"href":"http:\/\/www.wolpertingersfc.de\/index.php?rest_route=\/wp\/v2\/posts\/2629\/revisions\/2639"}],"wp:attachment":[{"href":"http:\/\/www.wolpertingersfc.de\/index.php?rest_route=%2Fwp%2Fv2%2Fmedia&parent=2629"}],"wp:term":[{"taxonomy":"category","embeddable":true,"href":"http:\/\/www.wolpertingersfc.de\/index.php?rest_route=%2Fwp%2Fv2%2Fcategories&post=2629"},{"taxonomy":"post_tag","embeddable":true,"href":"http:\/\/www.wolpertingersfc.de\/index.php?rest_route=%2Fwp%2Fv2%2Ftags&post=2629"}],"curies":[{"name":"wp","href":"https:\/\/api.w.org\/{rel}","templated":true}]}}