{"id":2535,"date":"2018-07-02T22:10:23","date_gmt":"2018-07-02T20:10:23","guid":{"rendered":"http:\/\/www.wolpertingersfc.de\/?p=2535"},"modified":"2019-03-01T12:30:36","modified_gmt":"2019-03-01T11:30:36","slug":"paddelwochenende-in-ueberlingen-vom-22-24-juni-2018","status":"publish","type":"post","link":"http:\/\/www.wolpertingersfc.de\/?p=2535","title":{"rendered":"Paddelwochenende in \u00dcberlingen vom 22. -24. Juni 2018"},"content":{"rendered":"<p>Unser ehemaliger Wolpertinger Markus lud auch dieses Jahr zum Paddeln auf das Gel\u00e4nde des Paddelclubs \u00dcberlingen ein. F\u00fcnfzehn Wolpertinger reisten am Freitag, teils sehr sportlich mit Fahrrad, oder gut bepackten Autos an. Manch einer testete sofort das sehr erfrischende Wasser\u2026<\/p>\n<p>Nach Zeltaufbau und Vesper folgte ein gem\u00fctlicher Abend bei frischen Temperaturen.<\/p>\n<p>Am n\u00e4chsten Morgen ging es zeitig los, die Kanus wurden verladen und wir fuhren in die Schweiz. Start unserer Kanutour war das sch\u00f6ne Stein am Rhein \u2013 wo wir dann um die Mittagszeit starten konnten. In Einer-, Zweier- und einem Dreierboot nutzten wir die Flie\u00dfgeschwindigkeit und kamen gut voran \u2013 vorbei an wundersch\u00f6ner Landschaft bei sonnigem, blauen Himmel. Unterwegs zogen wir die Boote an Land und machten Picknick, einige testeten das erstaunlich warme Wasser des Rheins f\u00fcr ein Bad gegen den Strom.<\/p>\n<p>Weiter ging unsere Tour nach Diessenhofen, wo unser Zweitj\u00fcngster testen wollte, was so ein gro\u00dfes Ausflugsschiff macht, wenn er direkt vor ihm kentert\u2026\u00a0\u00a0 Tats\u00e4chlich h\u00e4lt es an, hupt, f\u00e4hrt r\u00fcckw\u00e4rts und wartet bis wir den Kerl wieder im Kajak haben.<\/p>\n<p>Nach fast vier Stunden paddeln erreichten wir unser Ziel Schaffhausen \u2013 und steigen alle rechtzeitig vor dem Rheinfall aus! Auf dieser Tour hatten sicher alle ihren Spa\u00df und ihre Freude an der Natur!<\/p>\n<p>Wieder zur\u00fcck auf unserem Zeltplatz musste alles sehr z\u00fcgig voran gehen: Boote aufr\u00e4umen, Salate richten und Grillen und sich mental auf ein entscheidendes Fu\u00dfballspiel vorbereiten. Nebenan im Strandbad war dann gro\u00dfes Public Viewing und unsere Fu\u00dfballfans kamen bei diesem nervenaufreibenden Spiel voll auf ihre Kosten \u2013 sp\u00e4ter am Lagerfeuer konnte das Spiel dann fachm\u00e4nnisch analysiert werden und alle waren erleichtert \u00fcber den Sieg.<\/p>\n<p>Nach einer kalten Nacht und einem gem\u00fctlichen Fr\u00fchst\u00fcck gab es dann verschiedene M\u00f6glichkeiten den Tag zu gestalten, die meisten nutzten die Gelegenheit und fuhren mit den Kanus in Richtung Birnau-Maurach, wo man auf dem Rebmannhof gut einkehren konnte. Zwei entschieden sich f\u00fcr eine Fahrradtour und ein kleiner Rest war mit Lesen, Stricken und in der Sonne d\u00f6sen vollkommen zufrieden. Traditionell gab es zum Abschluss noch einen gem\u00fctlichen Kaffee mit Margret\u00b4s Kuchen, bevor dann alles aufger\u00e4umt werden musste und jeder sich schon ein bisschen auf ein Wiedersehen im n\u00e4chsten Jahr freute.<\/p>\n<p>Ein herzliches Dankesch\u00f6n an Markus f\u00fcr die Einladung und an Ute und Gerold f\u00fcr die Organisation!<\/p>\n<p>F\u00fcr die Wolpertinger<\/p>\n<p>Karin Spohn<\/p>\n<p><a href=\"https:\/\/i0.wp.com\/www.wolpertingersfc.de\/wp-content\/uploads\/2018\/07\/Rheinfahrt23-1200x900.jpg\" target=\"_blank\" rel=\"noopener\"><img data-recalc-dims=\"1\" loading=\"lazy\" decoding=\"async\" data-attachment-id=\"2522\" data-permalink=\"http:\/\/www.wolpertingersfc.de\/?attachment_id=2522\" data-orig-file=\"https:\/\/i0.wp.com\/www.wolpertingersfc.de\/wp-content\/uploads\/2018\/07\/Rheinfahrt23-1200x900.jpg?fit=1200%2C900\" data-orig-size=\"1200,900\" data-comments-opened=\"1\" data-image-meta=\"{&quot;aperture&quot;:&quot;3.9&quot;,&quot;credit&quot;:&quot;&quot;,&quot;camera&quot;:&quot;COOLPIX AW110&quot;,&quot;caption&quot;:&quot;&quot;,&quot;created_timestamp&quot;:&quot;1529764008&quot;,&quot;copyright&quot;:&quot;&quot;,&quot;focal_length&quot;:&quot;5&quot;,&quot;iso&quot;:&quot;125&quot;,&quot;shutter_speed&quot;:&quot;0.0025&quot;,&quot;title&quot;:&quot;&quot;,&quot;orientation&quot;:&quot;1&quot;}\" data-image-title=\"Rheinfahrt23 (1200&amp;#215;900)\" data-image-description=\"\" data-image-caption=\"\" data-medium-file=\"https:\/\/i0.wp.com\/www.wolpertingersfc.de\/wp-content\/uploads\/2018\/07\/Rheinfahrt23-1200x900.jpg?fit=300%2C225\" data-large-file=\"https:\/\/i0.wp.com\/www.wolpertingersfc.de\/wp-content\/uploads\/2018\/07\/Rheinfahrt23-1200x900.jpg?fit=863%2C647\" class=\"alignnone wp-image-2522 size-full\" src=\"https:\/\/i0.wp.com\/www.wolpertingersfc.de\/wp-content\/uploads\/2018\/07\/Rheinfahrt23-1200x900.jpg?resize=863%2C647\" alt=\"\" width=\"863\" height=\"647\" srcset=\"https:\/\/i0.wp.com\/www.wolpertingersfc.de\/wp-content\/uploads\/2018\/07\/Rheinfahrt23-1200x900.jpg?resize=1200%2C900 1200w, https:\/\/i0.wp.com\/www.wolpertingersfc.de\/wp-content\/uploads\/2018\/07\/Rheinfahrt23-1200x900.jpg?resize=300%2C225 300w, https:\/\/i0.wp.com\/www.wolpertingersfc.de\/wp-content\/uploads\/2018\/07\/Rheinfahrt23-1200x900.jpg?resize=768%2C576 768w, https:\/\/i0.wp.com\/www.wolpertingersfc.de\/wp-content\/uploads\/2018\/07\/Rheinfahrt23-1200x900.jpg?resize=1024%2C768 1024w, https:\/\/i0.wp.com\/www.wolpertingersfc.de\/wp-content\/uploads\/2018\/07\/Rheinfahrt23-1200x900.jpg?resize=863%2C647 863w, https:\/\/i0.wp.com\/www.wolpertingersfc.de\/wp-content\/uploads\/2018\/07\/Rheinfahrt23-1200x900.jpg?resize=144%2C108 144w\" sizes=\"auto, (max-width: 863px) 100vw, 863px\" \/><\/a><a href=\"https:\/\/i0.wp.com\/www.wolpertingersfc.de\/wp-content\/uploads\/2018\/07\/Rheinfahrt52-1200x900.jpg\" target=\"_blank\" rel=\"noopener\"><img data-recalc-dims=\"1\" loading=\"lazy\" decoding=\"async\" data-attachment-id=\"2528\" data-permalink=\"http:\/\/www.wolpertingersfc.de\/?attachment_id=2528\" data-orig-file=\"https:\/\/i0.wp.com\/www.wolpertingersfc.de\/wp-content\/uploads\/2018\/07\/Rheinfahrt52-1200x900.jpg?fit=1200%2C900\" data-orig-size=\"1200,900\" data-comments-opened=\"1\" data-image-meta=\"{&quot;aperture&quot;:&quot;3.9&quot;,&quot;credit&quot;:&quot;&quot;,&quot;camera&quot;:&quot;COOLPIX AW110&quot;,&quot;caption&quot;:&quot;&quot;,&quot;created_timestamp&quot;:&quot;1529768560&quot;,&quot;copyright&quot;:&quot;&quot;,&quot;focal_length&quot;:&quot;5&quot;,&quot;iso&quot;:&quot;125&quot;,&quot;shutter_speed&quot;:&quot;0.001&quot;,&quot;title&quot;:&quot;&quot;,&quot;orientation&quot;:&quot;1&quot;}\" data-image-title=\"Rheinfahrt52 (1200&amp;#215;900)\" data-image-description=\"\" data-image-caption=\"\" data-medium-file=\"https:\/\/i0.wp.com\/www.wolpertingersfc.de\/wp-content\/uploads\/2018\/07\/Rheinfahrt52-1200x900.jpg?fit=300%2C225\" data-large-file=\"https:\/\/i0.wp.com\/www.wolpertingersfc.de\/wp-content\/uploads\/2018\/07\/Rheinfahrt52-1200x900.jpg?fit=863%2C647\" class=\"alignnone wp-image-2528 size-full\" src=\"https:\/\/i0.wp.com\/www.wolpertingersfc.de\/wp-content\/uploads\/2018\/07\/Rheinfahrt52-1200x900.jpg?resize=863%2C647\" alt=\"\" width=\"863\" height=\"647\" srcset=\"https:\/\/i0.wp.com\/www.wolpertingersfc.de\/wp-content\/uploads\/2018\/07\/Rheinfahrt52-1200x900.jpg?resize=1200%2C900 1200w, https:\/\/i0.wp.com\/www.wolpertingersfc.de\/wp-content\/uploads\/2018\/07\/Rheinfahrt52-1200x900.jpg?resize=300%2C225 300w, https:\/\/i0.wp.com\/www.wolpertingersfc.de\/wp-content\/uploads\/2018\/07\/Rheinfahrt52-1200x900.jpg?resize=768%2C576 768w, https:\/\/i0.wp.com\/www.wolpertingersfc.de\/wp-content\/uploads\/2018\/07\/Rheinfahrt52-1200x900.jpg?resize=1024%2C768 1024w, https:\/\/i0.wp.com\/www.wolpertingersfc.de\/wp-content\/uploads\/2018\/07\/Rheinfahrt52-1200x900.jpg?resize=863%2C647 863w, https:\/\/i0.wp.com\/www.wolpertingersfc.de\/wp-content\/uploads\/2018\/07\/Rheinfahrt52-1200x900.jpg?resize=144%2C108 144w\" sizes=\"auto, (max-width: 863px) 100vw, 863px\" \/><\/a><a href=\"https:\/\/i0.wp.com\/www.wolpertingersfc.de\/wp-content\/uploads\/2018\/07\/Rheinfahrt12-1200x900.jpg\" target=\"_blank\" rel=\"noopener\"><img data-recalc-dims=\"1\" loading=\"lazy\" decoding=\"async\" data-attachment-id=\"2520\" data-permalink=\"http:\/\/www.wolpertingersfc.de\/?attachment_id=2520\" data-orig-file=\"https:\/\/i0.wp.com\/www.wolpertingersfc.de\/wp-content\/uploads\/2018\/07\/Rheinfahrt12-1200x900.jpg?fit=1200%2C900\" data-orig-size=\"1200,900\" data-comments-opened=\"1\" data-image-meta=\"{&quot;aperture&quot;:&quot;3.9&quot;,&quot;credit&quot;:&quot;&quot;,&quot;camera&quot;:&quot;COOLPIX AW110&quot;,&quot;caption&quot;:&quot;&quot;,&quot;created_timestamp&quot;:&quot;1529763825&quot;,&quot;copyright&quot;:&quot;&quot;,&quot;focal_length&quot;:&quot;5&quot;,&quot;iso&quot;:&quot;125&quot;,&quot;shutter_speed&quot;:&quot;0.001&quot;,&quot;title&quot;:&quot;&quot;,&quot;orientation&quot;:&quot;1&quot;}\" data-image-title=\"Rheinfahrt12 (1200&amp;#215;900)\" data-image-description=\"\" data-image-caption=\"\" data-medium-file=\"https:\/\/i0.wp.com\/www.wolpertingersfc.de\/wp-content\/uploads\/2018\/07\/Rheinfahrt12-1200x900.jpg?fit=300%2C225\" data-large-file=\"https:\/\/i0.wp.com\/www.wolpertingersfc.de\/wp-content\/uploads\/2018\/07\/Rheinfahrt12-1200x900.jpg?fit=863%2C647\" class=\"alignnone wp-image-2520 size-full\" src=\"https:\/\/i0.wp.com\/www.wolpertingersfc.de\/wp-content\/uploads\/2018\/07\/Rheinfahrt12-1200x900.jpg?resize=863%2C647\" alt=\"\" width=\"863\" height=\"647\" srcset=\"https:\/\/i0.wp.com\/www.wolpertingersfc.de\/wp-content\/uploads\/2018\/07\/Rheinfahrt12-1200x900.jpg?resize=1200%2C900 1200w, https:\/\/i0.wp.com\/www.wolpertingersfc.de\/wp-content\/uploads\/2018\/07\/Rheinfahrt12-1200x900.jpg?resize=300%2C225 300w, https:\/\/i0.wp.com\/www.wolpertingersfc.de\/wp-content\/uploads\/2018\/07\/Rheinfahrt12-1200x900.jpg?resize=768%2C576 768w, https:\/\/i0.wp.com\/www.wolpertingersfc.de\/wp-content\/uploads\/2018\/07\/Rheinfahrt12-1200x900.jpg?resize=1024%2C768 1024w, https:\/\/i0.wp.com\/www.wolpertingersfc.de\/wp-content\/uploads\/2018\/07\/Rheinfahrt12-1200x900.jpg?resize=863%2C647 863w, https:\/\/i0.wp.com\/www.wolpertingersfc.de\/wp-content\/uploads\/2018\/07\/Rheinfahrt12-1200x900.jpg?resize=144%2C108 144w\" sizes=\"auto, (max-width: 863px) 100vw, 863px\" \/><\/a><\/p>\n","protected":false},"excerpt":{"rendered":"<p>Unser ehemaliger Wolpertinger Markus lud auch dieses Jahr zum Paddeln auf das Gel\u00e4nde des Paddelclubs \u00dcberlingen ein. F\u00fcnfzehn Wolpertinger reisten am Freitag, teils sehr sportlich mit Fahrrad, oder gut bepackten Autos an. Manch einer testete sofort das sehr erfrischende Wasser\u2026 Nach Zeltaufbau und Vesper folgte ein gem\u00fctlicher Abend bei frischen Temperaturen. Am n\u00e4chsten Morgen ging &hellip; <a href=\"http:\/\/www.wolpertingersfc.de\/?p=2535\" class=\"more-link\"><span class=\"screen-reader-text\">Paddelwochenende in \u00dcberlingen vom 22. -24. Juni 2018<\/span> weiterlesen<\/a><\/p>\n","protected":false},"author":1,"featured_media":0,"comment_status":"open","ping_status":"open","sticky":false,"template":"","format":"standard","meta":{"jetpack_post_was_ever_published":false,"_jetpack_newsletter_access":"","_jetpack_dont_email_post_to_subs":false,"_jetpack_newsletter_tier_id":0,"_jetpack_memberships_contains_paywalled_content":false,"_jetpack_memberships_contains_paid_content":false,"footnotes":"","jetpack_publicize_message":"","jetpack_publicize_feature_enabled":true,"jetpack_social_post_already_shared":true,"jetpack_social_options":{"image_generator_settings":{"template":"highway","default_image_id":0,"font":"","enabled":false},"version":2}},"categories":[12],"tags":[],"class_list":["post-2535","post","type-post","status-publish","format-standard","hentry","category-kajak"],"jetpack_publicize_connections":[],"jetpack_featured_media_url":"","jetpack_sharing_enabled":true,"jetpack_shortlink":"https:\/\/wp.me\/p8FTYK-ET","jetpack-related-posts":[{"id":2971,"url":"http:\/\/www.wolpertingersfc.de\/?p=2971","url_meta":{"origin":2535,"position":0},"title":"Paddelwochenende in \u00dcberlingen vom 28.-30.06.2019","author":"Wolpertingersfc","date":"11. Juli 2019","format":false,"excerpt":"Am Freitagmittag machten sich 11 Wolpertinger, teils mit dem Fahrrad, bei hochsommerlichen Temperaturen auf an den Bodensee. Sobald die Zelte standen, zog es jeden magisch ins herrliche Wasser. Bis Sonnenuntergang konnte man die schneebedeckten Berge sehen und es war ein tolles Schwimmerlebnis. Um 7 Uhr morgens zog es die ersten\u2026","rel":"","context":"In &quot;Kajak&quot;","block_context":{"text":"Kajak","link":"http:\/\/www.wolpertingersfc.de\/?cat=12"},"img":{"alt_text":"","src":"https:\/\/i0.wp.com\/www.wolpertingersfc.de\/wp-content\/uploads\/2019\/07\/IMG-20190702-WA0000-169x300.jpg?resize=350%2C200","width":350,"height":200},"classes":[]},{"id":3690,"url":"http:\/\/www.wolpertingersfc.de\/?p=3690","url_meta":{"origin":2535,"position":1},"title":"Paddelwochenende in \u00dcberlingen vom 14.-16.6.24","author":"Wolpertingersfc","date":"18. Juni 2024","format":false,"excerpt":"Der Wettergott meinte es doch noch gut mit den zw\u00f6lf Wolpertingern, die am Freitag Mittag ins Paddelwochenende starteten. Kaum waren die Zelte im Paddelclub \u00dcberlingen aufgebaut, suchten wir uns ein sch\u00f6nes Pl\u00e4tzchen im Strandbad Ost, wo wir bei Public viewing den Erfolg der deutschen Mannschaft mitfeiern konnten. Der Samstag begann\u2026","rel":"","context":"\u00c4hnlicher Beitrag","block_context":{"text":"\u00c4hnlicher Beitrag","link":""},"img":{"alt_text":"","src":"https:\/\/i0.wp.com\/www.wolpertingersfc.de\/wp-content\/uploads\/2024\/06\/2024-Paddelausfahrt-Gruppenbild-scaled.jpg?resize=350%2C200","width":350,"height":200,"srcset":"https:\/\/i0.wp.com\/www.wolpertingersfc.de\/wp-content\/uploads\/2024\/06\/2024-Paddelausfahrt-Gruppenbild-scaled.jpg?resize=350%2C200 1x, https:\/\/i0.wp.com\/www.wolpertingersfc.de\/wp-content\/uploads\/2024\/06\/2024-Paddelausfahrt-Gruppenbild-scaled.jpg?resize=525%2C300 1.5x, https:\/\/i0.wp.com\/www.wolpertingersfc.de\/wp-content\/uploads\/2024\/06\/2024-Paddelausfahrt-Gruppenbild-scaled.jpg?resize=700%2C400 2x, https:\/\/i0.wp.com\/www.wolpertingersfc.de\/wp-content\/uploads\/2024\/06\/2024-Paddelausfahrt-Gruppenbild-scaled.jpg?resize=1050%2C600 3x, https:\/\/i0.wp.com\/www.wolpertingersfc.de\/wp-content\/uploads\/2024\/06\/2024-Paddelausfahrt-Gruppenbild-scaled.jpg?resize=1400%2C800 4x"},"classes":[]},{"id":3694,"url":"http:\/\/www.wolpertingersfc.de\/?p=3694","url_meta":{"origin":2535,"position":2},"title":"Wolpertinger Radtour vom 29.6.- 2.7.2024","author":"Wolpertingersfc","date":"4. Juli 2024","format":false,"excerpt":"Am fr\u00fchen Samstag starteten 20 Wolpertinger von U 30 bis \u00dc 80 in G\u00f6nningen ihre Tour. Bei gut 30 Grad radelten wir \u00fcber T\u00fcbingen, Herrenberg zur Mittagsrast nach Affst\u00e4tt, dann weiter nach Calw, wo eine Abk\u00fchlung mit Eisbecher und kalten Getr\u00e4nken dringend n\u00f6tig war. Nach 70 km erreichten wir unser\u2026","rel":"","context":"\u00c4hnlicher Beitrag","block_context":{"text":"\u00c4hnlicher Beitrag","link":""},"img":{"alt_text":"","src":"https:\/\/i0.wp.com\/www.wolpertingersfc.de\/wp-content\/uploads\/2024\/07\/2024-07-03-Gruppenbild-Radtour.jpg?resize=350%2C200","width":350,"height":200,"srcset":"https:\/\/i0.wp.com\/www.wolpertingersfc.de\/wp-content\/uploads\/2024\/07\/2024-07-03-Gruppenbild-Radtour.jpg?resize=350%2C200 1x, https:\/\/i0.wp.com\/www.wolpertingersfc.de\/wp-content\/uploads\/2024\/07\/2024-07-03-Gruppenbild-Radtour.jpg?resize=525%2C300 1.5x, https:\/\/i0.wp.com\/www.wolpertingersfc.de\/wp-content\/uploads\/2024\/07\/2024-07-03-Gruppenbild-Radtour.jpg?resize=700%2C400 2x, https:\/\/i0.wp.com\/www.wolpertingersfc.de\/wp-content\/uploads\/2024\/07\/2024-07-03-Gruppenbild-Radtour.jpg?resize=1050%2C600 3x, https:\/\/i0.wp.com\/www.wolpertingersfc.de\/wp-content\/uploads\/2024\/07\/2024-07-03-Gruppenbild-Radtour.jpg?resize=1400%2C800 4x"},"classes":[]},{"id":2351,"url":"http:\/\/www.wolpertingersfc.de\/?p=2351","url_meta":{"origin":2535,"position":3},"title":"Einweihung Kletterwanderweiterung &#038; Tag der offenen T\u00fcr des Evangelischen Kindergartens","author":"Wolpertingersfc","date":"5. Mai 2018","format":false,"excerpt":"Gleich zwei Anl\u00e4sse gab es am Samstag, 5. Mai im Garten des Evangelischen Kindergartens bei sch\u00f6nstem Fr\u00fchsommerwetter zu feiern: Die Einweihung der Wolpertinger-Kletterwanderweiterung und den Tag der offenen T\u00fcr des Evangelischen Kindergartens. Eine tolle Atmosph\u00e4re nutzten viele zum Kennenlernen der Kletterwand und des Kindergartens: Eltern und Kinder, auch viele ehemalige,\u2026","rel":"","context":"In &quot;Klettern&quot;","block_context":{"text":"Klettern","link":"http:\/\/www.wolpertingersfc.de\/?cat=13"},"img":{"alt_text":"","src":"https:\/\/i0.wp.com\/www.wolpertingersfc.de\/wp-content\/uploads\/2018\/05\/P1060145-1280x721-768x433.jpg?resize=350%2C200","width":350,"height":200,"srcset":"https:\/\/i0.wp.com\/www.wolpertingersfc.de\/wp-content\/uploads\/2018\/05\/P1060145-1280x721-768x433.jpg?resize=350%2C200 1x, https:\/\/i0.wp.com\/www.wolpertingersfc.de\/wp-content\/uploads\/2018\/05\/P1060145-1280x721-768x433.jpg?resize=525%2C300 1.5x, https:\/\/i0.wp.com\/www.wolpertingersfc.de\/wp-content\/uploads\/2018\/05\/P1060145-1280x721-768x433.jpg?resize=700%2C400 2x"},"classes":[]},{"id":3518,"url":"http:\/\/www.wolpertingersfc.de\/?p=3518","url_meta":{"origin":2535,"position":4},"title":"Wolpertinger Radtour vom 4. bis 7. Juni 2022","author":"Wolpertingersfc","date":"14. Juni 2022","format":false,"excerpt":"Am fr\u00fchen Samstagmorgen starteten 14 Wolpertinger mit privaten Autos nach W\u00fcrzburg, wo unsere diesj\u00e4hrige Radtour begann und auch endete. Auf der Fahrt hatten wir jede Menge Regen, aber Petrus meinte es gut mit uns, wir hatten ideales Radwetter und wurden in den 4 Tagen nie nass. Los ging es von\u2026","rel":"","context":"\u00c4hnlicher Beitrag","block_context":{"text":"\u00c4hnlicher Beitrag","link":""},"img":{"alt_text":"","src":"https:\/\/i0.wp.com\/www.wolpertingersfc.de\/wp-content\/uploads\/2022\/06\/IMG-20220604-WA0025.jpg?resize=350%2C200","width":350,"height":200,"srcset":"https:\/\/i0.wp.com\/www.wolpertingersfc.de\/wp-content\/uploads\/2022\/06\/IMG-20220604-WA0025.jpg?resize=350%2C200 1x, https:\/\/i0.wp.com\/www.wolpertingersfc.de\/wp-content\/uploads\/2022\/06\/IMG-20220604-WA0025.jpg?resize=525%2C300 1.5x, https:\/\/i0.wp.com\/www.wolpertingersfc.de\/wp-content\/uploads\/2022\/06\/IMG-20220604-WA0025.jpg?resize=700%2C400 2x, https:\/\/i0.wp.com\/www.wolpertingersfc.de\/wp-content\/uploads\/2022\/06\/IMG-20220604-WA0025.jpg?resize=1050%2C600 3x, https:\/\/i0.wp.com\/www.wolpertingersfc.de\/wp-content\/uploads\/2022\/06\/IMG-20220604-WA0025.jpg?resize=1400%2C800 4x"},"classes":[]},{"id":3757,"url":"http:\/\/www.wolpertingersfc.de\/?p=3757","url_meta":{"origin":2535,"position":5},"title":"Wolpertinger Pedelec- und Fahrradtour nach Oberschwaben 10.-13. Mai 2025","author":"Wolpertingersfc","date":"16. Mai 2025","format":false,"excerpt":"Bei perfektem Radlwetter starteten 19 Wolpertinger am Samstag ihre Tour nach Oberschwaben. Nach dem Albaufstieg, ging es ab Gomadingen das wundersch\u00f6ne Lautertal entlang, dann weiter zum Kloster Obermarchtal. Nach knapp 70 km war es toll, dass das Abendessen- Buffet schon auf uns wartete- zum Ausklang des sch\u00f6nen Tages waren wir\u2026","rel":"","context":"\u00c4hnlicher Beitrag","block_context":{"text":"\u00c4hnlicher Beitrag","link":""},"img":{"alt_text":"","src":"https:\/\/i0.wp.com\/www.wolpertingersfc.de\/wp-content\/uploads\/2025\/05\/Radtour25.jpg?resize=350%2C200","width":350,"height":200,"srcset":"https:\/\/i0.wp.com\/www.wolpertingersfc.de\/wp-content\/uploads\/2025\/05\/Radtour25.jpg?resize=350%2C200 1x, https:\/\/i0.wp.com\/www.wolpertingersfc.de\/wp-content\/uploads\/2025\/05\/Radtour25.jpg?resize=525%2C300 1.5x, https:\/\/i0.wp.com\/www.wolpertingersfc.de\/wp-content\/uploads\/2025\/05\/Radtour25.jpg?resize=700%2C400 2x, https:\/\/i0.wp.com\/www.wolpertingersfc.de\/wp-content\/uploads\/2025\/05\/Radtour25.jpg?resize=1050%2C600 3x, https:\/\/i0.wp.com\/www.wolpertingersfc.de\/wp-content\/uploads\/2025\/05\/Radtour25.jpg?resize=1400%2C800 4x"},"classes":[]}],"_links":{"self":[{"href":"http:\/\/www.wolpertingersfc.de\/index.php?rest_route=\/wp\/v2\/posts\/2535","targetHints":{"allow":["GET"]}}],"collection":[{"href":"http:\/\/www.wolpertingersfc.de\/index.php?rest_route=\/wp\/v2\/posts"}],"about":[{"href":"http:\/\/www.wolpertingersfc.de\/index.php?rest_route=\/wp\/v2\/types\/post"}],"author":[{"embeddable":true,"href":"http:\/\/www.wolpertingersfc.de\/index.php?rest_route=\/wp\/v2\/users\/1"}],"replies":[{"embeddable":true,"href":"http:\/\/www.wolpertingersfc.de\/index.php?rest_route=%2Fwp%2Fv2%2Fcomments&post=2535"}],"version-history":[{"count":2,"href":"http:\/\/www.wolpertingersfc.de\/index.php?rest_route=\/wp\/v2\/posts\/2535\/revisions"}],"predecessor-version":[{"id":2798,"href":"http:\/\/www.wolpertingersfc.de\/index.php?rest_route=\/wp\/v2\/posts\/2535\/revisions\/2798"}],"wp:attachment":[{"href":"http:\/\/www.wolpertingersfc.de\/index.php?rest_route=%2Fwp%2Fv2%2Fmedia&parent=2535"}],"wp:term":[{"taxonomy":"category","embeddable":true,"href":"http:\/\/www.wolpertingersfc.de\/index.php?rest_route=%2Fwp%2Fv2%2Fcategories&post=2535"},{"taxonomy":"post_tag","embeddable":true,"href":"http:\/\/www.wolpertingersfc.de\/index.php?rest_route=%2Fwp%2Fv2%2Ftags&post=2535"}],"curies":[{"name":"wp","href":"https:\/\/api.w.org\/{rel}","templated":true}]}}