{"id":2429,"date":"2018-06-15T19:12:14","date_gmt":"2018-06-15T17:12:14","guid":{"rendered":"http:\/\/www.wolpertingersfc.de\/?p=2429"},"modified":"2018-06-15T20:14:03","modified_gmt":"2018-06-15T18:14:03","slug":"wolpertinger-radtour-2018","status":"publish","type":"post","link":"http:\/\/www.wolpertingersfc.de\/?p=2429","title":{"rendered":"Wolpertinger-Radtour 2018"},"content":{"rendered":"<p>Unsere 4-t\u00e4gige Wolpertinger-Radtour f\u00fchrte uns in diesem Jahr \u00fcber das Iller-, Wertach- und Lechtal von Ulm nach Augsburg.<\/p>\n<p>Nachdem alle 19 Teilnehmer, der j\u00fcngste Radler 17 Jahre und der \u00e4lteste Radler 76 Jahre alt, das Gep\u00e4ck und die Fahrr\u00e4der im Begleitfahrzeug verladen hatten, fuhren wir mit Bus und Bahn nach Ulm. Dort angekommen starteten wir die erste Etappe bei Sonnenschein entlang des Ufers der wundersch\u00f6nen Iller.<\/p>\n<p>Nach ca. 2 Stunden Fahrtzeit stellte sich der zweite Hunger ein und wir machten an einem sch\u00f6nen Pl\u00e4tzchen Halt f\u00fcr ein gem\u00fctliches Picknick. Biertischgarnituren wurden aus dem Begleitfahrzeug ausgeladen und gek\u00fchlte Getr\u00e4nke und allerlei Leckereien aufgetischt. Gut gest\u00e4rkt fuhren wir weiter Richtung Bergheim. Im Hotel angekommen konnten wir am Abend ein vorz\u00fcgliches Essen genie\u00dfen und den Tag in geselliger Runde ausklingen lassen.<\/p>\n<p><img data-recalc-dims=\"1\" loading=\"lazy\" decoding=\"async\" data-attachment-id=\"2436\" data-permalink=\"http:\/\/www.wolpertingersfc.de\/?attachment_id=2436\" data-orig-file=\"https:\/\/i0.wp.com\/www.wolpertingersfc.de\/wp-content\/uploads\/2018\/06\/2018-06-03-Radtour-Titelbild-444x333.jpg?fit=444%2C333\" data-orig-size=\"444,333\" data-comments-opened=\"1\" data-image-meta=\"{&quot;aperture&quot;:&quot;4&quot;,&quot;credit&quot;:&quot;&quot;,&quot;camera&quot;:&quot;DMC-TZ10&quot;,&quot;caption&quot;:&quot;&quot;,&quot;created_timestamp&quot;:&quot;1527763960&quot;,&quot;copyright&quot;:&quot;&quot;,&quot;focal_length&quot;:&quot;4.1&quot;,&quot;iso&quot;:&quot;125&quot;,&quot;shutter_speed&quot;:&quot;0.0025&quot;,&quot;title&quot;:&quot;&quot;,&quot;orientation&quot;:&quot;1&quot;}\" data-image-title=\"2018-06-03-Radtour-Titelbild (444&amp;#215;333)\" data-image-description=\"\" data-image-caption=\"\" data-medium-file=\"https:\/\/i0.wp.com\/www.wolpertingersfc.de\/wp-content\/uploads\/2018\/06\/2018-06-03-Radtour-Titelbild-444x333.jpg?fit=300%2C225\" data-large-file=\"https:\/\/i0.wp.com\/www.wolpertingersfc.de\/wp-content\/uploads\/2018\/06\/2018-06-03-Radtour-Titelbild-444x333.jpg?fit=444%2C333\" class=\"alignnone wp-image-2436\" src=\"https:\/\/i0.wp.com\/www.wolpertingersfc.de\/wp-content\/uploads\/2018\/06\/2018-06-03-Radtour-Titelbild-444x333.jpg?resize=350%2C263\" alt=\"\" width=\"350\" height=\"263\" srcset=\"https:\/\/i0.wp.com\/www.wolpertingersfc.de\/wp-content\/uploads\/2018\/06\/2018-06-03-Radtour-Titelbild-444x333.jpg?resize=444%2C333 444w, https:\/\/i0.wp.com\/www.wolpertingersfc.de\/wp-content\/uploads\/2018\/06\/2018-06-03-Radtour-Titelbild-444x333.jpg?resize=300%2C225 300w, https:\/\/i0.wp.com\/www.wolpertingersfc.de\/wp-content\/uploads\/2018\/06\/2018-06-03-Radtour-Titelbild-444x333.jpg?resize=144%2C108 144w\" sizes=\"auto, (max-width: 350px) 100vw, 350px\" \/><img data-recalc-dims=\"1\" loading=\"lazy\" decoding=\"async\" data-attachment-id=\"2432\" data-permalink=\"http:\/\/www.wolpertingersfc.de\/?attachment_id=2432\" data-orig-file=\"https:\/\/i0.wp.com\/www.wolpertingersfc.de\/wp-content\/uploads\/2018\/06\/2018-06-03-Radtour-UA-A-076-444x333.jpg?fit=444%2C333\" data-orig-size=\"444,333\" data-comments-opened=\"1\" data-image-meta=\"{&quot;aperture&quot;:&quot;3.3&quot;,&quot;credit&quot;:&quot;&quot;,&quot;camera&quot;:&quot;DMC-TZ10&quot;,&quot;caption&quot;:&quot;&quot;,&quot;created_timestamp&quot;:&quot;1527846931&quot;,&quot;copyright&quot;:&quot;&quot;,&quot;focal_length&quot;:&quot;4.1&quot;,&quot;iso&quot;:&quot;320&quot;,&quot;shutter_speed&quot;:&quot;0.005&quot;,&quot;title&quot;:&quot;&quot;,&quot;orientation&quot;:&quot;1&quot;}\" data-image-title=\"2018-06-03-Radtour-UA-A-076 (444&amp;#215;333)\" data-image-description=\"\" data-image-caption=\"\" data-medium-file=\"https:\/\/i0.wp.com\/www.wolpertingersfc.de\/wp-content\/uploads\/2018\/06\/2018-06-03-Radtour-UA-A-076-444x333.jpg?fit=300%2C225\" data-large-file=\"https:\/\/i0.wp.com\/www.wolpertingersfc.de\/wp-content\/uploads\/2018\/06\/2018-06-03-Radtour-UA-A-076-444x333.jpg?fit=444%2C333\" class=\"alignnone wp-image-2432\" src=\"https:\/\/i0.wp.com\/www.wolpertingersfc.de\/wp-content\/uploads\/2018\/06\/2018-06-03-Radtour-UA-A-076-444x333.jpg?resize=350%2C263\" alt=\"\" width=\"350\" height=\"263\" srcset=\"https:\/\/i0.wp.com\/www.wolpertingersfc.de\/wp-content\/uploads\/2018\/06\/2018-06-03-Radtour-UA-A-076-444x333.jpg?resize=444%2C333 444w, https:\/\/i0.wp.com\/www.wolpertingersfc.de\/wp-content\/uploads\/2018\/06\/2018-06-03-Radtour-UA-A-076-444x333.jpg?resize=300%2C225 300w, https:\/\/i0.wp.com\/www.wolpertingersfc.de\/wp-content\/uploads\/2018\/06\/2018-06-03-Radtour-UA-A-076-444x333.jpg?resize=144%2C108 144w\" sizes=\"auto, (max-width: 350px) 100vw, 350px\" \/><\/p>\n<p>Am n\u00e4chsten Morgen machten wir uns auf den Weg ins Benninger Ried. Dort wurden wir bereits von unserem F\u00fchrer erwartet und erfuhren viel \u00fcber den 22 Hektar gro\u00dfen Kalkquellsumpf, der Heimat vieler bedrohter Tier- und Pflanzenarten ist. Nach anschlie\u00dfender Besichtigung der Kapelle, des Museums und des Kr\u00e4utergartens lie\u00dfen wir es uns bei Rhabarberkuchen und Kaffee gutgehen.<\/p>\n<p>Nach einigen, nicht eingeplanten H\u00f6henmetern, erreichten wir schlie\u00dflich Mindelheim, wo wir in einer zum Hotel umgebauten M\u00fchle unser Quartier aufschlugen. Nach dem Abendessen g\u00f6nnten wir uns bei einem Spaziergang durch die sehenswerte Altstadt wohl das beste Eis in Bayern bevor wir den Abend in fr\u00f6hlicher Runde beim Schwiegertochtercasting ausklingen lie\u00dfen.<\/p>\n<p><img data-recalc-dims=\"1\" loading=\"lazy\" decoding=\"async\" data-attachment-id=\"2433\" data-permalink=\"http:\/\/www.wolpertingersfc.de\/?attachment_id=2433\" data-orig-file=\"https:\/\/i0.wp.com\/www.wolpertingersfc.de\/wp-content\/uploads\/2018\/06\/2018-06-03-Radtour-UA-A-099-444x333.jpg?fit=444%2C333\" data-orig-size=\"444,333\" data-comments-opened=\"1\" data-image-meta=\"{&quot;aperture&quot;:&quot;5.6&quot;,&quot;credit&quot;:&quot;&quot;,&quot;camera&quot;:&quot;DMC-TZ10&quot;,&quot;caption&quot;:&quot;&quot;,&quot;created_timestamp&quot;:&quot;1527861891&quot;,&quot;copyright&quot;:&quot;&quot;,&quot;focal_length&quot;:&quot;8.5&quot;,&quot;iso&quot;:&quot;80&quot;,&quot;shutter_speed&quot;:&quot;0.002&quot;,&quot;title&quot;:&quot;&quot;,&quot;orientation&quot;:&quot;1&quot;}\" data-image-title=\"2018-06-03-Radtour-UA-A-099 (444&amp;#215;333)\" data-image-description=\"\" data-image-caption=\"\" data-medium-file=\"https:\/\/i0.wp.com\/www.wolpertingersfc.de\/wp-content\/uploads\/2018\/06\/2018-06-03-Radtour-UA-A-099-444x333.jpg?fit=300%2C225\" data-large-file=\"https:\/\/i0.wp.com\/www.wolpertingersfc.de\/wp-content\/uploads\/2018\/06\/2018-06-03-Radtour-UA-A-099-444x333.jpg?fit=444%2C333\" class=\"alignnone wp-image-2433\" src=\"https:\/\/i0.wp.com\/www.wolpertingersfc.de\/wp-content\/uploads\/2018\/06\/2018-06-03-Radtour-UA-A-099-444x333.jpg?resize=350%2C263\" alt=\"\" width=\"350\" height=\"263\" srcset=\"https:\/\/i0.wp.com\/www.wolpertingersfc.de\/wp-content\/uploads\/2018\/06\/2018-06-03-Radtour-UA-A-099-444x333.jpg?resize=444%2C333 444w, https:\/\/i0.wp.com\/www.wolpertingersfc.de\/wp-content\/uploads\/2018\/06\/2018-06-03-Radtour-UA-A-099-444x333.jpg?resize=300%2C225 300w, https:\/\/i0.wp.com\/www.wolpertingersfc.de\/wp-content\/uploads\/2018\/06\/2018-06-03-Radtour-UA-A-099-444x333.jpg?resize=144%2C108 144w\" sizes=\"auto, (max-width: 350px) 100vw, 350px\" \/><img data-recalc-dims=\"1\" loading=\"lazy\" decoding=\"async\" data-attachment-id=\"2434\" data-permalink=\"http:\/\/www.wolpertingersfc.de\/?attachment_id=2434\" data-orig-file=\"https:\/\/i0.wp.com\/www.wolpertingersfc.de\/wp-content\/uploads\/2018\/06\/2018-06-03-Radtour-UA-A-147-444x333.jpg?fit=444%2C333\" data-orig-size=\"444,333\" data-comments-opened=\"1\" data-image-meta=\"{&quot;aperture&quot;:&quot;4.5&quot;,&quot;credit&quot;:&quot;&quot;,&quot;camera&quot;:&quot;DMC-TZ10&quot;,&quot;caption&quot;:&quot;&quot;,&quot;created_timestamp&quot;:&quot;1528019612&quot;,&quot;copyright&quot;:&quot;&quot;,&quot;focal_length&quot;:&quot;4.1&quot;,&quot;iso&quot;:&quot;80&quot;,&quot;shutter_speed&quot;:&quot;0.0025&quot;,&quot;title&quot;:&quot;&quot;,&quot;orientation&quot;:&quot;1&quot;}\" data-image-title=\"2018-06-03-Radtour-UA-A-147 (444&amp;#215;333)\" data-image-description=\"\" data-image-caption=\"\" data-medium-file=\"https:\/\/i0.wp.com\/www.wolpertingersfc.de\/wp-content\/uploads\/2018\/06\/2018-06-03-Radtour-UA-A-147-444x333.jpg?fit=300%2C225\" data-large-file=\"https:\/\/i0.wp.com\/www.wolpertingersfc.de\/wp-content\/uploads\/2018\/06\/2018-06-03-Radtour-UA-A-147-444x333.jpg?fit=444%2C333\" class=\"alignnone wp-image-2434\" src=\"https:\/\/i0.wp.com\/www.wolpertingersfc.de\/wp-content\/uploads\/2018\/06\/2018-06-03-Radtour-UA-A-147-444x333.jpg?resize=350%2C263\" alt=\"\" width=\"350\" height=\"263\" srcset=\"https:\/\/i0.wp.com\/www.wolpertingersfc.de\/wp-content\/uploads\/2018\/06\/2018-06-03-Radtour-UA-A-147-444x333.jpg?resize=444%2C333 444w, https:\/\/i0.wp.com\/www.wolpertingersfc.de\/wp-content\/uploads\/2018\/06\/2018-06-03-Radtour-UA-A-147-444x333.jpg?resize=300%2C225 300w, https:\/\/i0.wp.com\/www.wolpertingersfc.de\/wp-content\/uploads\/2018\/06\/2018-06-03-Radtour-UA-A-147-444x333.jpg?resize=144%2C108 144w\" sizes=\"auto, (max-width: 350px) 100vw, 350px\" \/><\/p>\n<p>Am dritten Tag sollten nun auch die sportlichen Fahrer auf ihre Kosten kommen. Neben der gem\u00fctlichen Variante konnten sie sich bei 85 km Wegstecke und einer Durchschnittsgeschwindigkeit von 24 km\/h austoben. Nach einem kurzen Zwischenstopp im Biergarten war unser Ziel, die Jugendherberge in Augsburg, schnell erreicht. Alles klappte super, nur das Parken des Begleitfahrzeugs nebst Anh\u00e4nger stellte sich als schwierig heraus. Aber um 23.00 Uhr wurde auch dieses Problem gemeinschaftlich gel\u00f6st.<\/p>\n<p>Nach dem Fr\u00fchst\u00fcck ging es mit dem Fahrrad zu einer ca. 20 km langen Stadtf\u00fchrung. Mit dem Rad fuhren wir zuerst durch die Altstadt zu den mittelalterlichen Zunfth\u00e4usern, dem Dom, dem Rathaus und der Fuggerei, einer Sozialsiedlung aus dem 16. Jahrhundert. Noch heute werden die Wohnungen nach den vier aufgestellten Kriterien des Gr\u00fcnders vergeben. Danach radelten wir durchs Industrieviertel und erfuhren auch dort von unserer tollen Stadtf\u00fchrerin allerhand Wissenswertes \u00fcber diesen Teil der Geschichte Augsburgs. Durch den Stadtwald radelten wir nach dieser besonderen und sch\u00f6nen Stadtf\u00fchrung Richtung Bahnhof. Nachdem die R\u00e4der im Begleitfahrzeug verstaut waren, ging es mit Zug und Bus wieder heimw\u00e4rts Richtung G\u00f6nningen.<\/p>\n<p>Es war wieder eine sch\u00f6ne Radtour und es hat wieder viel Spa\u00df gemacht.<br \/>\nWir freuen uns aufs n\u00e4chste Jahr.<\/p>\n<p>Ute &amp; Gerold<\/p>\n<p><a href=\"http:\/\/www.wolpertingersfc.de\/?page_id=2440\" target=\"_blank\" rel=\"noopener\">Weitere Bilder findet Ihr hier in der Galerie.<\/a><\/p>\n","protected":false},"excerpt":{"rendered":"<p>Unsere 4-t\u00e4gige Wolpertinger-Radtour f\u00fchrte uns in diesem Jahr \u00fcber das Iller-, Wertach- und Lechtal von Ulm nach Augsburg. Nachdem alle 19 Teilnehmer, der j\u00fcngste Radler 17 Jahre und der \u00e4lteste Radler 76 Jahre alt, das Gep\u00e4ck und die Fahrr\u00e4der im Begleitfahrzeug verladen hatten, fuhren wir mit Bus und Bahn nach Ulm. Dort angekommen starteten wir &hellip; <a href=\"http:\/\/www.wolpertingersfc.de\/?p=2429\" class=\"more-link\"><span class=\"screen-reader-text\">Wolpertinger-Radtour 2018<\/span> weiterlesen<\/a><\/p>\n","protected":false},"author":1,"featured_media":0,"comment_status":"open","ping_status":"open","sticky":false,"template":"","format":"standard","meta":{"jetpack_post_was_ever_published":false,"_jetpack_newsletter_access":"","_jetpack_dont_email_post_to_subs":false,"_jetpack_newsletter_tier_id":0,"_jetpack_memberships_contains_paywalled_content":false,"_jetpack_memberships_contains_paid_content":false,"footnotes":"","jetpack_publicize_message":"","jetpack_publicize_feature_enabled":true,"jetpack_social_post_already_shared":true,"jetpack_social_options":{"image_generator_settings":{"template":"highway","default_image_id":0,"font":"","enabled":false},"version":2}},"categories":[14],"tags":[],"class_list":["post-2429","post","type-post","status-publish","format-standard","hentry","category-radsport"],"jetpack_publicize_connections":[],"jetpack_featured_media_url":"","jetpack_sharing_enabled":true,"jetpack_shortlink":"https:\/\/wp.me\/p8FTYK-Db","jetpack-related-posts":[{"id":2927,"url":"http:\/\/www.wolpertingersfc.de\/?p=2927","url_meta":{"origin":2429,"position":0},"title":"Wolpertinger-Radtour 2019 &#8211; 8.-11.06.2019","author":"Wolpertingersfc","date":"18. Juni 2019","format":false,"excerpt":"Unsere allj\u00e4hrliche beliebte Wolpertinger-Radtour ging dieses Mal von Ingolstadt durch das sch\u00f6ne Altm\u00fchltal nach N\u00fcrnberg. Am fr\u00fchen Samstagmorgen trafen sich 20 Radler, um mit Bus und Bahn nach Ingolstadt zu fahren. Dort gesellte sich der 21. Radler der Gruppe hinzu. Ute und Gerold fuhren mit dem Begleitfahrzeug und dem Fahrradanh\u00e4nger\u2026","rel":"","context":"In &quot;Radsport&quot;","block_context":{"text":"Radsport","link":"http:\/\/www.wolpertingersfc.de\/?cat=14"},"img":{"alt_text":"","src":"https:\/\/i0.wp.com\/www.wolpertingersfc.de\/wp-content\/uploads\/2019\/06\/Bild_3.jpg?resize=350%2C200","width":350,"height":200,"srcset":"https:\/\/i0.wp.com\/www.wolpertingersfc.de\/wp-content\/uploads\/2019\/06\/Bild_3.jpg?resize=350%2C200 1x, https:\/\/i0.wp.com\/www.wolpertingersfc.de\/wp-content\/uploads\/2019\/06\/Bild_3.jpg?resize=525%2C300 1.5x, https:\/\/i0.wp.com\/www.wolpertingersfc.de\/wp-content\/uploads\/2019\/06\/Bild_3.jpg?resize=700%2C400 2x, https:\/\/i0.wp.com\/www.wolpertingersfc.de\/wp-content\/uploads\/2019\/06\/Bild_3.jpg?resize=1050%2C600 3x, https:\/\/i0.wp.com\/www.wolpertingersfc.de\/wp-content\/uploads\/2019\/06\/Bild_3.jpg?resize=1400%2C800 4x"},"classes":[]},{"id":3601,"url":"http:\/\/www.wolpertingersfc.de\/?p=3601","url_meta":{"origin":2429,"position":1},"title":"Wolpertinger-Radtour 2023 17.-20.06.2023","author":"Wolpertingersfc","date":"28. Juli 2023","format":false,"excerpt":"Unsere diesj\u00e4hrige Wolpertinger-Radtour ging dieses Mal in das sch\u00f6ne Oberbayern. Unser Startpunkt der Tour war Gauting im S\u00fcden von M\u00fcnchen. Von dort aus radelten wir \u00fcber Schlehdorf am Kochelsee nach Fall am Sylvensteinsee, zum Walchensee zum Baden und wieder zur\u00fcck nach Gauting zu unserem Startpunkt. In 4 Tagen bew\u00e4ltigten wir\u2026","rel":"","context":"\u00c4hnlicher Beitrag","block_context":{"text":"\u00c4hnlicher Beitrag","link":""},"img":{"alt_text":"","src":"https:\/\/i0.wp.com\/www.wolpertingersfc.de\/wp-content\/uploads\/2023\/07\/Bild3.png?resize=350%2C200","width":350,"height":200,"srcset":"https:\/\/i0.wp.com\/www.wolpertingersfc.de\/wp-content\/uploads\/2023\/07\/Bild3.png?resize=350%2C200 1x, https:\/\/i0.wp.com\/www.wolpertingersfc.de\/wp-content\/uploads\/2023\/07\/Bild3.png?resize=525%2C300 1.5x"},"classes":[]},{"id":3694,"url":"http:\/\/www.wolpertingersfc.de\/?p=3694","url_meta":{"origin":2429,"position":2},"title":"Wolpertinger Radtour vom 29.6.- 2.7.2024","author":"Wolpertingersfc","date":"4. Juli 2024","format":false,"excerpt":"Am fr\u00fchen Samstag starteten 20 Wolpertinger von U 30 bis \u00dc 80 in G\u00f6nningen ihre Tour. Bei gut 30 Grad radelten wir \u00fcber T\u00fcbingen, Herrenberg zur Mittagsrast nach Affst\u00e4tt, dann weiter nach Calw, wo eine Abk\u00fchlung mit Eisbecher und kalten Getr\u00e4nken dringend n\u00f6tig war. Nach 70 km erreichten wir unser\u2026","rel":"","context":"\u00c4hnlicher Beitrag","block_context":{"text":"\u00c4hnlicher Beitrag","link":""},"img":{"alt_text":"","src":"https:\/\/i0.wp.com\/www.wolpertingersfc.de\/wp-content\/uploads\/2024\/07\/2024-07-03-Gruppenbild-Radtour.jpg?resize=350%2C200","width":350,"height":200,"srcset":"https:\/\/i0.wp.com\/www.wolpertingersfc.de\/wp-content\/uploads\/2024\/07\/2024-07-03-Gruppenbild-Radtour.jpg?resize=350%2C200 1x, https:\/\/i0.wp.com\/www.wolpertingersfc.de\/wp-content\/uploads\/2024\/07\/2024-07-03-Gruppenbild-Radtour.jpg?resize=525%2C300 1.5x, https:\/\/i0.wp.com\/www.wolpertingersfc.de\/wp-content\/uploads\/2024\/07\/2024-07-03-Gruppenbild-Radtour.jpg?resize=700%2C400 2x, https:\/\/i0.wp.com\/www.wolpertingersfc.de\/wp-content\/uploads\/2024\/07\/2024-07-03-Gruppenbild-Radtour.jpg?resize=1050%2C600 3x, https:\/\/i0.wp.com\/www.wolpertingersfc.de\/wp-content\/uploads\/2024\/07\/2024-07-03-Gruppenbild-Radtour.jpg?resize=1400%2C800 4x"},"classes":[]},{"id":3757,"url":"http:\/\/www.wolpertingersfc.de\/?p=3757","url_meta":{"origin":2429,"position":3},"title":"Wolpertinger Pedelec- und Fahrradtour nach Oberschwaben 10.-13. Mai 2025","author":"Wolpertingersfc","date":"16. Mai 2025","format":false,"excerpt":"Bei perfektem Radlwetter starteten 19 Wolpertinger am Samstag ihre Tour nach Oberschwaben. Nach dem Albaufstieg, ging es ab Gomadingen das wundersch\u00f6ne Lautertal entlang, dann weiter zum Kloster Obermarchtal. Nach knapp 70 km war es toll, dass das Abendessen- Buffet schon auf uns wartete- zum Ausklang des sch\u00f6nen Tages waren wir\u2026","rel":"","context":"\u00c4hnlicher Beitrag","block_context":{"text":"\u00c4hnlicher Beitrag","link":""},"img":{"alt_text":"","src":"https:\/\/i0.wp.com\/www.wolpertingersfc.de\/wp-content\/uploads\/2025\/05\/Radtour25.jpg?resize=350%2C200","width":350,"height":200,"srcset":"https:\/\/i0.wp.com\/www.wolpertingersfc.de\/wp-content\/uploads\/2025\/05\/Radtour25.jpg?resize=350%2C200 1x, https:\/\/i0.wp.com\/www.wolpertingersfc.de\/wp-content\/uploads\/2025\/05\/Radtour25.jpg?resize=525%2C300 1.5x, https:\/\/i0.wp.com\/www.wolpertingersfc.de\/wp-content\/uploads\/2025\/05\/Radtour25.jpg?resize=700%2C400 2x, https:\/\/i0.wp.com\/www.wolpertingersfc.de\/wp-content\/uploads\/2025\/05\/Radtour25.jpg?resize=1050%2C600 3x, https:\/\/i0.wp.com\/www.wolpertingersfc.de\/wp-content\/uploads\/2025\/05\/Radtour25.jpg?resize=1400%2C800 4x"},"classes":[]},{"id":3518,"url":"http:\/\/www.wolpertingersfc.de\/?p=3518","url_meta":{"origin":2429,"position":4},"title":"Wolpertinger Radtour vom 4. bis 7. Juni 2022","author":"Wolpertingersfc","date":"14. Juni 2022","format":false,"excerpt":"Am fr\u00fchen Samstagmorgen starteten 14 Wolpertinger mit privaten Autos nach W\u00fcrzburg, wo unsere diesj\u00e4hrige Radtour begann und auch endete. Auf der Fahrt hatten wir jede Menge Regen, aber Petrus meinte es gut mit uns, wir hatten ideales Radwetter und wurden in den 4 Tagen nie nass. Los ging es von\u2026","rel":"","context":"\u00c4hnlicher Beitrag","block_context":{"text":"\u00c4hnlicher Beitrag","link":""},"img":{"alt_text":"","src":"https:\/\/i0.wp.com\/www.wolpertingersfc.de\/wp-content\/uploads\/2022\/06\/IMG-20220604-WA0025.jpg?resize=350%2C200","width":350,"height":200,"srcset":"https:\/\/i0.wp.com\/www.wolpertingersfc.de\/wp-content\/uploads\/2022\/06\/IMG-20220604-WA0025.jpg?resize=350%2C200 1x, https:\/\/i0.wp.com\/www.wolpertingersfc.de\/wp-content\/uploads\/2022\/06\/IMG-20220604-WA0025.jpg?resize=525%2C300 1.5x, https:\/\/i0.wp.com\/www.wolpertingersfc.de\/wp-content\/uploads\/2022\/06\/IMG-20220604-WA0025.jpg?resize=700%2C400 2x, https:\/\/i0.wp.com\/www.wolpertingersfc.de\/wp-content\/uploads\/2022\/06\/IMG-20220604-WA0025.jpg?resize=1050%2C600 3x, https:\/\/i0.wp.com\/www.wolpertingersfc.de\/wp-content\/uploads\/2022\/06\/IMG-20220604-WA0025.jpg?resize=1400%2C800 4x"},"classes":[]},{"id":2535,"url":"http:\/\/www.wolpertingersfc.de\/?p=2535","url_meta":{"origin":2429,"position":5},"title":"Paddelwochenende in \u00dcberlingen vom 22. -24. Juni 2018","author":"Wolpertingersfc","date":"2. Juli 2018","format":false,"excerpt":"Unser ehemaliger Wolpertinger Markus lud auch dieses Jahr zum Paddeln auf das Gel\u00e4nde des Paddelclubs \u00dcberlingen ein. F\u00fcnfzehn Wolpertinger reisten am Freitag, teils sehr sportlich mit Fahrrad, oder gut bepackten Autos an. Manch einer testete sofort das sehr erfrischende Wasser\u2026 Nach Zeltaufbau und Vesper folgte ein gem\u00fctlicher Abend bei frischen\u2026","rel":"","context":"In &quot;Kajak&quot;","block_context":{"text":"Kajak","link":"http:\/\/www.wolpertingersfc.de\/?cat=12"},"img":{"alt_text":"","src":"https:\/\/i0.wp.com\/www.wolpertingersfc.de\/wp-content\/uploads\/2018\/07\/Rheinfahrt52-1200x900.jpg?resize=350%2C200","width":350,"height":200,"srcset":"https:\/\/i0.wp.com\/www.wolpertingersfc.de\/wp-content\/uploads\/2018\/07\/Rheinfahrt52-1200x900.jpg?resize=350%2C200 1x, https:\/\/i0.wp.com\/www.wolpertingersfc.de\/wp-content\/uploads\/2018\/07\/Rheinfahrt52-1200x900.jpg?resize=525%2C300 1.5x, https:\/\/i0.wp.com\/www.wolpertingersfc.de\/wp-content\/uploads\/2018\/07\/Rheinfahrt52-1200x900.jpg?resize=700%2C400 2x, https:\/\/i0.wp.com\/www.wolpertingersfc.de\/wp-content\/uploads\/2018\/07\/Rheinfahrt52-1200x900.jpg?resize=1050%2C600 3x"},"classes":[]}],"_links":{"self":[{"href":"http:\/\/www.wolpertingersfc.de\/index.php?rest_route=\/wp\/v2\/posts\/2429","targetHints":{"allow":["GET"]}}],"collection":[{"href":"http:\/\/www.wolpertingersfc.de\/index.php?rest_route=\/wp\/v2\/posts"}],"about":[{"href":"http:\/\/www.wolpertingersfc.de\/index.php?rest_route=\/wp\/v2\/types\/post"}],"author":[{"embeddable":true,"href":"http:\/\/www.wolpertingersfc.de\/index.php?rest_route=\/wp\/v2\/users\/1"}],"replies":[{"embeddable":true,"href":"http:\/\/www.wolpertingersfc.de\/index.php?rest_route=%2Fwp%2Fv2%2Fcomments&post=2429"}],"version-history":[{"count":8,"href":"http:\/\/www.wolpertingersfc.de\/index.php?rest_route=\/wp\/v2\/posts\/2429\/revisions"}],"predecessor-version":[{"id":2492,"href":"http:\/\/www.wolpertingersfc.de\/index.php?rest_route=\/wp\/v2\/posts\/2429\/revisions\/2492"}],"wp:attachment":[{"href":"http:\/\/www.wolpertingersfc.de\/index.php?rest_route=%2Fwp%2Fv2%2Fmedia&parent=2429"}],"wp:term":[{"taxonomy":"category","embeddable":true,"href":"http:\/\/www.wolpertingersfc.de\/index.php?rest_route=%2Fwp%2Fv2%2Fcategories&post=2429"},{"taxonomy":"post_tag","embeddable":true,"href":"http:\/\/www.wolpertingersfc.de\/index.php?rest_route=%2Fwp%2Fv2%2Ftags&post=2429"}],"curies":[{"name":"wp","href":"https:\/\/api.w.org\/{rel}","templated":true}]}}