{"id":2327,"date":"2018-04-08T19:36:49","date_gmt":"2018-04-08T17:36:49","guid":{"rendered":"http:\/\/www.wolpertingersfc.de\/?p=2327"},"modified":"2018-04-21T00:19:41","modified_gmt":"2018-04-20T22:19:41","slug":"orientalisches-tanzen","status":"publish","type":"post","link":"http:\/\/www.wolpertingersfc.de\/?p=2327","title":{"rendered":"Orientalisches Tanzen"},"content":{"rendered":"<p>Seit dem 9.1.2018 hat sich nun eine sehr nette kleine Gruppe von Frauen auf den gemeinsamen Weg des orientalischen Tanzes im Lockschuppen gemacht. Im Aufw\u00e4rmtraining hat Johanna, unsere Tanzlehrerin, daf\u00fcr gesorgt, dass es uns warm wird, wir unseren K\u00f6rper wahrnehmen und uns aufrichten. Zudem konnten wir den Alltagstress f\u00fcr eine ganze Zeit vergessen. Geschm\u00fcckt mit sch\u00f6nen T\u00fcchern durften wir dann verschieden Bewegungen und Schritte erlernen. Gekonnt hat Johanna dann die einzelnen Elemente zu einer kleinen aber anspruchsvollen Choreographie zusammengestellt. In vielen Wiederholungen konnten wir so auch noch ein Konzentrations- und Ged\u00e4chtnistraining absolvieren. Getragen von einem Orientalen-Pop-Song konnten wir schon ein tolles T\u00e4nzchen wagen. Der Unterricht und die Gemeinschaft der Frauen hat uns sehr viel Freude gemacht. Das Lerntempo konnten wir gut nach den Bed\u00fcrfnissen der T\u00e4nzerinnen gestalten und Johanna hat uns super gefordert und gef\u00f6rdert. Am Dienstag den 20.3. ist nun der erste 10er-Block schon zu Ende und wir freuen uns dann, am 17.04.2018 von 18:15 bis 19:45 im Lokschuppen mit dem neuen 10er-Block zu beginnen.<\/p>\n<p>N\u00e4here Infos und Anmeldung bei:<br \/>\nClaudia Randecker-Hornberger<br \/>\nTelefon: 0 70 72 \/ 208 98 64<br \/>\nE-Mail:\u00a0 claudia.randecker-hornberger@wolpertingersfc.de<\/p>\n<p><img data-recalc-dims=\"1\" loading=\"lazy\" decoding=\"async\" data-attachment-id=\"2330\" data-permalink=\"http:\/\/www.wolpertingersfc.de\/?attachment_id=2330\" data-orig-file=\"https:\/\/i0.wp.com\/www.wolpertingersfc.de\/wp-content\/uploads\/2018\/04\/Orientalisch-Tanzen.jpg?fit=494%2C576\" data-orig-size=\"494,576\" data-comments-opened=\"1\" data-image-meta=\"{&quot;aperture&quot;:&quot;3.3&quot;,&quot;credit&quot;:&quot;&quot;,&quot;camera&quot;:&quot;DMC-TZ22&quot;,&quot;caption&quot;:&quot;&quot;,&quot;created_timestamp&quot;:&quot;1521572095&quot;,&quot;copyright&quot;:&quot;&quot;,&quot;focal_length&quot;:&quot;4.3&quot;,&quot;iso&quot;:&quot;320&quot;,&quot;shutter_speed&quot;:&quot;0.016666666666667&quot;,&quot;title&quot;:&quot;&quot;,&quot;orientation&quot;:&quot;1&quot;}\" data-image-title=\"Orientalisch Tanzen\" data-image-description=\"\" data-image-caption=\"\" data-medium-file=\"https:\/\/i0.wp.com\/www.wolpertingersfc.de\/wp-content\/uploads\/2018\/04\/Orientalisch-Tanzen.jpg?fit=257%2C300\" data-large-file=\"https:\/\/i0.wp.com\/www.wolpertingersfc.de\/wp-content\/uploads\/2018\/04\/Orientalisch-Tanzen.jpg?fit=494%2C576\" class=\"alignnone size-full wp-image-2330\" src=\"https:\/\/i0.wp.com\/www.wolpertingersfc.de\/wp-content\/uploads\/2018\/04\/Orientalisch-Tanzen.jpg?resize=494%2C576\" alt=\"\" width=\"494\" height=\"576\" srcset=\"https:\/\/i0.wp.com\/www.wolpertingersfc.de\/wp-content\/uploads\/2018\/04\/Orientalisch-Tanzen.jpg?w=494 494w, https:\/\/i0.wp.com\/www.wolpertingersfc.de\/wp-content\/uploads\/2018\/04\/Orientalisch-Tanzen.jpg?resize=257%2C300 257w, https:\/\/i0.wp.com\/www.wolpertingersfc.de\/wp-content\/uploads\/2018\/04\/Orientalisch-Tanzen.jpg?resize=93%2C108 93w\" sizes=\"auto, (max-width: 494px) 100vw, 494px\" \/><br \/>\nEin Teil der Gruppe \u201eOrientalisches Tanzen\u201c<\/p>\n<p>Sehr freuen w\u00fcrden wir uns, wenn sich noch ein paar Frauen finden, die mit uns gemeinsam weiter tanzen wollen. Wir werden das Erlernte wiederholen, vertiefen und erweitern.<\/p>\n<p>Die W\u00fcnsche und Ideen der Gruppe werden weiter in den Unterricht einflie\u00dfen.<\/p>\n<p>An Johanna ein gro\u00dfes Dankesch\u00f6n f\u00fcr die Freude und den Spa\u00df, den sie uns in diesen Wochen geschenkt hat.<\/p>\n<p>Claudia Randecker-Hornberger<\/p>\n","protected":false},"excerpt":{"rendered":"<p>Seit dem 9.1.2018 hat sich nun eine sehr nette kleine Gruppe von Frauen auf den gemeinsamen Weg des orientalischen Tanzes im Lockschuppen gemacht. Im Aufw\u00e4rmtraining hat Johanna, unsere Tanzlehrerin, daf\u00fcr gesorgt, dass es uns warm wird, wir unseren K\u00f6rper wahrnehmen und uns aufrichten. Zudem konnten wir den Alltagstress f\u00fcr eine ganze Zeit vergessen. Geschm\u00fcckt mit &hellip; <a href=\"http:\/\/www.wolpertingersfc.de\/?p=2327\" class=\"more-link\"><span class=\"screen-reader-text\">Orientalisches Tanzen<\/span> weiterlesen<\/a><\/p>\n","protected":false},"author":1,"featured_media":0,"comment_status":"open","ping_status":"open","sticky":false,"template":"","format":"standard","meta":{"jetpack_post_was_ever_published":false,"_jetpack_newsletter_access":"","_jetpack_dont_email_post_to_subs":false,"_jetpack_newsletter_tier_id":0,"_jetpack_memberships_contains_paywalled_content":false,"_jetpack_memberships_contains_paid_content":false,"footnotes":"","jetpack_publicize_message":"","jetpack_publicize_feature_enabled":true,"jetpack_social_post_already_shared":true,"jetpack_social_options":{"image_generator_settings":{"template":"highway","default_image_id":0,"font":"","enabled":false},"version":2}},"categories":[1],"tags":[],"class_list":["post-2327","post","type-post","status-publish","format-standard","hentry","category-uncategorized"],"jetpack_publicize_connections":[],"jetpack_featured_media_url":"","jetpack_sharing_enabled":true,"jetpack_shortlink":"https:\/\/wp.me\/p8FTYK-Bx","jetpack-related-posts":[{"id":3694,"url":"http:\/\/www.wolpertingersfc.de\/?p=3694","url_meta":{"origin":2327,"position":0},"title":"Wolpertinger Radtour vom 29.6.- 2.7.2024","author":"Wolpertingersfc","date":"4. Juli 2024","format":false,"excerpt":"Am fr\u00fchen Samstag starteten 20 Wolpertinger von U 30 bis \u00dc 80 in G\u00f6nningen ihre Tour. Bei gut 30 Grad radelten wir \u00fcber T\u00fcbingen, Herrenberg zur Mittagsrast nach Affst\u00e4tt, dann weiter nach Calw, wo eine Abk\u00fchlung mit Eisbecher und kalten Getr\u00e4nken dringend n\u00f6tig war. Nach 70 km erreichten wir unser\u2026","rel":"","context":"\u00c4hnlicher Beitrag","block_context":{"text":"\u00c4hnlicher Beitrag","link":""},"img":{"alt_text":"","src":"https:\/\/i0.wp.com\/www.wolpertingersfc.de\/wp-content\/uploads\/2024\/07\/2024-07-03-Gruppenbild-Radtour.jpg?resize=350%2C200","width":350,"height":200,"srcset":"https:\/\/i0.wp.com\/www.wolpertingersfc.de\/wp-content\/uploads\/2024\/07\/2024-07-03-Gruppenbild-Radtour.jpg?resize=350%2C200 1x, https:\/\/i0.wp.com\/www.wolpertingersfc.de\/wp-content\/uploads\/2024\/07\/2024-07-03-Gruppenbild-Radtour.jpg?resize=525%2C300 1.5x, https:\/\/i0.wp.com\/www.wolpertingersfc.de\/wp-content\/uploads\/2024\/07\/2024-07-03-Gruppenbild-Radtour.jpg?resize=700%2C400 2x, https:\/\/i0.wp.com\/www.wolpertingersfc.de\/wp-content\/uploads\/2024\/07\/2024-07-03-Gruppenbild-Radtour.jpg?resize=1050%2C600 3x, https:\/\/i0.wp.com\/www.wolpertingersfc.de\/wp-content\/uploads\/2024\/07\/2024-07-03-Gruppenbild-Radtour.jpg?resize=1400%2C800 4x"},"classes":[]},{"id":3203,"url":"http:\/\/www.wolpertingersfc.de\/?p=3203","url_meta":{"origin":2327,"position":1},"title":"B\u00e4nkleswanderung der Wolpertinger am 15. September 2019","author":"Wolpertingersfc","date":"16. September 2019","format":false,"excerpt":"P\u00fcnktlich um 11 Uhr trafen sich vorletzten Sonntag 30 Wolpertinger und G\u00e4ste am Parkplatz Lenzensteigle zu einer Wanderung rund um G\u00f6nningen. Bei sommerlichem Wetter ging es erst \u00fcber die Plattach, dann bergauf Richtung Sch\u00fctzenhaus. Zuvor legten wir eine Pause beim Tennis- Familientag ein, um uns zu st\u00e4rken. Immer wieder konnten\u2026","rel":"","context":"\u00c4hnlicher Beitrag","block_context":{"text":"\u00c4hnlicher Beitrag","link":""},"img":{"alt_text":"","src":"https:\/\/i0.wp.com\/www.wolpertingersfc.de\/wp-content\/uploads\/2019\/09\/P1070282-1024x577.jpg?resize=350%2C200","width":350,"height":200,"srcset":"https:\/\/i0.wp.com\/www.wolpertingersfc.de\/wp-content\/uploads\/2019\/09\/P1070282-1024x577.jpg?resize=350%2C200 1x, https:\/\/i0.wp.com\/www.wolpertingersfc.de\/wp-content\/uploads\/2019\/09\/P1070282-1024x577.jpg?resize=525%2C300 1.5x, https:\/\/i0.wp.com\/www.wolpertingersfc.de\/wp-content\/uploads\/2019\/09\/P1070282-1024x577.jpg?resize=700%2C400 2x"},"classes":[]},{"id":3518,"url":"http:\/\/www.wolpertingersfc.de\/?p=3518","url_meta":{"origin":2327,"position":2},"title":"Wolpertinger Radtour vom 4. bis 7. Juni 2022","author":"Wolpertingersfc","date":"14. Juni 2022","format":false,"excerpt":"Am fr\u00fchen Samstagmorgen starteten 14 Wolpertinger mit privaten Autos nach W\u00fcrzburg, wo unsere diesj\u00e4hrige Radtour begann und auch endete. Auf der Fahrt hatten wir jede Menge Regen, aber Petrus meinte es gut mit uns, wir hatten ideales Radwetter und wurden in den 4 Tagen nie nass. Los ging es von\u2026","rel":"","context":"\u00c4hnlicher Beitrag","block_context":{"text":"\u00c4hnlicher Beitrag","link":""},"img":{"alt_text":"","src":"https:\/\/i0.wp.com\/www.wolpertingersfc.de\/wp-content\/uploads\/2022\/06\/IMG-20220604-WA0025.jpg?resize=350%2C200","width":350,"height":200,"srcset":"https:\/\/i0.wp.com\/www.wolpertingersfc.de\/wp-content\/uploads\/2022\/06\/IMG-20220604-WA0025.jpg?resize=350%2C200 1x, https:\/\/i0.wp.com\/www.wolpertingersfc.de\/wp-content\/uploads\/2022\/06\/IMG-20220604-WA0025.jpg?resize=525%2C300 1.5x, https:\/\/i0.wp.com\/www.wolpertingersfc.de\/wp-content\/uploads\/2022\/06\/IMG-20220604-WA0025.jpg?resize=700%2C400 2x, https:\/\/i0.wp.com\/www.wolpertingersfc.de\/wp-content\/uploads\/2022\/06\/IMG-20220604-WA0025.jpg?resize=1050%2C600 3x, https:\/\/i0.wp.com\/www.wolpertingersfc.de\/wp-content\/uploads\/2022\/06\/IMG-20220604-WA0025.jpg?resize=1400%2C800 4x"},"classes":[]},{"id":3757,"url":"http:\/\/www.wolpertingersfc.de\/?p=3757","url_meta":{"origin":2327,"position":3},"title":"Wolpertinger Pedelec- und Fahrradtour nach Oberschwaben 10.-13. Mai 2025","author":"Wolpertingersfc","date":"16. Mai 2025","format":false,"excerpt":"Bei perfektem Radlwetter starteten 19 Wolpertinger am Samstag ihre Tour nach Oberschwaben. Nach dem Albaufstieg, ging es ab Gomadingen das wundersch\u00f6ne Lautertal entlang, dann weiter zum Kloster Obermarchtal. Nach knapp 70 km war es toll, dass das Abendessen- Buffet schon auf uns wartete- zum Ausklang des sch\u00f6nen Tages waren wir\u2026","rel":"","context":"\u00c4hnlicher Beitrag","block_context":{"text":"\u00c4hnlicher Beitrag","link":""},"img":{"alt_text":"","src":"https:\/\/i0.wp.com\/www.wolpertingersfc.de\/wp-content\/uploads\/2025\/05\/Radtour25.jpg?resize=350%2C200","width":350,"height":200,"srcset":"https:\/\/i0.wp.com\/www.wolpertingersfc.de\/wp-content\/uploads\/2025\/05\/Radtour25.jpg?resize=350%2C200 1x, https:\/\/i0.wp.com\/www.wolpertingersfc.de\/wp-content\/uploads\/2025\/05\/Radtour25.jpg?resize=525%2C300 1.5x, https:\/\/i0.wp.com\/www.wolpertingersfc.de\/wp-content\/uploads\/2025\/05\/Radtour25.jpg?resize=700%2C400 2x, https:\/\/i0.wp.com\/www.wolpertingersfc.de\/wp-content\/uploads\/2025\/05\/Radtour25.jpg?resize=1050%2C600 3x, https:\/\/i0.wp.com\/www.wolpertingersfc.de\/wp-content\/uploads\/2025\/05\/Radtour25.jpg?resize=1400%2C800 4x"},"classes":[]},{"id":3741,"url":"http:\/\/www.wolpertingersfc.de\/?p=3741","url_meta":{"origin":2327,"position":4},"title":"Hospitation im Hallenbadtraining","author":"Wolpertingersfc","date":"15. M\u00e4rz 2025","format":false,"excerpt":"Zur \u00dcbungsleiter C Ausbildung geh\u00f6rt eine Hospitation in einem anderen Verein. Benjamin Hofmann vom Tauchclub Pfullingen hat bei uns am 23.02. und 02.03. das Training geleitet. Es war f\u00fcr ihn ein anderes Hallenbad und komplett unbekannte Gesichter und er kannte unser Leistungsniveau nicht und musste es entsprechend anpassen. Nach dem\u2026","rel":"","context":"\u00c4hnlicher Beitrag","block_context":{"text":"\u00c4hnlicher Beitrag","link":""},"img":{"alt_text":"","src":"https:\/\/i0.wp.com\/www.wolpertingersfc.de\/wp-content\/uploads\/2025\/03\/Bild1.png?resize=350%2C200","width":350,"height":200,"srcset":"https:\/\/i0.wp.com\/www.wolpertingersfc.de\/wp-content\/uploads\/2025\/03\/Bild1.png?resize=350%2C200 1x, https:\/\/i0.wp.com\/www.wolpertingersfc.de\/wp-content\/uploads\/2025\/03\/Bild1.png?resize=525%2C300 1.5x"},"classes":[]},{"id":2429,"url":"http:\/\/www.wolpertingersfc.de\/?p=2429","url_meta":{"origin":2327,"position":5},"title":"Wolpertinger-Radtour 2018","author":"Wolpertingersfc","date":"15. Juni 2018","format":false,"excerpt":"Unsere 4-t\u00e4gige Wolpertinger-Radtour f\u00fchrte uns in diesem Jahr \u00fcber das Iller-, Wertach- und Lechtal von Ulm nach Augsburg. Nachdem alle 19 Teilnehmer, der j\u00fcngste Radler 17 Jahre und der \u00e4lteste Radler 76 Jahre alt, das Gep\u00e4ck und die Fahrr\u00e4der im Begleitfahrzeug verladen hatten, fuhren wir mit Bus und Bahn nach\u2026","rel":"","context":"In &quot;Radsport&quot;","block_context":{"text":"Radsport","link":"http:\/\/www.wolpertingersfc.de\/?cat=14"},"img":{"alt_text":"","src":"https:\/\/i0.wp.com\/www.wolpertingersfc.de\/wp-content\/uploads\/2018\/06\/2018-06-03-Radtour-Titelbild-444x333.jpg?resize=350%2C200","width":350,"height":200},"classes":[]}],"_links":{"self":[{"href":"http:\/\/www.wolpertingersfc.de\/index.php?rest_route=\/wp\/v2\/posts\/2327","targetHints":{"allow":["GET"]}}],"collection":[{"href":"http:\/\/www.wolpertingersfc.de\/index.php?rest_route=\/wp\/v2\/posts"}],"about":[{"href":"http:\/\/www.wolpertingersfc.de\/index.php?rest_route=\/wp\/v2\/types\/post"}],"author":[{"embeddable":true,"href":"http:\/\/www.wolpertingersfc.de\/index.php?rest_route=\/wp\/v2\/users\/1"}],"replies":[{"embeddable":true,"href":"http:\/\/www.wolpertingersfc.de\/index.php?rest_route=%2Fwp%2Fv2%2Fcomments&post=2327"}],"version-history":[{"count":8,"href":"http:\/\/www.wolpertingersfc.de\/index.php?rest_route=\/wp\/v2\/posts\/2327\/revisions"}],"predecessor-version":[{"id":2342,"href":"http:\/\/www.wolpertingersfc.de\/index.php?rest_route=\/wp\/v2\/posts\/2327\/revisions\/2342"}],"wp:attachment":[{"href":"http:\/\/www.wolpertingersfc.de\/index.php?rest_route=%2Fwp%2Fv2%2Fmedia&parent=2327"}],"wp:term":[{"taxonomy":"category","embeddable":true,"href":"http:\/\/www.wolpertingersfc.de\/index.php?rest_route=%2Fwp%2Fv2%2Fcategories&post=2327"},{"taxonomy":"post_tag","embeddable":true,"href":"http:\/\/www.wolpertingersfc.de\/index.php?rest_route=%2Fwp%2Fv2%2Ftags&post=2327"}],"curies":[{"name":"wp","href":"https:\/\/api.w.org\/{rel}","templated":true}]}}