{"id":2034,"date":"2017-11-13T08:19:41","date_gmt":"2017-11-13T07:19:41","guid":{"rendered":"http:\/\/www.wolpertingersfc.de\/?p=2034"},"modified":"2017-11-13T19:54:33","modified_gmt":"2017-11-13T18:54:33","slug":"kletterwand-wurde-erweitert","status":"publish","type":"post","link":"http:\/\/www.wolpertingersfc.de\/?p=2034","title":{"rendered":"Kletterwand wurde erweitert"},"content":{"rendered":"<p><strong>Aktuelles von der Abteilung Klettern:<\/strong><br \/>\nDie Erweiterung der Kletterwand ist fertiggestellt,<br \/>\nein Einweihungsfest ist f\u00fcr das Fr\u00fchjahr 2018 geplant.<\/p>\n<p><a href=\"http:\/\/www.wolpertingersfc.de\/wp-content\/uploads\/2017\/11\/P1070773-1000x750.jpg\" target=\"_blank\" rel=\"noopener\">\u00a0<\/a><a href=\"https:\/\/i0.wp.com\/www.wolpertingersfc.de\/wp-content\/uploads\/2017\/11\/P1070773-1000x750.jpg\" target=\"_blank\" rel=\"noopener\"><img data-recalc-dims=\"1\" loading=\"lazy\" decoding=\"async\" data-attachment-id=\"2117\" data-permalink=\"http:\/\/www.wolpertingersfc.de\/?attachment_id=2117\" data-orig-file=\"https:\/\/i0.wp.com\/www.wolpertingersfc.de\/wp-content\/uploads\/2017\/11\/P1070773-1000x750.jpg?fit=1000%2C750\" data-orig-size=\"1000,750\" data-comments-opened=\"1\" data-image-meta=\"{&quot;aperture&quot;:&quot;4.5&quot;,&quot;credit&quot;:&quot;&quot;,&quot;camera&quot;:&quot;DMC-TZ10&quot;,&quot;caption&quot;:&quot;&quot;,&quot;created_timestamp&quot;:&quot;0&quot;,&quot;copyright&quot;:&quot;&quot;,&quot;focal_length&quot;:&quot;4.1&quot;,&quot;iso&quot;:&quot;80&quot;,&quot;shutter_speed&quot;:&quot;0.0025&quot;,&quot;title&quot;:&quot;&quot;,&quot;orientation&quot;:&quot;1&quot;}\" data-image-title=\"P1070773 (1000&amp;#215;750)\" data-image-description=\"\" data-image-caption=\"\" data-medium-file=\"https:\/\/i0.wp.com\/www.wolpertingersfc.de\/wp-content\/uploads\/2017\/11\/P1070773-1000x750.jpg?fit=300%2C225\" data-large-file=\"https:\/\/i0.wp.com\/www.wolpertingersfc.de\/wp-content\/uploads\/2017\/11\/P1070773-1000x750.jpg?fit=863%2C647\" class=\"alignnone wp-image-2117 size-thumbnail\" src=\"https:\/\/i0.wp.com\/www.wolpertingersfc.de\/wp-content\/uploads\/2017\/11\/P1070773-1000x750.jpg?resize=150%2C150\" alt=\"\" width=\"150\" height=\"150\" srcset=\"https:\/\/i0.wp.com\/www.wolpertingersfc.de\/wp-content\/uploads\/2017\/11\/P1070773-1000x750.jpg?resize=150%2C150 150w, https:\/\/i0.wp.com\/www.wolpertingersfc.de\/wp-content\/uploads\/2017\/11\/P1070773-1000x750.jpg?zoom=2&amp;resize=150%2C150 300w, https:\/\/i0.wp.com\/www.wolpertingersfc.de\/wp-content\/uploads\/2017\/11\/P1070773-1000x750.jpg?zoom=3&amp;resize=150%2C150 450w\" sizes=\"auto, (max-width: 150px) 100vw, 150px\" \/><\/a><a href=\"https:\/\/i0.wp.com\/www.wolpertingersfc.de\/wp-content\/uploads\/2017\/11\/P1070707-1000x750.jpg\" target=\"_blank\" rel=\"noopener\"><img data-recalc-dims=\"1\" loading=\"lazy\" decoding=\"async\" data-attachment-id=\"2097\" data-permalink=\"http:\/\/www.wolpertingersfc.de\/?attachment_id=2097\" data-orig-file=\"https:\/\/i0.wp.com\/www.wolpertingersfc.de\/wp-content\/uploads\/2017\/11\/P1070707-1000x750.jpg?fit=750%2C1000\" data-orig-size=\"750,1000\" data-comments-opened=\"1\" data-image-meta=\"{&quot;aperture&quot;:&quot;3.9&quot;,&quot;credit&quot;:&quot;&quot;,&quot;camera&quot;:&quot;DMC-TZ10&quot;,&quot;caption&quot;:&quot;&quot;,&quot;created_timestamp&quot;:&quot;0&quot;,&quot;copyright&quot;:&quot;&quot;,&quot;focal_length&quot;:&quot;9.1&quot;,&quot;iso&quot;:&quot;125&quot;,&quot;shutter_speed&quot;:&quot;0.01&quot;,&quot;title&quot;:&quot;&quot;,&quot;orientation&quot;:&quot;1&quot;}\" data-image-title=\"P1070707 (1000&amp;#215;750)\" data-image-description=\"\" data-image-caption=\"\" data-medium-file=\"https:\/\/i0.wp.com\/www.wolpertingersfc.de\/wp-content\/uploads\/2017\/11\/P1070707-1000x750.jpg?fit=225%2C300\" data-large-file=\"https:\/\/i0.wp.com\/www.wolpertingersfc.de\/wp-content\/uploads\/2017\/11\/P1070707-1000x750.jpg?fit=750%2C1000\" class=\"alignnone wp-image-2097 size-thumbnail\" src=\"https:\/\/i0.wp.com\/www.wolpertingersfc.de\/wp-content\/uploads\/2017\/11\/P1070707-1000x750.jpg?resize=150%2C150\" alt=\"\" width=\"150\" height=\"150\" srcset=\"https:\/\/i0.wp.com\/www.wolpertingersfc.de\/wp-content\/uploads\/2017\/11\/P1070707-1000x750.jpg?resize=150%2C150 150w, https:\/\/i0.wp.com\/www.wolpertingersfc.de\/wp-content\/uploads\/2017\/11\/P1070707-1000x750.jpg?zoom=2&amp;resize=150%2C150 300w, https:\/\/i0.wp.com\/www.wolpertingersfc.de\/wp-content\/uploads\/2017\/11\/P1070707-1000x750.jpg?zoom=3&amp;resize=150%2C150 450w\" sizes=\"auto, (max-width: 150px) 100vw, 150px\" \/><\/a><a href=\"https:\/\/i0.wp.com\/www.wolpertingersfc.de\/wp-content\/uploads\/2017\/11\/P1070839-1000x750.jpg\" target=\"_blank\" rel=\"noopener\"><img data-recalc-dims=\"1\" loading=\"lazy\" decoding=\"async\" data-attachment-id=\"2124\" data-permalink=\"http:\/\/www.wolpertingersfc.de\/?attachment_id=2124\" data-orig-file=\"https:\/\/i0.wp.com\/www.wolpertingersfc.de\/wp-content\/uploads\/2017\/11\/P1070839-1000x750.jpg?fit=750%2C1000\" data-orig-size=\"750,1000\" data-comments-opened=\"1\" data-image-meta=\"{&quot;aperture&quot;:&quot;4&quot;,&quot;credit&quot;:&quot;&quot;,&quot;camera&quot;:&quot;DMC-TZ10&quot;,&quot;caption&quot;:&quot;&quot;,&quot;created_timestamp&quot;:&quot;0&quot;,&quot;copyright&quot;:&quot;&quot;,&quot;focal_length&quot;:&quot;4.1&quot;,&quot;iso&quot;:&quot;125&quot;,&quot;shutter_speed&quot;:&quot;0.0025&quot;,&quot;title&quot;:&quot;&quot;,&quot;orientation&quot;:&quot;1&quot;}\" data-image-title=\"P1070839 (1000&amp;#215;750)\" data-image-description=\"\" data-image-caption=\"\" data-medium-file=\"https:\/\/i0.wp.com\/www.wolpertingersfc.de\/wp-content\/uploads\/2017\/11\/P1070839-1000x750.jpg?fit=225%2C300\" data-large-file=\"https:\/\/i0.wp.com\/www.wolpertingersfc.de\/wp-content\/uploads\/2017\/11\/P1070839-1000x750.jpg?fit=750%2C1000\" class=\"alignnone wp-image-2124 size-thumbnail\" src=\"https:\/\/i0.wp.com\/www.wolpertingersfc.de\/wp-content\/uploads\/2017\/11\/P1070839-1000x750.jpg?resize=150%2C150\" alt=\"\" width=\"150\" height=\"150\" srcset=\"https:\/\/i0.wp.com\/www.wolpertingersfc.de\/wp-content\/uploads\/2017\/11\/P1070839-1000x750.jpg?resize=150%2C150 150w, https:\/\/i0.wp.com\/www.wolpertingersfc.de\/wp-content\/uploads\/2017\/11\/P1070839-1000x750.jpg?zoom=2&amp;resize=150%2C150 300w, https:\/\/i0.wp.com\/www.wolpertingersfc.de\/wp-content\/uploads\/2017\/11\/P1070839-1000x750.jpg?zoom=3&amp;resize=150%2C150 450w\" sizes=\"auto, (max-width: 150px) 100vw, 150px\" \/><\/a><\/p>\n<p>Weitere Bilder unter <a href=\"http:\/\/www.wolpertingersfc.de\/?page_id=1935\" target=\"_blank\" rel=\"noopener\">Klettern &#8211; Galerie<\/a><\/p>\n<p>&nbsp;<\/p>\n","protected":false},"excerpt":{"rendered":"<p>Aktuelles von der Abteilung Klettern: Die Erweiterung der Kletterwand ist fertiggestellt, ein Einweihungsfest ist f\u00fcr das Fr\u00fchjahr 2018 geplant. \u00a0 Weitere Bilder unter Klettern &#8211; Galerie &nbsp;<\/p>\n","protected":false},"author":1,"featured_media":0,"comment_status":"open","ping_status":"open","sticky":false,"template":"","format":"standard","meta":{"jetpack_post_was_ever_published":false,"_jetpack_newsletter_access":"","_jetpack_dont_email_post_to_subs":false,"_jetpack_newsletter_tier_id":0,"_jetpack_memberships_contains_paywalled_content":false,"_jetpack_memberships_contains_paid_content":false,"footnotes":"","jetpack_publicize_message":"","jetpack_publicize_feature_enabled":true,"jetpack_social_post_already_shared":true,"jetpack_social_options":{"image_generator_settings":{"template":"highway","default_image_id":0,"font":"","enabled":false},"version":2}},"categories":[13],"tags":[],"class_list":["post-2034","post","type-post","status-publish","format-standard","hentry","category-klettern"],"jetpack_publicize_connections":[],"jetpack_featured_media_url":"","jetpack_sharing_enabled":true,"jetpack_shortlink":"https:\/\/wp.me\/p8FTYK-wO","jetpack-related-posts":[{"id":2351,"url":"http:\/\/www.wolpertingersfc.de\/?p=2351","url_meta":{"origin":2034,"position":0},"title":"Einweihung Kletterwanderweiterung &#038; Tag der offenen T\u00fcr des Evangelischen Kindergartens","author":"Wolpertingersfc","date":"5. Mai 2018","format":false,"excerpt":"Gleich zwei Anl\u00e4sse gab es am Samstag, 5. Mai im Garten des Evangelischen Kindergartens bei sch\u00f6nstem Fr\u00fchsommerwetter zu feiern: Die Einweihung der Wolpertinger-Kletterwanderweiterung und den Tag der offenen T\u00fcr des Evangelischen Kindergartens. Eine tolle Atmosph\u00e4re nutzten viele zum Kennenlernen der Kletterwand und des Kindergartens: Eltern und Kinder, auch viele ehemalige,\u2026","rel":"","context":"In &quot;Klettern&quot;","block_context":{"text":"Klettern","link":"http:\/\/www.wolpertingersfc.de\/?cat=13"},"img":{"alt_text":"","src":"https:\/\/i0.wp.com\/www.wolpertingersfc.de\/wp-content\/uploads\/2018\/05\/P1060145-1280x721-768x433.jpg?resize=350%2C200","width":350,"height":200,"srcset":"https:\/\/i0.wp.com\/www.wolpertingersfc.de\/wp-content\/uploads\/2018\/05\/P1060145-1280x721-768x433.jpg?resize=350%2C200 1x, https:\/\/i0.wp.com\/www.wolpertingersfc.de\/wp-content\/uploads\/2018\/05\/P1060145-1280x721-768x433.jpg?resize=525%2C300 1.5x, https:\/\/i0.wp.com\/www.wolpertingersfc.de\/wp-content\/uploads\/2018\/05\/P1060145-1280x721-768x433.jpg?resize=700%2C400 2x"},"classes":[]},{"id":2642,"url":"http:\/\/www.wolpertingersfc.de\/?p=2642","url_meta":{"origin":2034,"position":1},"title":"Wanderung am 6. Januar 2019","author":"Wolpertingersfc","date":"9. Januar 2019","format":false,"excerpt":"Etwa zwanzig Wolpertinger aus den verschiedenen Abteilungen starteten mit der traditionellen Neujahrswanderung am 6. Januar in das Vereinsjahr 2019. Geplanter Treffpunkt war der Parkplatz bei der Druckerei Herrmann in Genkingen. Auf Grund der Wetterlage bzw. des Schneeregens wurde der Startpunkt f\u00fcr die Wanderung kurzerhand n\u00e4her an den Bolberg verlegt, einen\u2026","rel":"","context":"\u00c4hnlicher Beitrag","block_context":{"text":"\u00c4hnlicher Beitrag","link":""},"img":{"alt_text":"","src":"https:\/\/i0.wp.com\/www.wolpertingersfc.de\/wp-content\/uploads\/2019\/01\/20190106_144301-1000x750-e1547065246574-225x300.jpg?resize=350%2C200","width":350,"height":200},"classes":[]},{"id":3026,"url":"http:\/\/www.wolpertingersfc.de\/?p=3026","url_meta":{"origin":2034,"position":2},"title":"Klettertag im Donautal","author":"Wolpertingersfc","date":"21. Juli 2019","format":false,"excerpt":"Eigentlich sollte es am Wochenende in die Allg\u00e4uer Berge gehen. Die Hermann-von-Barth- H\u00fctte war gebucht, Aufstieg vom Lechtal. Aus der Wettervorhersage wurde aber immer deutlicher: das Klettern w\u00fcrde bei 5\u00b0C mit klammen Fingern und akuter Gewittergefahr stattfinden, und das sollte nicht sein. Also suchten wir, Gerold, G\u00fcnter, Hendrik, Sigi und\u2026","rel":"","context":"In &quot;Klettern&quot;","block_context":{"text":"Klettern","link":"http:\/\/www.wolpertingersfc.de\/?cat=13"},"img":{"alt_text":"","src":"https:\/\/i0.wp.com\/www.wolpertingersfc.de\/wp-content\/uploads\/2019\/07\/P1070324-768x1024-225x300.jpg?resize=350%2C200","width":350,"height":200},"classes":[]},{"id":2343,"url":"http:\/\/www.wolpertingersfc.de\/?p=2343","url_meta":{"origin":2034,"position":3},"title":"Unbenannter Beitrag","author":"Wolpertingersfc","date":"23. April 2018","format":false,"excerpt":"","rel":"","context":"In &quot;Klettern&quot;","block_context":{"text":"Klettern","link":"http:\/\/www.wolpertingersfc.de\/?cat=13"},"img":{"alt_text":"","src":"https:\/\/i0.wp.com\/www.wolpertingersfc.de\/wp-content\/uploads\/2018\/04\/Einweihung_Kletterwand.jpg?resize=350%2C200","width":350,"height":200,"srcset":"https:\/\/i0.wp.com\/www.wolpertingersfc.de\/wp-content\/uploads\/2018\/04\/Einweihung_Kletterwand.jpg?resize=350%2C200 1x, https:\/\/i0.wp.com\/www.wolpertingersfc.de\/wp-content\/uploads\/2018\/04\/Einweihung_Kletterwand.jpg?resize=525%2C300 1.5x"},"classes":[]},{"id":3530,"url":"http:\/\/www.wolpertingersfc.de\/?p=3530","url_meta":{"origin":2034,"position":4},"title":"Abseilen vom K\u00e4pfle","author":"Wolpertingersfc","date":"18. Oktober 2022","format":false,"excerpt":"Am Abend des 05. Juli trafen wir uns bei bestem Sommerwetter mit Sigi, unserem Klettertrainer, am K\u00e4pfle. Wir alle waren schon gespannt auf die Herausforderung beim \u201eAbseilen aus gro\u00dfer H\u00f6he\u201c. Auf dem Turm erkl\u00e4rte uns Sigi als erstes die Abseiltechnik. Anschlie\u00dfend baute Sigi die Seile zur Sicherung auf. Nach der\u2026","rel":"","context":"\u00c4hnlicher Beitrag","block_context":{"text":"\u00c4hnlicher Beitrag","link":""},"img":{"alt_text":"","src":"https:\/\/i0.wp.com\/www.wolpertingersfc.de\/wp-content\/uploads\/2022\/10\/20220705_191504-169x300.jpeg?resize=350%2C200","width":350,"height":200},"classes":[]},{"id":2629,"url":"http:\/\/www.wolpertingersfc.de\/?p=2629","url_meta":{"origin":2034,"position":5},"title":"Frohes Fest und guter Rutsch","author":"Siegfried Randecker","date":"17. Dezember 2018","format":false,"excerpt":"Wir w\u00fcnschen allen unseren Mitgliedern, Trainern, \u00dcbungsleitern und Helfern sowie allen Freunden und Bekannten ein frohes Weihnachtsfest und ein erfolgreiches, gl\u00fcckliches, sportlich aktives sowie gesundes Jahr 2019. P\u00fcnktlich zum Schulanfang im Januar 2019 beginnen wir wieder mit unserem bew\u00e4hrten Sportprogramm und w\u00fcrden uns freuen, wenn wir euch\/sie in unserem Verein\u2026","rel":"","context":"\u00c4hnlicher Beitrag","block_context":{"text":"\u00c4hnlicher Beitrag","link":""},"img":{"alt_text":"","src":"https:\/\/i0.wp.com\/www.wolpertingersfc.de\/wp-content\/uploads\/2018\/12\/Weihnachtsbaum-266x300.jpg?resize=350%2C200","width":350,"height":200},"classes":[]}],"_links":{"self":[{"href":"http:\/\/www.wolpertingersfc.de\/index.php?rest_route=\/wp\/v2\/posts\/2034","targetHints":{"allow":["GET"]}}],"collection":[{"href":"http:\/\/www.wolpertingersfc.de\/index.php?rest_route=\/wp\/v2\/posts"}],"about":[{"href":"http:\/\/www.wolpertingersfc.de\/index.php?rest_route=\/wp\/v2\/types\/post"}],"author":[{"embeddable":true,"href":"http:\/\/www.wolpertingersfc.de\/index.php?rest_route=\/wp\/v2\/users\/1"}],"replies":[{"embeddable":true,"href":"http:\/\/www.wolpertingersfc.de\/index.php?rest_route=%2Fwp%2Fv2%2Fcomments&post=2034"}],"version-history":[{"count":10,"href":"http:\/\/www.wolpertingersfc.de\/index.php?rest_route=\/wp\/v2\/posts\/2034\/revisions"}],"predecessor-version":[{"id":2131,"href":"http:\/\/www.wolpertingersfc.de\/index.php?rest_route=\/wp\/v2\/posts\/2034\/revisions\/2131"}],"wp:attachment":[{"href":"http:\/\/www.wolpertingersfc.de\/index.php?rest_route=%2Fwp%2Fv2%2Fmedia&parent=2034"}],"wp:term":[{"taxonomy":"category","embeddable":true,"href":"http:\/\/www.wolpertingersfc.de\/index.php?rest_route=%2Fwp%2Fv2%2Fcategories&post=2034"},{"taxonomy":"post_tag","embeddable":true,"href":"http:\/\/www.wolpertingersfc.de\/index.php?rest_route=%2Fwp%2Fv2%2Ftags&post=2034"}],"curies":[{"name":"wp","href":"https:\/\/api.w.org\/{rel}","templated":true}]}}